{"id":81,"date":"2014-08-28T09:45:51","date_gmt":"2014-08-28T07:45:51","guid":{"rendered":"http:\/\/latourdaiguespourtous.fr\/WordPress3\/?p=81"},"modified":"2021-02-02T14:45:20","modified_gmt":"2021-02-02T13:45:20","slug":"iintercommunalite-a-propos-de-la-reforme-territoriale","status":"publish","type":"post","link":"https:\/\/www.latourpourtous.fr\/index.php\/2014\/08\/28\/iintercommunalite-a-propos-de-la-reforme-territoriale\/","title":{"rendered":"Intercommunalit\u00e9 : \u00e0 propos de la r\u00e9forme territoriale"},"content":{"rendered":"<p><strong>La nouvelle r\u00e9forme territoriale r\u00e9cemment vot\u00e9e au S\u00e9nat donne raison \u00e0 <em>La Tour d&rsquo;Aigues Pour Tous<\/em>\u00a0!<\/strong><\/p>\n<p>En effet nous avions affirm\u00e9 pendant la derni\u00e8re campagne pour les \u00e9lections municipales qu&rsquo;il n&rsquo;y avait pas d&rsquo;avenir pour Cotelub \u00e0 rester isol\u00e9e, compte tenu de sa taille (17.000 habitants ), et que c&rsquo;\u00e9tait une grave faute de la part de messieurs Lovisolo, Fabre, et Aubois, de persister dans cette erreur.<!--more--><\/p>\n<p>Or le texte vot\u00e9 impose que la taille des communaut\u00e9s de communes ne soit pas inf\u00e9rieure \u00e0 20.000 habitants\u00a0! Merci messieurs les s\u00e9nateurs de valider notre clairvoyance\u00a0!!<br \/>\nCotelub n&rsquo;a donc pas d&rsquo;autre choix, comme nous avons \u00e9t\u00e9 les seuls \u00e0 le dire et l&rsquo;\u00e9crire, que de fusionner avec une communaut\u00e9 de communes voisine. Nous avions d&rsquo;ailleurs d\u00e9j\u00e0 engag\u00e9 les discussions avec le Pr\u00e9sident de la Communaut\u00e9 de Communes <em>Les Portes du Luberon<\/em>.<\/p>\n<p>Nous avions affirm\u00e9 qu&rsquo;il \u00e9tait impossible pour nous de rejoindre la CPA tant que la loi sur la M\u00e9tropole contiendrait la perte pour les communes de la ma\u00eetrise du sol (c&rsquo;est \u00e0 dire des permis de construire) et de la ma\u00eetrise de la fiscalit\u00e9 (c&rsquo;est \u00e0 dire des imp\u00f4ts locaux).<br \/>\nLes Maires de la CPA ont exig\u00e9, \u00e0 une \u00e9crasante majorit\u00e9, ces 2 amendements \u00e0 la loi pour accepter leur int\u00e9gration dans la m\u00e9tropole Marseille Provence. Merci messieurs de valider aussi la position d\u00e9fendue par La Tour d&rsquo;Aigues Pour Tous\u00a0!!<\/p>\n<p><strong> Clairvoyance et d\u00e9fense de vos int\u00e9r\u00eats sont bien du c\u00f4t\u00e9 de <span class=\"bleu\"><em>La Tour d&rsquo;Aigues Pour Tous<\/em><\/span>. <\/strong><\/p>\n","protected":false},"excerpt":{"rendered":"<p>La nouvelle r\u00e9forme territoriale r\u00e9cemment vot\u00e9e au S\u00e9nat donne raison \u00e0 La Tour d&rsquo;Aigues Pour Tous\u00a0! En effet nous avions affirm\u00e9 pendant la derni\u00e8re campagne pour les \u00e9lections municipales qu&rsquo;il n&rsquo;y avait pas d&rsquo;avenir pour Cotelub \u00e0 rester isol\u00e9e, compte tenu de sa taille (17.000 habitants ), et que c&rsquo;\u00e9tait une grave faute de la&hellip;&nbsp;<a href=\"https:\/\/www.latourpourtous.fr\/index.php\/2014\/08\/28\/iintercommunalite-a-propos-de-la-reforme-territoriale\/\" rel=\"bookmark\"><span class=\"screen-reader-text\">Intercommunalit\u00e9 : \u00e0 propos de la r\u00e9forme territoriale<\/span><\/a><\/p>\n","protected":false},"author":1,"featured_media":0,"comment_status":"closed","ping_status":"open","sticky":false,"template":"","format":"standard","meta":{"neve_meta_sidebar":"","neve_meta_container":"","neve_meta_enable_content_width":"","neve_meta_content_width":0,"neve_meta_title_alignment":"","neve_meta_author_avatar":"","neve_post_elements_order":"","neve_meta_disable_header":"","neve_meta_disable_footer":"","neve_meta_disable_title":"","footnotes":""},"categories":[2],"tags":[],"class_list":["post-81","post","type-post","status-publish","format-standard","hentry","category-intercommunalite"],"_links":{"self":[{"href":"https:\/\/www.latourpourtous.fr\/index.php\/wp-json\/wp\/v2\/posts\/81","targetHints":{"allow":["GET"]}}],"collection":[{"href":"https:\/\/www.latourpourtous.fr\/index.php\/wp-json\/wp\/v2\/posts"}],"about":[{"href":"https:\/\/www.latourpourtous.fr\/index.php\/wp-json\/wp\/v2\/types\/post"}],"author":[{"embeddable":true,"href":"https:\/\/www.latourpourtous.fr\/index.php\/wp-json\/wp\/v2\/users\/1"}],"replies":[{"embeddable":true,"href":"https:\/\/www.latourpourtous.fr\/index.php\/wp-json\/wp\/v2\/comments?post=81"}],"version-history":[{"count":1,"href":"https:\/\/www.latourpourtous.fr\/index.php\/wp-json\/wp\/v2\/posts\/81\/revisions"}],"predecessor-version":[{"id":1894,"href":"https:\/\/www.latourpourtous.fr\/index.php\/wp-json\/wp\/v2\/posts\/81\/revisions\/1894"}],"wp:attachment":[{"href":"https:\/\/www.latourpourtous.fr\/index.php\/wp-json\/wp\/v2\/media?parent=81"}],"wp:term":[{"taxonomy":"category","embeddable":true,"href":"https:\/\/www.latourpourtous.fr\/index.php\/wp-json\/wp\/v2\/categories?post=81"},{"taxonomy":"post_tag","embeddable":true,"href":"https:\/\/www.latourpourtous.fr\/index.php\/wp-json\/wp\/v2\/tags?post=81"}],"curies":[{"name":"wp","href":"https:\/\/api.w.org\/{rel}","templated":true}]}}