{"id":676,"date":"2017-09-08T17:35:20","date_gmt":"2017-09-08T15:35:20","guid":{"rendered":"http:\/\/latourdaiguespourtous.fr\/?p=676"},"modified":"2021-02-02T14:44:55","modified_gmt":"2021-02-02T13:44:55","slug":"edito-septembre-2017","status":"publish","type":"post","link":"https:\/\/www.latourpourtous.fr\/index.php\/2017\/09\/08\/edito-septembre-2017\/","title":{"rendered":"Edito"},"content":{"rendered":"<p>Chers Amis<br \/>\nAu mois de Juin s&rsquo;est tenue l&rsquo;assembl\u00e9e g\u00e9n\u00e9rale annuelle de l&rsquo;association La Tour Pour Tous toujours vaillante.<br \/>\nEn guise de rapport moral, j&rsquo;ai rappel\u00e9 que les actions men\u00e9es pendant cette ann\u00e9e ne sont que le prolongement de la mission que notre association s&rsquo;est donn\u00e9e \u00e0 son origine: rendre incontournable la d\u00e9mocratie citoyenne qui fait d\u00e9faut dans notre commune, et proposer un mode de gouvernance ouvert et participatif.<br \/>\nAu niveau local, nous sommes ainsi \u00e0 la fois des contr\u00f4leurs de la gestion communale, des lanceurs d&rsquo;alerte, et une force de proposition de solutions d&rsquo;avenir. Nous informons de ces actions tous ceux qui s&rsquo;y int\u00e9ressent par des comptes-rendus, ou des textes r\u00e9guli\u00e8rement actualis\u00e9s, sur le site de l&rsquo;association latourdaiguespourtous.fr. Vous y trouverez des r\u00e9flexions r\u00e9centes \u00e0 propos de l&rsquo;urbanisme et notamment du PADD annon\u00e7ant le PLU, de la culture et du Ch\u00e2teau, sujets sur lesquels, entre autres, nous avons beaucoup travaill\u00e9 et sur lesquels nous d\u00e9non\u00e7ons toujours l&rsquo;absence de commission. Sur le terrain nos 4 \u00e9lus\u00a0 agissent, autant qu&rsquo;ils le peuvent :<\/p>\n<p>Jos\u00e9 Olive suit les questions agricoles et est membre de la commission des travaux (pour autant qu&rsquo;elle se r\u00e9unisse ou qu&rsquo;il y soit invit\u00e9).<br \/>\nLaurence Pyrault si\u00e8ge aux commissions concernant l&rsquo;\u00e9cole\u00a0 et \u00e0 celle des associations ou elle s&rsquo;occupe activement de la section danse d&rsquo;arts et loisirs.<br \/>\nRomain Brette si\u00e8ge \u00e0 Cotelub o\u00f9 il suit les dossiers de la zone du Revol, les dossiers concernant l&rsquo;\u00e9conomie, la communication et les entreprises.<br \/>\nNotre 4\u00e8me \u00e9lue, Emeline Fauvel, \u00e0 la suite de probl\u00e8mes de sant\u00e9 importants a d\u00fb d\u00e9missionner en d\u00e9but d&rsquo;ann\u00e9e apr\u00e8s avoir vaillamment assum\u00e9 ses fonctions de conseill\u00e8re municipale pendant la premi\u00e8re moiti\u00e9 du mandat.<br \/>\nC&rsquo;est Anne-Marie Reynaud, la suivante sur notre liste, qui a pris automatiquement sa place, ce qu&rsquo;elle a accept\u00e9 avec enthousiasme. Anne-Marie est issue d&rsquo;un tr\u00e8s ancienne famille du village qu&rsquo;elle connait donc parfaitement. Elle a accept\u00e9 de si\u00e9ger dans les m\u00eames commissions c&rsquo;est \u00e0 dire celle des finances et celle du Centre Social.<\/p>\n<p>Au niveau de la Politique en g\u00e9n\u00e9ral, nous venons de vivre une ann\u00e9e \u00e9lectorale dont la malheureuse abstention record aux derniers scrutins a traduit une probable lassitude de nos concitoyens. D\u00e8s la premi\u00e8re phase on a pu voir les grands partis traditionnels se d\u00e9consid\u00e9rer par leurs propres primaires. Celles-ci ont paru \u00eatre pour chacun d&rsquo;eux un laboratoire \u00e0 \u00e9changes d&rsquo;id\u00e9es et de projets. Elle ont cependant abouti \u00e0 la s\u00e9lection dans chaque camp des plus intransigeants ou extr\u00eames, rendant les majorit\u00e9s silencieuses d\u00e9pit\u00e9es et les repoussant pour chacune vers un centre plus f\u00e9d\u00e9rateur. Il y a 3 ans, en cr\u00e9ant La Tour d&rsquo;Aigues Pour Tous, nous avions pr\u00e9vu\u00a0 cette d\u00e9saffection \u00e0 l&rsquo;\u00e9gard des \u00e9tiquettes et partis traditionnels. Nous avions choisi d&rsquo;\u00eatre, non pas apolitique, mais sans \u00e9tiquette, chacun \u00e9tant libre de ses opinions au niveau des scrutins nationaux. Nous avons \u00e9t\u00e9 alors, sinon visionnaires, au moins pr\u00e9curseurs en proposant aux Tourains de rassembler les meilleurs d&rsquo;entre nous, qu&rsquo;ils soient de gauche \u2013 mais pas trop \u2013, de droite \u2013 mais pas d&rsquo;extr\u00eame \u2013 ou du centre. Nous pourrions donc demander des droits d&rsquo;auteur car le Pr\u00e9sident Macron a un peu \u00ab\u00a0fait du La Tour Pour Tous\u00a0\u00bb ! On a vu par contre ici dans notre circonscription un nouveau candidat se tromper et faire une campagne trop appuy\u00e9e sur les\u00a0 apparatchiks locaux du PS, et il ne l&rsquo;a pas emport\u00e9. Nous \u00e9tions donc en avance, peut \u00eatre trop, mais tout d\u00e9montre que nous avions choisi la bonne voie, qui semble pr\u00e9valoir aujourd&rsquo;hui. Continuons donc !<br \/>\nBonne rentr\u00e9e \u00e0 tous.<\/p>\n","protected":false},"excerpt":{"rendered":"<p>Chers Amis<br \/>\nAu mois de Juin s&rsquo;est tenue l&rsquo;assembl\u00e9e g\u00e9n\u00e9rale annuelle de l&rsquo;association La Tour Pour Tous toujours vaillante. Les actions men\u00e9es pendant cette ann\u00e9e ne sont que le prolongement de la mission que notre association s&rsquo;est donn\u00e9e \u00e0 son origine: rendre incontournable la d\u00e9mocratie citoyenne qui fait d\u00e9faut dans notre commune, et proposer un mode de gouvernance ouvert et participatif.<\/p>\n","protected":false},"author":1,"featured_media":381,"comment_status":"closed","ping_status":"open","sticky":false,"template":"","format":"standard","meta":{"neve_meta_sidebar":"","neve_meta_container":"","neve_meta_enable_content_width":"","neve_meta_content_width":0,"neve_meta_title_alignment":"","neve_meta_author_avatar":"","neve_post_elements_order":"","neve_meta_disable_header":"","neve_meta_disable_footer":"","neve_meta_disable_title":"","footnotes":""},"categories":[5,1],"tags":[],"class_list":["post-676","post","type-post","status-publish","format-standard","has-post-thumbnail","hentry","category-editos","category-non-classe"],"_links":{"self":[{"href":"https:\/\/www.latourpourtous.fr\/index.php\/wp-json\/wp\/v2\/posts\/676","targetHints":{"allow":["GET"]}}],"collection":[{"href":"https:\/\/www.latourpourtous.fr\/index.php\/wp-json\/wp\/v2\/posts"}],"about":[{"href":"https:\/\/www.latourpourtous.fr\/index.php\/wp-json\/wp\/v2\/types\/post"}],"author":[{"embeddable":true,"href":"https:\/\/www.latourpourtous.fr\/index.php\/wp-json\/wp\/v2\/users\/1"}],"replies":[{"embeddable":true,"href":"https:\/\/www.latourpourtous.fr\/index.php\/wp-json\/wp\/v2\/comments?post=676"}],"version-history":[{"count":1,"href":"https:\/\/www.latourpourtous.fr\/index.php\/wp-json\/wp\/v2\/posts\/676\/revisions"}],"predecessor-version":[{"id":1551,"href":"https:\/\/www.latourpourtous.fr\/index.php\/wp-json\/wp\/v2\/posts\/676\/revisions\/1551"}],"wp:featuredmedia":[{"embeddable":true,"href":"https:\/\/www.latourpourtous.fr\/index.php\/wp-json\/wp\/v2\/media\/381"}],"wp:attachment":[{"href":"https:\/\/www.latourpourtous.fr\/index.php\/wp-json\/wp\/v2\/media?parent=676"}],"wp:term":[{"taxonomy":"category","embeddable":true,"href":"https:\/\/www.latourpourtous.fr\/index.php\/wp-json\/wp\/v2\/categories?post=676"},{"taxonomy":"post_tag","embeddable":true,"href":"https:\/\/www.latourpourtous.fr\/index.php\/wp-json\/wp\/v2\/tags?post=676"}],"curies":[{"name":"wp","href":"https:\/\/api.w.org\/{rel}","templated":true}]}}