{"id":654,"date":"2017-03-31T19:39:46","date_gmt":"2017-03-31T17:39:46","guid":{"rendered":"http:\/\/latourdaiguespourtous.fr\/?p=654"},"modified":"2020-01-02T17:23:48","modified_gmt":"2020-01-02T16:23:48","slug":"654-2","status":"publish","type":"post","link":"https:\/\/www.latourpourtous.fr\/index.php\/2017\/03\/31\/654-2\/","title":{"rendered":"Bilan de mi-mandat"},"content":{"rendered":"<p>Chers Amis,<\/p>\n<p>En ce d\u00e9but de printemps 2017, quoi de neuf \u00e0 La Tour d&rsquo;Aigues ?<\/p>\n<p>Il y aura bien s\u00fbr dans quelques semaines l&rsquo;\u00e9lection pr\u00e9sidentielle, avec le devoir pour chacun d&rsquo;entre nous d&rsquo;aller voter car la d\u00e9mocratie se d\u00e9fend d&rsquo;abord en la respectant et donc en la faisant vivre. A charge pour chacun de le faire en son \u00e2me et conscience, programme contre programme, en essayant de ne pas se laisser abuser par des anath\u00e8mes lanc\u00e9s de part ou d&rsquo;autre.<\/p>\n<p>Sur le plan municipal nous sommes exactement \u00e0 mi-mandat et c&rsquo;est le temps l\u00e9gitime d&rsquo;un premier bilan.<\/p>\n<p>Si l&rsquo;on reprend ce qui \u00e9tait inscrit dans le programme du candidat devenu Maire, 4 r\u00e9alisations ont \u00e9t\u00e9 men\u00e9es \u00e0 leur terme en 3 ans : la r\u00e9novation et requalification de la rue Medvedowsky (attendue depuis plus de 10 ans), la salle d&rsquo;Arts et Loisirs sur le square Guy Lezaud, le changement d&rsquo;une partie des lanternes pour l&rsquo;\u00e9clairage public par des nouveaux \u00e9clairages \u00e0 basse consommation, et les 8 appartements au bas de la rue Antoine de Tr\u00e8s. Ce sont donc seulement ces 4 engagements, au demeurant tr\u00e8s utiles, qui ont \u00e9t\u00e9 tenus et achev\u00e9s \u00e0 ce jour&#8230;<\/p>\n<p>Car les r\u00e9alisations annonc\u00e9es ici ou l\u00e0 m\u00e9langent en effet souvent all\u00e8grement ce qui avait d\u00e9j\u00e0 \u00e9t\u00e9 inaugur\u00e9 auparavant, et avait donc d\u00e9j\u00e0 \u00e9t\u00e9 utilis\u00e9 comme b\u00e9n\u00e9fice de l&rsquo;action pass\u00e9e, et les r\u00e9alisations \u00e0 venir, qui n&rsquo;ont pas encore d\u00e9but\u00e9es mais seront ainsi comptabilis\u00e9es \u00e9galement \u00e0 plusieurs reprises!<\/p>\n<p>Esp\u00e9rons que dans la deuxi\u00e8me moiti\u00e9 de ce mandat le PLU que nous devons avoir reprendra les grands arguments \u00e9labor\u00e9s dans notre programme des derni\u00e8res \u00e9lections:<\/p>\n<p>1\/ Ce que nous avons appel\u00e9 la trame verte et bleue mettant en valeur les espaces verts et parcours sant\u00e9 le long des rives de l&rsquo;Eze et dans le vallon de l&rsquo;Ourgouse, \u00e0 partir d&rsquo;une entr\u00e9e de village paysag\u00e9e et accueillante.<\/p>\n<p>2\/ La reconqu\u00eate des espaces de vie pi\u00e9tonnier dans le centre village au profit des la vie sociale et des commer\u00e7ants de proximit\u00e9: Par la requalification de nos places en espaces de d\u00e9ambulation et de rencontres; par l&rsquo;\u00e9largissement des trottoirs et la g\u00e9n\u00e9ralisation des rues \u00e0 sens unique afin d&rsquo;en diminuer toutes les nuisances (donc avec un \u00abvrai\u00bb plan de circulation); par un grand parking au niveau du stade Garcin, accompagn\u00e9 d&rsquo;espaces verts plut\u00f4t que d&rsquo;une simple densification de l&rsquo;habit\u00e2t.<\/p>\n<p>3\/ La poursuite de l&rsquo;extension de la zone d&rsquo;activit\u00e9 du Revol le long des axes de communication et non plus au niveau du plus beau plateau viticole de la commune.<\/p>\n<p>4\/ La pr\u00e9servation de ces territoires agricoles, de ces paysages et de leurs cabanons, qui sauvegarde notre identit\u00e9 et notre patrimoine et contribue en outre \u00e0 dynamiser le tourisme, deuxi\u00e8me richesse de notre \u00e9conomie.<\/p>\n<p>De notre c\u00f4t\u00e9, nos \u00e9lus d&rsquo;opposition, tr\u00e8s assidus et actifs dans les commissions auxquelles ils participent lorsqu&rsquo;ils y sont convi\u00e9s, sont \u00e0 la disposition des concitoyens qui les sollicitent. Ils n&rsquo;ont h\u00e9las toujours pas pu obtenir de commissions municipales d&rsquo;urbanisme et d&rsquo;appel d&rsquo;offres dont nous restons une de rares communes d\u00e9pourvues.<\/p>\n<p>Bon printemps \u00e0 tous!<\/p>\n","protected":false},"excerpt":{"rendered":"<p>Nous sommes \u00e0 mi-mandat municipal et c&rsquo;est le temps l\u00e9gitime d&rsquo;un premier bilan. Si l&rsquo;on reprend le programme du candidat, seulement 4 actions ont \u00e9t\u00e9 men\u00e9es \u00e0 leur terme en 3 ans. Car les r\u00e9alisations annonc\u00e9es ici ou l\u00e0 m\u00e9langent en effet souvent ce qui avait d\u00e9j\u00e0 \u00e9t\u00e9 inaugur\u00e9 auparavant et les r\u00e9alisations \u00e0 venir, qui n&rsquo;ont pas encore d\u00e9but\u00e9 mais qui seront comptabilis\u00e9es \u00e0 plusieurs reprises, comme toujours!<\/p>\n","protected":false},"author":1,"featured_media":285,"comment_status":"closed","ping_status":"open","sticky":false,"template":"","format":"standard","meta":{"neve_meta_sidebar":"","neve_meta_container":"","neve_meta_enable_content_width":"","neve_meta_content_width":0,"neve_meta_title_alignment":"","neve_meta_author_avatar":"","neve_post_elements_order":"","neve_meta_disable_header":"","neve_meta_disable_footer":"","neve_meta_disable_title":"","footnotes":""},"categories":[5,1],"tags":[],"class_list":["post-654","post","type-post","status-publish","format-standard","has-post-thumbnail","hentry","category-editos","category-non-classe"],"_links":{"self":[{"href":"https:\/\/www.latourpourtous.fr\/index.php\/wp-json\/wp\/v2\/posts\/654","targetHints":{"allow":["GET"]}}],"collection":[{"href":"https:\/\/www.latourpourtous.fr\/index.php\/wp-json\/wp\/v2\/posts"}],"about":[{"href":"https:\/\/www.latourpourtous.fr\/index.php\/wp-json\/wp\/v2\/types\/post"}],"author":[{"embeddable":true,"href":"https:\/\/www.latourpourtous.fr\/index.php\/wp-json\/wp\/v2\/users\/1"}],"replies":[{"embeddable":true,"href":"https:\/\/www.latourpourtous.fr\/index.php\/wp-json\/wp\/v2\/comments?post=654"}],"version-history":[{"count":1,"href":"https:\/\/www.latourpourtous.fr\/index.php\/wp-json\/wp\/v2\/posts\/654\/revisions"}],"predecessor-version":[{"id":1553,"href":"https:\/\/www.latourpourtous.fr\/index.php\/wp-json\/wp\/v2\/posts\/654\/revisions\/1553"}],"wp:featuredmedia":[{"embeddable":true,"href":"https:\/\/www.latourpourtous.fr\/index.php\/wp-json\/wp\/v2\/media\/285"}],"wp:attachment":[{"href":"https:\/\/www.latourpourtous.fr\/index.php\/wp-json\/wp\/v2\/media?parent=654"}],"wp:term":[{"taxonomy":"category","embeddable":true,"href":"https:\/\/www.latourpourtous.fr\/index.php\/wp-json\/wp\/v2\/categories?post=654"},{"taxonomy":"post_tag","embeddable":true,"href":"https:\/\/www.latourpourtous.fr\/index.php\/wp-json\/wp\/v2\/tags?post=654"}],"curies":[{"name":"wp","href":"https:\/\/api.w.org\/{rel}","templated":true}]}}