{"id":648,"date":"2017-03-21T23:37:33","date_gmt":"2017-03-21T22:37:33","guid":{"rendered":"http:\/\/latourdaiguespourtous.fr\/?p=648"},"modified":"2021-02-02T14:45:49","modified_gmt":"2021-02-02T13:45:49","slug":"nos-propositions-pour-le-chateau-nont-pas-change","status":"publish","type":"post","link":"https:\/\/www.latourpourtous.fr\/index.php\/2017\/03\/21\/nos-propositions-pour-le-chateau-nont-pas-change\/","title":{"rendered":"Nos propositions pour le ch\u00e2teau n&rsquo;ont pas chang\u00e9"},"content":{"rendered":"<p><span style=\"font-size: large;\"><img loading=\"lazy\" decoding=\"async\" class=\"size-medium wp-image-381 alignleft\" src=\"localhost:8888\/wp-content\/uploads\/2015\/02\/Panorama_chateau-300x151.jpg\" alt=\"\" width=\"300\" height=\"151\" srcset=\"https:\/\/www.latourpourtous.fr\/wp-content\/uploads\/2015\/02\/Panorama_chateau-300x151.jpg 300w, https:\/\/www.latourpourtous.fr\/wp-content\/uploads\/2015\/02\/Panorama_chateau.jpg 480w\" sizes=\"auto, (max-width: 300px) 100vw, 300px\" \/>Le nouveau Conseil D\u00e9partemental, comme le maire l&rsquo;a indiqu\u00e9 lors du dernier conseil municipal, est pr\u00eat \u00e0 donner \u00e0 la commune une subvention pour la gestion du Ch\u00e2teau lui-m\u00eame ( 107 400 \u20ac), et \u00e0 subventionner les activit\u00e9s culturelles et artistiques (37 000 \u20ac). Un projet de convention liant commune et Conseil D\u00e9partemental a \u00e9t\u00e9 \u00e9tabli dans ce sens. Tant mieux\u00a0!<\/span><\/p>\n<p><span style=\"font-size: large;\">Le maire nous a \u00e9galement dit avoir obtenu en plus le financement du r\u00e9am\u00e9nagement des gradins&#8230; <\/span><\/p>\n<p><span style=\"font-size: large;\">Nous serons tr\u00e8s contents de voir nos propositions, faites il y a plus de 3 ans, enfin retenues ! <\/span><\/p>\n<p><span style=\"font-size: large;\">Nous avons toujours dit que le changement de position des gradins, d\u00e9cid\u00e9 par l&rsquo;ancien Conseil G\u00e9n\u00e9ral, \u00e9tait un mauvais choix et nous avons propos\u00e9 qu&rsquo;on les remette dans ce que nous avons toujours appel\u00e9 le \u00abbon sens\u00bb afin de retrouver le donjon en fond de sc\u00e8ne. Il faut qu&rsquo;ils y restent toute l&rsquo;ann\u00e9e. <\/span><\/p>\n<p><span style=\"font-size: large;\">Nous avons toujours dit que les financements incertains, l\u2019absence de concertation sur le projet culturel et artistique, et pour finir la disparition des conventions avec le Conseil G\u00e9n\u00e9ral avaient \u00e9t\u00e9 des mauvais choix.<\/span><\/p>\n<p><span style=\"font-size: large;\">Nous avons propos\u00e9 de dissocier d\u2019une part la gestion du Ch\u00e2teau lui-m\u00eame : entretien du monument, visites historiques, Mus\u00e9e des Fa\u00efences, et les salaires s\u2019y rattachant, <\/span><span style=\"font-size: large;\">qui sont de la seule comp\u00e9tence du Conseil D\u00e9partemental.<\/span><\/p>\n<p><span style=\"font-size: large;\">Nous avons propos\u00e9 que, d&rsquo; autre part, les activit\u00e9s culturelles et artistiques soient <\/span><span style=\"font-family: 'Times New Roman', serif;\"><span style=\"font-size: large;\">g\u00e9r\u00e9es au niveau de la commune,<\/span><\/span><span style=\"font-family: 'Times New Roman', serif;\"><span style=\"font-size: large;\"> et pourquoi pas aussi de Cotelub (puisque ce qui a lieu au Ch\u00e2teau b\u00e9n\u00e9ficie \u00e0 l&rsquo;ensemble de l&rsquo;intercommunalit\u00e9), en s&rsquo;appuyant sur une ou des associations b\u00e9n\u00e9voles correspondantes. <\/span><\/span><\/p>\n<p><span style=\"font-size: large;\">Nos propositions n&rsquo;ont pas chang\u00e9. Il reste tout de m\u00eame \u00e0 d\u00e9finir un projet culturel digne de ce nom, et de ce site, avec les comp\u00e9tences requises si possible&#8230; Nous serons\u00a0vigilants.<\/span><\/p>\n","protected":false},"excerpt":{"rendered":"<p>Lors du dernier conseil municipal, notre Maire a fait un certain nombre d&rsquo;annonces: sous sommes tr\u00e8s contents de voir nos propositions, faites il y a plus de 3 ans, enfin retenues !<\/p>\n","protected":false},"author":1,"featured_media":0,"comment_status":"closed","ping_status":"open","sticky":false,"template":"","format":"standard","meta":{"neve_meta_sidebar":"","neve_meta_container":"","neve_meta_enable_content_width":"","neve_meta_content_width":0,"neve_meta_title_alignment":"","neve_meta_author_avatar":"","neve_post_elements_order":"","neve_meta_disable_header":"","neve_meta_disable_footer":"","neve_meta_disable_title":"","footnotes":""},"categories":[6,1],"tags":[],"class_list":["post-648","post","type-post","status-publish","format-standard","hentry","category-culture-2","category-non-classe"],"_links":{"self":[{"href":"https:\/\/www.latourpourtous.fr\/index.php\/wp-json\/wp\/v2\/posts\/648","targetHints":{"allow":["GET"]}}],"collection":[{"href":"https:\/\/www.latourpourtous.fr\/index.php\/wp-json\/wp\/v2\/posts"}],"about":[{"href":"https:\/\/www.latourpourtous.fr\/index.php\/wp-json\/wp\/v2\/types\/post"}],"author":[{"embeddable":true,"href":"https:\/\/www.latourpourtous.fr\/index.php\/wp-json\/wp\/v2\/users\/1"}],"replies":[{"embeddable":true,"href":"https:\/\/www.latourpourtous.fr\/index.php\/wp-json\/wp\/v2\/comments?post=648"}],"version-history":[{"count":2,"href":"https:\/\/www.latourpourtous.fr\/index.php\/wp-json\/wp\/v2\/posts\/648\/revisions"}],"predecessor-version":[{"id":1669,"href":"https:\/\/www.latourpourtous.fr\/index.php\/wp-json\/wp\/v2\/posts\/648\/revisions\/1669"}],"wp:attachment":[{"href":"https:\/\/www.latourpourtous.fr\/index.php\/wp-json\/wp\/v2\/media?parent=648"}],"wp:term":[{"taxonomy":"category","embeddable":true,"href":"https:\/\/www.latourpourtous.fr\/index.php\/wp-json\/wp\/v2\/categories?post=648"},{"taxonomy":"post_tag","embeddable":true,"href":"https:\/\/www.latourpourtous.fr\/index.php\/wp-json\/wp\/v2\/tags?post=648"}],"curies":[{"name":"wp","href":"https:\/\/api.w.org\/{rel}","templated":true}]}}