{"id":600,"date":"2016-11-08T16:26:56","date_gmt":"2016-11-08T15:26:56","guid":{"rendered":"http:\/\/latourdaiguespourtous.fr\/?p=600"},"modified":"2020-01-02T17:23:48","modified_gmt":"2020-01-02T16:23:48","slug":"a-propos-des-migrants","status":"publish","type":"post","link":"https:\/\/www.latourpourtous.fr\/index.php\/2016\/11\/08\/a-propos-des-migrants\/","title":{"rendered":"A PROPOS DES \u00ab\u00a0MIGRANTS\u00a0\u00bb"},"content":{"rendered":"<p>Il est habituel de voir &#8211; surtout lorsque la prise de risque est nulle, mais l&rsquo;int\u00e9r\u00eat politicien bien pr\u00e9sent &#8211; les esprits s&rsquo;\u00e9chauffer et crier bien fort sur nos places et nos trottoirs ; x\u00e9nophobes et racistes de tous poils d&rsquo;un c\u00f4t\u00e9, donneurs de le\u00e7ons de l&rsquo;autre\u00a0!<!--more--><br \/>\nAinsi, dans notre village, on a r\u00e9cemment vu le FN de Mlle Mar\u00e9chal Le Pen faire face aux \u00e9lus du PS qui l&rsquo;ont sciemment, et volontairement, fait \u00e9lire il y a 4 ans aux l\u00e9gislatives de Carpentras en se maintenant au deuxi\u00e8me tour, parce que \u00e7a les arrangeait\u00a0!<br \/>\nC&rsquo;\u00e9tait \u00ab\u00a0retenez-moi ou je fais un malheur\u00a0!\u00a0\u00bb \u00a0des deux c\u00f4t\u00e9s qui, pour cela, s&rsquo;entendent comme larrons en foire&#8230;<br \/>\nEn dehors de ce grand d\u00e9ballement m\u00e9diatis\u00e9, il y en a heureusement d&rsquo;autres qui agissent dans la discr\u00e9tion et sans se faire remarquer, selon leur conviction ( par exemple l&rsquo;association P.Valdo pour Grambois).<\/p>\n<p>En fait, que signifie ce terme de \u00ab\u00a0migrants\u00a0\u00bb\u00a0? \u00a0Ceux qui poussent des cris d&rsquo;orfraie, comme ceux qui s&rsquo;en servent \u00e0 dessein, le savent-ils\u00a0eux-m\u00eames\u00a0?<\/p>\n<p>En r\u00e9alit\u00e9 on m\u00e9lange ici trois groupes de populations totalement diff\u00e9rentes.<\/p>\n<p>Il y a d&rsquo;abord des r\u00e9fugi\u00e9s politiques, de guerre ou d&rsquo;opinion, pourchass\u00e9s, martyris\u00e9s, tortur\u00e9s parfois&#8230;J&rsquo;en suis personnellement un descendant.<br \/>\nCe sont par exemple les Juifs, de tout temps, les Arm\u00e9niens en 1920, les Espagnols en 1936, les Vietnamiens dans les ann\u00e9es 1970, les Africains plus r\u00e9cemment et les Chr\u00e9tiens d&rsquo;Orient aujourd&rsquo;hui.<br \/>\nLeur porter assistance et, si possible, les accueillir est d&rsquo;abord un droit, le droit d&rsquo;asile, internationalement adopt\u00e9. C&rsquo;est aussi pour certains un devoir, quelle que soit par ailleurs notre situation, et pour ma part porte et maison ont \u00e9t\u00e9 et seront toujours ouvertes pour eux. Certains ne souhaitent d&rsquo;ailleurs parfois qu&rsquo;\u00eatre transitoirement sur notre sol.<br \/>\nDans ma famille, comme dans beaucoup d&rsquo;autres, il en est qui ont perdu la vie pour \u00e7a\u00a0; ce n&rsquo;est pas toujours le cas de beaucoup de donneurs de le\u00e7ons d&rsquo;aujourd&rsquo;hui&#8230;<\/p>\n<p>Il y a ensuite les migrants \u00e9conomiques qui fuient la mis\u00e8re, la famine, les pays d\u00e9vast\u00e9s par les catastrophes ou la guerre, pour rejoindre les pays riches dont nous faisons partie que nous le voulions ou pas.<br \/>\nC&rsquo;\u00e9taient les Irlandais au 19\u00b0 si\u00e8cle vers les Etats Unis, les Polonais et les Italiens vers chez nous au d\u00e9but du 20\u00b0 si\u00e8cle, les\u00a0Africains plus tard et les immigr\u00e9s\u00a0du Proche-Orient maintenant. Ce sont ceux \u00e0 propos desquels Michel Rocard disait que la France ne peut accueillir tout la mis\u00e8re du monde&#8230;.mais peut en prendre sa part\u00a0!<br \/>\nCette immigration, \u00e9ternelle, qui a \u00e9t\u00e9 et qui peut \u00eatre pour ceux qui la re\u00e7oivent une richesse future est devenue aujourd&rsquo;hui, il faut le reconna\u00eetre, d&rsquo;abord une charge. Elle n&rsquo;est pas du domaine individuel mais du ressort de la Nation, et donc de l&rsquo;Etat et de son gouvernement qui doivent d\u00e9finir quels sont nos capacit\u00e9s et nos moyens pour le faire, et le faire dignement, et donc en fixer d&rsquo;abord les limites. A charge pour lui de les faire respecter\u00a0; c&rsquo;est un probl\u00e8me d&rsquo;organisation et de gestion politique\u00a0: accords avec les pays d&rsquo;origine, lutte contre les fili\u00e8res de passeurs&#8230;<br \/>\nDans ce groupe beaucoup ne sont d&rsquo;ailleurs que de passage\u00a0et souhaitent en fait se rendre dans un autre pays ( Angleterre notamment).<br \/>\nIl faut,\u00a0pour ceux qui voudraient rester, d\u00e9finir clairement les conditions de r\u00e9gularisation et d&rsquo;int\u00e9gration, et les faire appliquer et respecter sous peine de reconduite au point de d\u00e9part.<br \/>\nOn ne peut pas dire que cela ait \u00e9t\u00e9\u00a0fait de mani\u00e8re tr\u00e8s brillante ces derni\u00e8res ann\u00e9es!<\/p>\n<p>Il y a enfin les clandestins aux motifs illicites, trafiquants en tous genre, ou pros\u00e9lytes de politiques d\u00e9stabilisatrices affirm\u00e9es, voire combattants d&rsquo;une soi-disant guerre de religion (djihad), dont certains sont d&rsquo;ailleurs d\u00e9j\u00e0 fich\u00e9s par les services de Police. Ceux-ci se cachent en outre, parfois, parmi les pr\u00e9c\u00e9dents.<br \/>\nIls ne faut bien s\u00fbr pas les accepter ni m\u00eame les tol\u00e9rer pour des raisons \u00e0 la fois s\u00e9curitaires, politiques et \u00e9conomiques.<br \/>\nIls sont du ressort de la police et de la justice\u00a0: incarc\u00e9ration, reconduite imm\u00e9diate aux fronti\u00e8res. Il faut l\u00e0 encore plus de volont\u00e9 politique, \u00e0 l&rsquo;\u00e9chelle des nations et surtout de l&rsquo;Europe\u00a0pour assurer le respect de l&rsquo;\u00e9tat de droit et de nos fronti\u00e8res.<\/p>\n<p>Pour revenir \u00e0 nos villages de France, point n&rsquo;est donc besoin d&rsquo;aller manifester dans les rues\u00a0:<br \/>\nL&rsquo;accueil des r\u00e9fugi\u00e9s pourchass\u00e9s est un droit, et un devoir pour\u00a0chacun d&rsquo;entre nous.<br \/>\nLes r\u00e9fugi\u00e9s \u00e9conomiques en transit, qu&rsquo;ils soient de passage ou en voie de r\u00e9gularisation si ils y sont admissibles, apr\u00e8s tous les contr\u00f4les d&rsquo;identification et de s\u00e9curit\u00e9 indispensables, peuvent \u00eatre accueillis, sous r\u00e9serve que les possibilit\u00e9s existent et les conditions requises soient assur\u00e9es, toujours avec l&rsquo;accord du Maire et de son Conseil Municipal.<br \/>\nQuant aux ill\u00e9gaux, c&rsquo;est aux forces de l&rsquo;ordre, Police, Gendarmerie et \u00e0 la Justice d&rsquo;en r\u00e9gler le sort.<\/p>\n<p>Antoine MEDVEDOWSKY<\/p>\n<p>Lire \u00e0 ces sujets\u00a0:<br \/>\n<a href=\"http:\/\/www.lexpress.fr\/actualite\/politique\/comment-le-ps-du-vaucluse-a-sciemment-fait-elire-marion-marechal-le-pen_1252620.html\" target=\"_blank\" rel=\"noopener\">http:\/\/www.lexpress.fr\/actualite\/politique:comment le ps du Vaucluse a sciemment fait \u00e9lire Marion Mar\u00e9chal Le Pen \u2013 28-05-2013<\/a><br \/>\n<a href=\"https:\/\/abonnes.nouvelobs.com\/societe\/20161031.OBS0572\/gilles-kepel-les-islamo-gauchistes-ces-charlatans.html\" target=\"_blank\" rel=\"noopener\">https:\/\/abonnes.nouvelobs.com\/societe\/20161031.OBS0572\/gilles-kepel-les-islamo-gauchistes-ces-charlatans.html<\/a><\/p>\n","protected":false},"excerpt":{"rendered":"<p>Il est habituel de voir &#8211; surtout lorsque la prise de risque est nulle, mais l&rsquo;int\u00e9r\u00eat politicien bien pr\u00e9sent &#8211; les esprits s&rsquo;\u00e9chauffer et crier bien fort sur nos places et nos trottoirs ; x\u00e9nophobes et racistes de tous poils d&rsquo;un c\u00f4t\u00e9, donneurs de le\u00e7ons de l&rsquo;autre\u00a0!<\/p>\n","protected":false},"author":1,"featured_media":0,"comment_status":"closed","ping_status":"open","sticky":false,"template":"","format":"standard","meta":{"neve_meta_sidebar":"","neve_meta_container":"","neve_meta_enable_content_width":"","neve_meta_content_width":0,"neve_meta_title_alignment":"","neve_meta_author_avatar":"","neve_post_elements_order":"","neve_meta_disable_header":"","neve_meta_disable_footer":"","neve_meta_disable_title":"","footnotes":""},"categories":[5,1],"tags":[],"class_list":["post-600","post","type-post","status-publish","format-standard","hentry","category-editos","category-non-classe"],"_links":{"self":[{"href":"https:\/\/www.latourpourtous.fr\/index.php\/wp-json\/wp\/v2\/posts\/600","targetHints":{"allow":["GET"]}}],"collection":[{"href":"https:\/\/www.latourpourtous.fr\/index.php\/wp-json\/wp\/v2\/posts"}],"about":[{"href":"https:\/\/www.latourpourtous.fr\/index.php\/wp-json\/wp\/v2\/types\/post"}],"author":[{"embeddable":true,"href":"https:\/\/www.latourpourtous.fr\/index.php\/wp-json\/wp\/v2\/users\/1"}],"replies":[{"embeddable":true,"href":"https:\/\/www.latourpourtous.fr\/index.php\/wp-json\/wp\/v2\/comments?post=600"}],"version-history":[{"count":1,"href":"https:\/\/www.latourpourtous.fr\/index.php\/wp-json\/wp\/v2\/posts\/600\/revisions"}],"predecessor-version":[{"id":1557,"href":"https:\/\/www.latourpourtous.fr\/index.php\/wp-json\/wp\/v2\/posts\/600\/revisions\/1557"}],"wp:attachment":[{"href":"https:\/\/www.latourpourtous.fr\/index.php\/wp-json\/wp\/v2\/media?parent=600"}],"wp:term":[{"taxonomy":"category","embeddable":true,"href":"https:\/\/www.latourpourtous.fr\/index.php\/wp-json\/wp\/v2\/categories?post=600"},{"taxonomy":"post_tag","embeddable":true,"href":"https:\/\/www.latourpourtous.fr\/index.php\/wp-json\/wp\/v2\/tags?post=600"}],"curies":[{"name":"wp","href":"https:\/\/api.w.org\/{rel}","templated":true}]}}