{"id":594,"date":"2016-08-16T11:33:03","date_gmt":"2016-08-16T09:33:03","guid":{"rendered":"http:\/\/latourdaiguespourtous.fr\/?p=594"},"modified":"2020-01-02T10:39:58","modified_gmt":"2020-01-02T09:39:58","slug":"edito-2","status":"publish","type":"post","link":"https:\/\/www.latourpourtous.fr\/index.php\/2016\/08\/16\/edito-2\/","title":{"rendered":"A propos de la page de l&rsquo;opposition dans le Fil de l&rsquo;Eze de juin 2016"},"content":{"rendered":"<p>Nous rappelons le r\u00e9dacteur en chef du bulletin municipal \u00e0 ses obligations d\u00e9ontologiques :<\/p>\n<p>Les mentions \u00absic \u00bb (car, qui a \u00e9crit : \u00bbsic \u00bb entre parenth\u00e8ses dans les articles de l&rsquo;opposition, sinon le r\u00e9dacteur en chef du fil de l\u2019Eze ?) dans la tribune de l\u2019opposition sont une immiscion anormale. Nous consid\u00e9rons que chaque \u00ab sic \u00bb doit \u00eatre consid\u00e9r\u00e9 comme un commentaire de la majorit\u00e9 dans les colonnes qui sont r\u00e9serv\u00e9es \u00e0 l\u2019opposition, ce qui est parfaitement ill\u00e9gal. Cette intrusion est inacceptable du point de vue l\u00e9gal, et aussi d\u00e9testable du point de vue d\u00e9ontologique : qui pourrait accepter d\u2019\u00eatre moqu\u00e9 ainsi sans pouvoir r\u00e9pondre ?<\/p>\n<p>Au petit jeu des \u00ab sic \u00bb, nous avons trouv\u00e9, nous aussi, des erreurs dans le mot de la majorit\u00e9. Au hasard : \u00ab\u00a0beaucoup nous envie (sic) un tel budget \u00bb.<br \/>\nMessieurs, balayez devant votre porte !<\/p>\n<p>La r\u00e9ponse, sur la m\u00eame page, de la majorit\u00e9 aux articles de l\u2019opposition, est ill\u00e9gale. C\u2019est pourtant ce que fait la majorit\u00e9 en r\u00e9pondant dans sa tribune \u00e0 l\u2019article de Robert Reynier, d\u2019une part, et en \u00e9non\u00e7ant une contre-v\u00e9rit\u00e9 concernant La Tour d\u2019Aigu\u00ebs pour Tous d\u2019autre part. En effet LTPT n\u2019a jamais soutenu les \u00ab messages \u00e9hont\u00e9s \u00bbde VDA Nature.<\/p>\n<p>Le d\u00e9bat d\u00e9mocratique ne peut souffrir de telles entorses \u00e0 la d\u00e9mocratie. Vivons-nous dans une commune totalitaire o\u00f9 le pouvoir en place ne tol\u00e8re pas la contestation ?<\/p>\n<p><em><strong>Nous demandons ce droit de r\u00e9ponse dans le prochain Fil de l\u2019eze, avec une visibilit\u00e9 suffisante pour couper court \u00e0 ces proc\u00e9d\u00e9s. Nous pouvons \u00e9galement en r\u00e9f\u00e9rer au tribunal administratif, si gain de cause ne nous est pas donn\u00e9.<\/strong><\/em><\/p>\n<p><span style=\"color: #ff0000;\"><em>Suite \u00e0 la protestation port\u00e9e par nos \u00e9lus, \u00a0la r\u00e9daction\u00a0du fil de l&rsquo;Eze a, depuis, pr\u00e9sent\u00e9 ses excuses pour les \u00ab\u00a0rajouts inopportuns\u00a0\u00bb d\u00e9nonc\u00e9s dans cet article.\u00a0<\/em><\/span><br \/>\n<span style=\"color: #ff0000;\"> <em>Dont acte.\u00a0<\/em><\/span><\/p>\n<p>&nbsp;<\/p>\n","protected":false},"excerpt":{"rendered":"<p>Nous rappelons le r\u00e9dacteur en chef du bulletin municipal \u00e0 ses obligations d\u00e9ontologiques: il n&rsquo;est pas admissible de modifier \u00e0 notre insu nos textes \u00e0 para\u00eetre dans \u00ab\u00a0Le fil de l&rsquo;Eze\u00a0\u00bb ni d&rsquo;y r\u00e9pondre dans la partie de la page r\u00e9serv\u00e9e \u00e0 la majorit\u00e9 municipale.<\/p>\n","protected":false},"author":1,"featured_media":0,"comment_status":"closed","ping_status":"open","sticky":false,"template":"","format":"standard","meta":{"neve_meta_sidebar":"","neve_meta_container":"","neve_meta_enable_content_width":"","neve_meta_content_width":0,"neve_meta_title_alignment":"","neve_meta_author_avatar":"","neve_post_elements_order":"","neve_meta_disable_header":"","neve_meta_disable_footer":"","neve_meta_disable_title":"","footnotes":""},"categories":[1,3],"tags":[],"class_list":["post-594","post","type-post","status-publish","format-standard","hentry","category-non-classe","category-vie-municipale"],"_links":{"self":[{"href":"https:\/\/www.latourpourtous.fr\/index.php\/wp-json\/wp\/v2\/posts\/594","targetHints":{"allow":["GET"]}}],"collection":[{"href":"https:\/\/www.latourpourtous.fr\/index.php\/wp-json\/wp\/v2\/posts"}],"about":[{"href":"https:\/\/www.latourpourtous.fr\/index.php\/wp-json\/wp\/v2\/types\/post"}],"author":[{"embeddable":true,"href":"https:\/\/www.latourpourtous.fr\/index.php\/wp-json\/wp\/v2\/users\/1"}],"replies":[{"embeddable":true,"href":"https:\/\/www.latourpourtous.fr\/index.php\/wp-json\/wp\/v2\/comments?post=594"}],"version-history":[{"count":1,"href":"https:\/\/www.latourpourtous.fr\/index.php\/wp-json\/wp\/v2\/posts\/594\/revisions"}],"predecessor-version":[{"id":1558,"href":"https:\/\/www.latourpourtous.fr\/index.php\/wp-json\/wp\/v2\/posts\/594\/revisions\/1558"}],"wp:attachment":[{"href":"https:\/\/www.latourpourtous.fr\/index.php\/wp-json\/wp\/v2\/media?parent=594"}],"wp:term":[{"taxonomy":"category","embeddable":true,"href":"https:\/\/www.latourpourtous.fr\/index.php\/wp-json\/wp\/v2\/categories?post=594"},{"taxonomy":"post_tag","embeddable":true,"href":"https:\/\/www.latourpourtous.fr\/index.php\/wp-json\/wp\/v2\/tags?post=594"}],"curies":[{"name":"wp","href":"https:\/\/api.w.org\/{rel}","templated":true}]}}