{"id":586,"date":"2016-07-17T17:40:34","date_gmt":"2016-07-17T15:40:34","guid":{"rendered":"http:\/\/latourdaiguespourtous.fr\/?p=586"},"modified":"2016-07-17T17:40:34","modified_gmt":"2016-07-17T15:40:34","slug":"assemblee-generale-10-juin-2016-rapport-moral","status":"publish","type":"post","link":"https:\/\/www.latourpourtous.fr\/index.php\/2016\/07\/17\/assemblee-generale-10-juin-2016-rapport-moral\/","title":{"rendered":"Assembl\u00e9e g\u00e9n\u00e9rale 10 juin 2016 &#8211; Rapport moral"},"content":{"rendered":"<p><span style=\"font-size: large;\">Chers Amis,<\/span><\/p>\n<p><span style=\"font-size: large;\">Merci \u00e0 tous d&rsquo;\u00eatre venus, c&rsquo;est toujours un plaisir de se r\u00e9unir presque en famille car La Tour Pour Tous en est une, pour certains d&rsquo;entre nous en tout cas.<\/span><\/p>\n<p><span style=\"font-size: large;\">En guise de rapport moral, je rappellerai que les actions men\u00e9es pendant cette ann\u00e9e ne sont que le prolongement de la mission que notre association s&rsquo;est donn\u00e9e \u00e0 son origine et que je rappelle dans le dernier \u00e9ditorial de notre site internet. Il s&rsquo;agit, apr\u00e8s l&rsquo;avoir impos\u00e9, de rendre incontournable la d\u00e9mocratie citoyenne dans notre commune pour qu&rsquo;elle remplace un jour le r\u00e9gime de clan qui pr\u00e9vaut.<\/span><!--more--><\/p>\n<p><span style=\"font-size: large;\">Pour cela\u00a0:<\/span><\/p>\n<p><span style=\"font-size: large;\">1\/ Nous continuons \u00e0 aider nos 4 \u00e9lus \u00e0 remplir leur mission du mieux possible comme ils le font depuis deux ans.<\/span><\/p>\n<p><span style=\"font-size: large;\">2\/ Nous poursuivons notre r\u00f4le de vigilance et de lanceur d&rsquo;alertes sur les affaires de la commune\u00a0: Par la pr\u00e9sence syst\u00e9matique d&rsquo;un ou plusieurs d&rsquo;entre nous aux conseils municipaux et si possible intercommunaux.<\/span><\/p>\n<p><span style=\"font-size: large;\">Par l&rsquo;\u00e9tude des compte rendus des AG de r\u00e9unions diverses ou de dossiers communaux ou intercommunaux importants lorsqu&rsquo;ils nous communiqu\u00e9s par les \u00e9lus.<\/span><\/p>\n<p><span style=\"font-size: large;\">3\/ Nous continuons \u00e0 faire fonctionner notre cercle de r\u00e9flexions pour maintenant, et de propositions pour le futur, par nos r\u00e9unions mensuelles de bureau \u00e9largi.<\/span><\/p>\n<p><span style=\"font-size: large;\">Un compte rendu, ou des textes r\u00e9guli\u00e8rement actualis\u00e9s, sur le site de l&rsquo;association latourpourtous.fr., vous font part de ces actions.<\/span><\/p>\n<p><span style=\"font-size: large;\">Ainsi ce mois-ci, vous trouverez des r\u00e9flexions \u00e0 propos de l&rsquo;urbanisme, du tourisme, de Vitifruits, de la d\u00e9chetterie, et sur le th\u00e8me loisirs-sports -jeunesse.<\/span><\/p>\n<p><span style=\"font-size: large;\">4\/ Enfin, certains membres du bureau sont aussi actifs par leur investissement dans d&rsquo;autres associations ce qui permet, outre l&rsquo;action elle m\u00eame, de faire partager certaines de nos id\u00e9es et de retirer des informations utiles\u00a0: Francine avec Dyonisos et le Salon des vins et de la Gastronomie, Claudette au Conseil d&rsquo;Administration de Val d&rsquo;Eze, Jean Paul \u00e0 l&rsquo;Office du Tourisme, Christian \u00e0 la Pr\u00e9sidence du CIQ du Vallon de l&rsquo;Ourgouse, moi m\u00eame au Conseil d&rsquo;Administration de La Ferrage.<\/span><\/p>\n<p><span style=\"font-size: large;\">\u00c7a c&rsquo;est l&rsquo;association.<\/span><\/p>\n<p><span style=\"font-size: large;\">Sur le terrain lui m\u00eame ce sont nos 4 \u00e9lus qui agissent, autant qu&rsquo;ils le peuvent\u00a0:<\/span><\/p>\n<ul>\n<li><span style=\"font-size: large;\">Romain si\u00e8ge \u00e0 Cotelub o\u00f9 il suit les dossiers de la zone du Revol, les dossiers concernant l&rsquo;\u00e9conomie et la communication de Cotelub et des entreprises. Il a aussi particip\u00e9 avec Laurence, \u00e0 leur demande, \u00e0 la commission d&rsquo;attribution des logements sociaux. ( On pourra en reparler car je pense qu&rsquo;il y aura des questions et nous avons au moins un questionnement soulev\u00e9 ces jours ci, celui de l&rsquo;annonce sur le bon coin de la vente d&rsquo;une des villas et de la location d&rsquo;un des appartements\u00a0: ne devait il pas s&rsquo;agir d&rsquo;un programme d&rsquo;aide \u00e0 l&rsquo;accession \u00e0 la propri\u00e9t\u00e9 ou \u00e0 la location\u00a0??).<\/span><\/li>\n<li><span style=\"font-size: large;\">Laurence si\u00e8ge par ailleurs aux commissions concernant l&rsquo;\u00e9cole et \u00e0 celle des associations\u00a0; elle y a tiss\u00e9 des liens de bonne entente ou bonne intelligence avec les \u00e9lus responsables et trouve sur ces 2 commissions des points convergents avec sa fa\u00e7on de voir les choses\u00a0; je pense qu&rsquo;il peut effectivement y avoir des sujets non conflictuels dans la gestion d&rsquo;une commune, d&rsquo;un d\u00e9partement ou d&rsquo;une r\u00e9gion. Du coup il y a eu certaines suggestions de leurs parts aupr\u00e8s d&rsquo;elle mais elle a souhait\u00e9 garder son ind\u00e9pendance et son appartenance \u00e0 notre groupe et le leur a dit. Elle s&rsquo;occupe par ailleurs activement de la section danse d&rsquo;arts et loisirs et notamment de l&rsquo;organisation du Gala d&rsquo; ou son absence ce soir.<\/span><\/li>\n<li><span style=\"font-size: large;\">Emeline suit les dossiers difficiles de la commission des finances, et ceux du Centre Social. Elle a d&rsquo;ailleurs eu r\u00e9cemment une action pr\u00e9cise, et remarqu\u00e9e par tous, au niveau de la pr\u00e9sentation du budget. <\/span><\/li>\n<\/ul>\n<p><span style=\"font-size: large;\">( A l&rsquo;occasion je rappelle qu&rsquo;il est un principe \u00e0 ce sujet, c&rsquo;est que le budget \u00e9tant le financement du programme du groupe de la majorit\u00e9, qui est par d\u00e9finition diff\u00e9rent de celui de l&rsquo;opposition, celle-ci ne peut pas voter ce budget, m\u00eame si elle n&rsquo;est pas contre tout et que certains points d&rsquo;accord, voire plusieurs existent, et il est donc normal qu&rsquo;elle vote contre ou au moins s&rsquo;abstienne).<\/span><\/p>\n<ul>\n<li><span style=\"font-size: large;\">Enfin Guigui suit les questions agricoles, le dossier Vitifruits par exemple, et d&rsquo;autres, et est membre de la commission des travaux (pour autant qu&rsquo;elle se r\u00e9unisse ou qu&rsquo;il y soit invit\u00e9 mais il r\u00e9pondra \u00e9galement lui m\u00eame s&rsquo;il y a des questions).<\/span><\/li>\n<\/ul>\n<p><span style=\"font-size: large;\">Aujourd&rsquo;hui le premier 1\/3 du mandat est fini. Sur la somme des promesses faites par le candidat \u00e9lu seules 3 sont tenues: la fin du programme du lotissement du Parc (mais \u00e7a allait de soi!), les jardins familiaux \u00e0 St Roch et la r\u00e9habilitation de la Rue Medvedowsky. Nous n&rsquo;avons pas de griefs particuliers sur les 2 premi\u00e8res r\u00e9alisations, pour la troisi\u00e8me, on peut vraiment regretter que nos id\u00e9es n&rsquo;aient pas \u00e9t\u00e9 reprises jusqu&rsquo;au bout sur l&rsquo;am\u00e9nagement des surfaces.<\/span><\/p>\n<p><span style=\"font-size: large;\">Au total, avec 4 \u00e9lus sur 27, aussi volontaires et talentueux soient ils, nous n&rsquo;avons pas le pouvoir de faire plus. Si la majorit\u00e9 veut reprendre certaines de nos id\u00e9es et propositions tant mieux nous participerons \u00e0 leurs mises en \u0153uvre. Sinon tant pis, et leurs actions seront jug\u00e9s dans 4 ans. <\/span><\/p>\n<p><span style=\"font-size: large;\">D&rsquo;ici l\u00e0 aidez nous \u00e0 faire vivre cette association La Tour Pour Tous, d\u00eetes vous bien qu&rsquo;elle est la seule base existante et possible pour une future alternance.<\/span><\/p>\n<p><span style=\"font-size: large;\">Merci \u00e0 tous.<\/span><\/p>\n<p>Antoine Medvedowsky, Pr\u00e9sident<\/p>\n","protected":false},"excerpt":{"rendered":"<p>Chers Amis, Merci \u00e0 tous d&rsquo;\u00eatre venus, c&rsquo;est toujours un plaisir de se r\u00e9unir presque en famille car La Tour Pour Tous en est une, pour certains d&rsquo;entre nous en tout cas. En guise de rapport moral, je rappellerai que les actions men\u00e9es pendant cette ann\u00e9e ne sont que le prolongement de la mission que&hellip;&nbsp;<a href=\"https:\/\/www.latourpourtous.fr\/index.php\/2016\/07\/17\/assemblee-generale-10-juin-2016-rapport-moral\/\" rel=\"bookmark\"><span class=\"screen-reader-text\">Assembl\u00e9e g\u00e9n\u00e9rale 10 juin 2016 &#8211; Rapport moral<\/span><\/a><\/p>\n","protected":false},"author":1,"featured_media":0,"comment_status":"closed","ping_status":"open","sticky":false,"template":"","format":"standard","meta":{"neve_meta_sidebar":"","neve_meta_container":"","neve_meta_enable_content_width":"","neve_meta_content_width":0,"neve_meta_title_alignment":"","neve_meta_author_avatar":"","neve_post_elements_order":"","neve_meta_disable_header":"","neve_meta_disable_footer":"","neve_meta_disable_title":"","footnotes":""},"categories":[9],"tags":[],"class_list":["post-586","post","type-post","status-publish","format-standard","hentry","category-vie-de-lassociation"],"_links":{"self":[{"href":"https:\/\/www.latourpourtous.fr\/index.php\/wp-json\/wp\/v2\/posts\/586","targetHints":{"allow":["GET"]}}],"collection":[{"href":"https:\/\/www.latourpourtous.fr\/index.php\/wp-json\/wp\/v2\/posts"}],"about":[{"href":"https:\/\/www.latourpourtous.fr\/index.php\/wp-json\/wp\/v2\/types\/post"}],"author":[{"embeddable":true,"href":"https:\/\/www.latourpourtous.fr\/index.php\/wp-json\/wp\/v2\/users\/1"}],"replies":[{"embeddable":true,"href":"https:\/\/www.latourpourtous.fr\/index.php\/wp-json\/wp\/v2\/comments?post=586"}],"version-history":[{"count":0,"href":"https:\/\/www.latourpourtous.fr\/index.php\/wp-json\/wp\/v2\/posts\/586\/revisions"}],"wp:attachment":[{"href":"https:\/\/www.latourpourtous.fr\/index.php\/wp-json\/wp\/v2\/media?parent=586"}],"wp:term":[{"taxonomy":"category","embeddable":true,"href":"https:\/\/www.latourpourtous.fr\/index.php\/wp-json\/wp\/v2\/categories?post=586"},{"taxonomy":"post_tag","embeddable":true,"href":"https:\/\/www.latourpourtous.fr\/index.php\/wp-json\/wp\/v2\/tags?post=586"}],"curies":[{"name":"wp","href":"https:\/\/api.w.org\/{rel}","templated":true}]}}