{"id":584,"date":"2016-07-17T17:50:01","date_gmt":"2016-07-17T15:50:01","guid":{"rendered":"http:\/\/latourdaiguespourtous.fr\/?p=584"},"modified":"2021-02-02T14:44:55","modified_gmt":"2021-02-02T13:44:55","slug":"compte-rendu-assemblee-generale-ordinaire-10-juin-2016","status":"publish","type":"post","link":"https:\/\/www.latourpourtous.fr\/index.php\/2016\/07\/17\/compte-rendu-assemblee-generale-ordinaire-10-juin-2016\/","title":{"rendered":"Compte-rendu Assembl\u00e9e g\u00e9n\u00e9rale ordinaire 10 juin 2016"},"content":{"rendered":"<p>18h00 accueil, \u00e9margement et mise \u00e0 jour des cotisations (<span style=\"font-size: small;\">10 \u20ac par personne) <\/span><\/p>\n<p><span style=\"font-size: small;\">18h40 51 membres pr\u00e9sents ou repr\u00e9sent\u00e9s\u00a0: le quorum \u00e9tant atteint, l&rsquo;assembl\u00e9e peut d\u00e9lib\u00e9rer.<\/span><\/p>\n<p><u><b>ordre du jour <\/b><\/u><\/p>\n<p><b>1 &#8211; rapport financier<\/b><\/p>\n<p>Notre tr\u00e9sori\u00e8re, Francine, t\u00e9moigne du peu d&rsquo;\u00e9critures durant l&rsquo;exercice. Le solde au 30 avril 2015 \u00e9tait de 2382 \u20ac. Le solde au 31 mai 2016 \u00e9tait de 2736 \u20ac.<\/p>\n<p>le rapport financier est vot\u00e9 \u00e0 l&rsquo;unanimit\u00e9<\/p>\n<p><b>2 &#8211; rapport moral <\/b><\/p>\n<p>Notre pr\u00e9sident, Antoine, pr\u00e9sente le rapport moral (<a href=\"http:\/\/latourdaiguespourtous.fr\/?p=586\"><em>\u00e0 lire ici<\/em><\/a>). S&rsquo;ensuivent de nombreuses questions autour du rapport, auxquelles l&rsquo;ensemble du bureau fait r\u00e9ponse. Nos \u00e9lus prennent la parole sur le fonctionnement du conseil municipal, les finances, les chantiers encours.<\/p>\n<p>Le rapport moral est vot\u00e9 \u00e0 l&rsquo;unanimit\u00e9<\/p>\n<p>&#8230; De nombreuses questions sont pos\u00e9es \u00e0 nos \u00e9lus et notamment:<\/p>\n<p>1\/ A Romain, sur le d\u00e9roulement de la commission d&rsquo;attribution des logements sociaux : Elle s&rsquo;est pass\u00e9e normalement, mais nous perdons la main sur l&rsquo;\u00e9tape suivante du deuxi\u00e8me filtre d\u00e9cisionnel qui se passe chez le bailleur ( Mistral Habitat) aupr\u00e8s duquel le Pr\u00e9fet et\/ou le Maire peuvent agir sans que nous en soyons inform\u00e9s.<\/p>\n<p>2\/ A Romain, sur le respect du cahier des charges de la zone du Revol par les derniers acqu\u00e9reurs de lots : Il semble qu&rsquo;il put y avoir quelques \u00ab\u00a0distorsions\u00a0\u00bb mais le fait d&rsquo;avoir une entreprise cr\u00e9atrice d&rsquo;un certain nombre d&#8217;emplois est peut \u00eatre plus important pour la commune ?<\/p>\n<p>3\/ A Emeline, sur la maison des jeunes \u00a0\u00bb Le Transfo\u00a0\u00bb : Elle n&rsquo;est toujours pas utilis\u00e9e en totalit\u00e9 en raison de nombreuses malfa\u00e7ons et\/ou de non adaptation aux enfants dans la r\u00e9alisation ! Le travail du directeur du Centre Social est par contre tr\u00e8s s\u00e9rieux et tr\u00e8s appr\u00e9ci\u00e9.<\/p>\n<p>4\/ Emeline explique ensuite pourquoi et comment elle est intervenue dans la pr\u00e9paration et notamment la pr\u00e9sentation du budget qui n&rsquo;\u00e9tait jusqu&rsquo;ici pas analytique et pas \u00e9tabli dans les r\u00e8gles normales de la fonction publique. Le retard dans le versements des dotations de l&rsquo;\u00e9tat est une excuse acceptable. Des progr\u00e8s ont commenc\u00e9s \u00e0 se voir apr\u00e8s son intervention.<\/p>\n<p>5\/ A Guigui, au sujet de la nouvelle Caserne des Pompiers (promesse \u00e9lectorale faite par le Maire) : elle ne se fera pas selon les responsables du SDISS eux m\u00eames, par manque d&rsquo;argent.<\/p>\n<p>Au sujet de Vitifruits : L\u00e0 ou on nous objectait pendant la campagne (nous voulions justement y transf\u00e9rer la caserne de Pompiers) pour cause d&rsquo;inondabilit\u00e9, il est maintenant pr\u00e9vu par la Mairie de faire des box pour des artisans&#8230;??<\/p>\n<p><b>3 &#8211; \u00e9lection du nouveau bureau<\/b><\/p>\n<p>Les personnes suivantes sont candidates pour constituer le nouveau bureau<\/p>\n<p>A la demande de Guigui, il est proc\u00e9d\u00e9 au vote individuel<\/p>\n<p>Antoine, \u00e9lu \u00e0 l&rsquo;unanimit\u00e9<\/p>\n<p>Francine, \u00e9lue \u00e0 l&rsquo;unanimit\u00e9<\/p>\n<p>Jo\u00eblle, \u00e9lue \u00e0 l&rsquo;unanimit\u00e9<\/p>\n<p>Emeline, \u00e9lue \u00e0 l&rsquo;unanimit\u00e9<\/p>\n<p>Guigui, \u00e9lu \u00e0 l&rsquo;unanimit\u00e9<\/p>\n<p>Andr\u00e9, \u00e9lu \u00e0 l&rsquo;unanimit\u00e9<\/p>\n<p>Le nouveau bureau se r\u00e9unira d\u00e8s que possible et d\u00e9finira les diff\u00e9rentes fonctions.<\/p>\n<p><b>4 et 5 \u2013 les questions aux \u00e9lus et les questions diverses<\/b><\/p>\n<p>Cela ayant \u00e9t\u00e9 largement exprim\u00e9 au point 2, l&rsquo;assembl\u00e9e est d\u00e9clar\u00e9e close.<\/p>\n<p>Il est offert un pot de l&rsquo;amiti\u00e9 sous le platane de la cour de la Castelette.<\/p>\n<p>Merci \u00e0 Fran\u00e7ois LACHAL pour l&rsquo;accueil<\/p>\n<p>Merci aux b\u00e9n\u00e9voles habituels pour l&rsquo;organisation du buffet.<\/p>\n","protected":false},"excerpt":{"rendered":"<p>Rapport moral, rapport financier, \u00e9lection du bureau , questions diverses.<\/p>\n","protected":false},"author":1,"featured_media":506,"comment_status":"closed","ping_status":"open","sticky":false,"template":"","format":"standard","meta":{"neve_meta_sidebar":"","neve_meta_container":"","neve_meta_enable_content_width":"","neve_meta_content_width":0,"neve_meta_title_alignment":"","neve_meta_author_avatar":"","neve_post_elements_order":"","neve_meta_disable_header":"","neve_meta_disable_footer":"","neve_meta_disable_title":"","footnotes":""},"categories":[1,9],"tags":[],"class_list":["post-584","post","type-post","status-publish","format-standard","has-post-thumbnail","hentry","category-non-classe","category-vie-de-lassociation"],"_links":{"self":[{"href":"https:\/\/www.latourpourtous.fr\/index.php\/wp-json\/wp\/v2\/posts\/584","targetHints":{"allow":["GET"]}}],"collection":[{"href":"https:\/\/www.latourpourtous.fr\/index.php\/wp-json\/wp\/v2\/posts"}],"about":[{"href":"https:\/\/www.latourpourtous.fr\/index.php\/wp-json\/wp\/v2\/types\/post"}],"author":[{"embeddable":true,"href":"https:\/\/www.latourpourtous.fr\/index.php\/wp-json\/wp\/v2\/users\/1"}],"replies":[{"embeddable":true,"href":"https:\/\/www.latourpourtous.fr\/index.php\/wp-json\/wp\/v2\/comments?post=584"}],"version-history":[{"count":1,"href":"https:\/\/www.latourpourtous.fr\/index.php\/wp-json\/wp\/v2\/posts\/584\/revisions"}],"predecessor-version":[{"id":1559,"href":"https:\/\/www.latourpourtous.fr\/index.php\/wp-json\/wp\/v2\/posts\/584\/revisions\/1559"}],"wp:featuredmedia":[{"embeddable":true,"href":"https:\/\/www.latourpourtous.fr\/index.php\/wp-json\/wp\/v2\/media\/506"}],"wp:attachment":[{"href":"https:\/\/www.latourpourtous.fr\/index.php\/wp-json\/wp\/v2\/media?parent=584"}],"wp:term":[{"taxonomy":"category","embeddable":true,"href":"https:\/\/www.latourpourtous.fr\/index.php\/wp-json\/wp\/v2\/categories?post=584"},{"taxonomy":"post_tag","embeddable":true,"href":"https:\/\/www.latourpourtous.fr\/index.php\/wp-json\/wp\/v2\/tags?post=584"}],"curies":[{"name":"wp","href":"https:\/\/api.w.org\/{rel}","templated":true}]}}