{"id":536,"date":"2016-05-26T09:52:52","date_gmt":"2016-05-26T07:52:52","guid":{"rendered":"http:\/\/latourdaiguespourtous.fr\/?p=536"},"modified":"2016-05-26T09:52:52","modified_gmt":"2016-05-26T07:52:52","slug":"a-propos-de-la-dechetterie-2","status":"publish","type":"post","link":"https:\/\/www.latourpourtous.fr\/index.php\/2016\/05\/26\/a-propos-de-la-dechetterie-2\/","title":{"rendered":"A propos de la D\u00e9chetterie"},"content":{"rendered":"<p><span style=\"font-size: large;\">Nous n&rsquo;avons jamais dit que nous \u00e9tions \u00ab\u00a0contre\u00a0\u00bb une d\u00e9chetterie \u00e0 La Tour d&rsquo;Aigues comme on tente de\u00a0vous le faire croire. Au contraire, nous avions dans notre programme l&rsquo;\u00e9tablissement d&rsquo;une d\u00e9chetterie, mais \u00e0 \u00ab\u00a0taille humaine\u00a0\u00bb et au co\u00fbt limit\u00e9, moins polluante pour le paysage et la zone de r\u00e9sidence, plus \u00e9cologique. <\/span><!--more--><\/p>\n<p><span style=\"font-size: large;\">Le projet de trois unit\u00e9s r\u00e9parties dans le territoire de Cotelub nous paraissait mieux correspondre \u00e0 son \u00e9tendue, \u00e9vitant de nombreux trajets de v\u00e9hicules en tous sens et &#8211; pour notre part ici &#8211; la venue quotidienne \u00e0 La Tour d&rsquo;Aigues de v\u00e9hicules de tout Cotelub. Ceci \u00e9tant, il y aura une d\u00e9chetterie \u00e0 La Tour comme nous le voulions tous, ce sera celle de la majorit\u00e9, ils en prennent la responsabilit\u00e9 et nous jugerons.<\/span><\/p>\n<p><span style=\"font-size: large;\">Nous sommes par contre toujours r\u00e9solument oppos\u00e9s \u00e0 la construction d&rsquo;un nouveau quai de transfert chez nous, alors que nous en poss\u00e9dons d\u00e9j\u00e0 un en propre \u00e0 Pertuis, situ\u00e9 en dehors de toute zone d&rsquo;habitation. Outre son co\u00fbt\u00a0important, ce projet va\u00a0amener tous les jours dans notre village la totalit\u00e9 des bennes \u00e0 ordures de Cotelub, et entra\u00eener la travers\u00e9e quotidienne par la rue Antoine de Tr\u00e8s et le boulevard de la R\u00e9publique d&rsquo;un 44 tonnes pour le transfert des d\u00e9chets.<\/span><\/p>\n","protected":false},"excerpt":{"rendered":"<p>Nous n&rsquo;avons jamais dit que nous \u00e9tions \u00ab\u00a0contre\u00a0\u00bb une d\u00e9chetterie \u00e0 La Tour d&rsquo;Aigues comme on tente de\u00a0vous le faire croire. Au contraire, nous avions dans notre programme l&rsquo;\u00e9tablissement d&rsquo;une d\u00e9chetterie, mais \u00e0 \u00ab\u00a0taille humaine\u00a0\u00bb et au co\u00fbt limit\u00e9, moins polluante pour le paysage et la zone de r\u00e9sidence, plus \u00e9cologique.<\/p>\n","protected":false},"author":1,"featured_media":0,"comment_status":"closed","ping_status":"open","sticky":false,"template":"","format":"standard","meta":{"neve_meta_sidebar":"","neve_meta_container":"","neve_meta_enable_content_width":"","neve_meta_content_width":0,"neve_meta_title_alignment":"","neve_meta_author_avatar":"","neve_post_elements_order":"","neve_meta_disable_header":"","neve_meta_disable_footer":"","neve_meta_disable_title":"","footnotes":""},"categories":[2],"tags":[],"class_list":["post-536","post","type-post","status-publish","format-standard","hentry","category-intercommunalite"],"_links":{"self":[{"href":"https:\/\/www.latourpourtous.fr\/index.php\/wp-json\/wp\/v2\/posts\/536","targetHints":{"allow":["GET"]}}],"collection":[{"href":"https:\/\/www.latourpourtous.fr\/index.php\/wp-json\/wp\/v2\/posts"}],"about":[{"href":"https:\/\/www.latourpourtous.fr\/index.php\/wp-json\/wp\/v2\/types\/post"}],"author":[{"embeddable":true,"href":"https:\/\/www.latourpourtous.fr\/index.php\/wp-json\/wp\/v2\/users\/1"}],"replies":[{"embeddable":true,"href":"https:\/\/www.latourpourtous.fr\/index.php\/wp-json\/wp\/v2\/comments?post=536"}],"version-history":[{"count":0,"href":"https:\/\/www.latourpourtous.fr\/index.php\/wp-json\/wp\/v2\/posts\/536\/revisions"}],"wp:attachment":[{"href":"https:\/\/www.latourpourtous.fr\/index.php\/wp-json\/wp\/v2\/media?parent=536"}],"wp:term":[{"taxonomy":"category","embeddable":true,"href":"https:\/\/www.latourpourtous.fr\/index.php\/wp-json\/wp\/v2\/categories?post=536"},{"taxonomy":"post_tag","embeddable":true,"href":"https:\/\/www.latourpourtous.fr\/index.php\/wp-json\/wp\/v2\/tags?post=536"}],"curies":[{"name":"wp","href":"https:\/\/api.w.org\/{rel}","templated":true}]}}