{"id":533,"date":"2016-05-26T09:46:08","date_gmt":"2016-05-26T07:46:08","guid":{"rendered":"http:\/\/latourdaiguespourtous.fr\/?p=533"},"modified":"2021-02-02T14:44:55","modified_gmt":"2021-02-02T13:44:55","slug":"edito","status":"publish","type":"post","link":"https:\/\/www.latourpourtous.fr\/index.php\/2016\/05\/26\/edito\/","title":{"rendered":"Edito"},"content":{"rendered":"<p><span style=\"font-size: large;\">Chers Amis,<\/span><\/p>\n<p><span style=\"font-size: large;\">La troisi\u00e8me assembl\u00e9e g\u00e9n\u00e9rale annuelle de l&rsquo;Association La Tour d&rsquo;Aigues Pour Tous aura lieu le 10 Juin et nous pouvons donc vous assurer \u00e0 cette occasion que l&rsquo;Association continue\u00a0! <\/span><\/p>\n<p><span style=\"font-size: large;\">Envers et contre tous les pronostics des \u00ab\u00a0majoritaires\u00a0\u00bb qui annon\u00e7aient ici ou l\u00e0 depuis 2 ans qu\u00a0&lsquo;elle disparaitrait rapidement et que les 4 \u00e9lus d&rsquo;opposition qui la repr\u00e9sente au Conseil Municipal \u00ab\u00a0rentreraient dans le rang\u00a0\u00bb,\u00a0l&rsquo;association est bien l\u00e0.<\/span><!--more--><\/p>\n<p><span style=\"font-size: large;\">Intimidations et\/ou man\u0153uvres de r\u00e9cup\u00e9ration n&rsquo;ont donc jusqu&rsquo;ici abouti qu&rsquo;\u00e0 ne repr\u00e9senter ceux qui en sont les auteurs, c&rsquo;est \u00e0 dire pas grand chose.<\/span><\/p>\n<p><span style=\"font-size: large;\">Nous allons donc continuer \u00e0 rendre incontournable la d\u00e9mocratie citoyenne dans notre commune, et \u00e0 tout faire pour qu&rsquo;elle soit participative et remplace le r\u00e9gime de \u00ab\u00a0clan\u00a0\u00bb.<\/span><\/p>\n<p><span style=\"font-size: large;\">Nous continuerons \u00e0 aider nos 4 \u00e9lus \u00e0 remplir leur mission du mieux possible, comme ils le font depuis 2 ans. Nous poursuivrons notre r\u00f4le de lanceurs d&rsquo;alerte, de cercle de r\u00e9flexions et de propositions, et de vigilance sur la conduite des affaires de la commune.<\/span><\/p>\n<p><span style=\"font-size: large;\">Vous retrouverez ci-dessous quelques unes de nos id\u00e9es, plus que jamais d&rsquo;actualit\u00e9, au sujet du civisme et des nuisances dans le village, de la d\u00e9chetterie, de l&rsquo;urbanisme, du plan de circulation, du tourisme, de Vitifruits, de Cotelub. D&rsquo;autres sont \u00e0 retrouver sur notre site latourpourtous.fr, et d&rsquo;autres suivront encore.<\/span><\/p>\n<p><span style=\"font-size: large;\">Nous pensons contribuer ainsi \u00e0 pr\u00e9parer la meilleure base pour de bonnes conditions \u00e0 une future alternance de gestion municipale. <\/span><\/p>\n<p><span style=\"font-size: large;\">Nous vous invitons \u00e0 y participer et venir y apporter et \u00e9changer vos id\u00e9es. <\/span><\/p>\n<p><span style=\"font-size: large;\">Venez nous rejoindre\u00a0!<\/span><\/p>\n","protected":false},"excerpt":{"rendered":"<p>Chers Amis, La troisi\u00e8me assembl\u00e9e g\u00e9n\u00e9rale annuelle de l&rsquo;Association La Tour d&rsquo;Aigues Pour Tous aura lieu le 10 Juin et nous pouvons donc vous assurer \u00e0 cette occasion que l&rsquo;Association continue\u00a0! Envers et contre tous les pronostics des \u00ab\u00a0majoritaires\u00a0\u00bb qui annon\u00e7aient ici ou l\u00e0 depuis 2 ans qu\u00a0&lsquo;elle disparaitrait rapidement et que les 4 \u00e9lus&hellip;&nbsp;<a href=\"https:\/\/www.latourpourtous.fr\/index.php\/2016\/05\/26\/edito\/\" rel=\"bookmark\"><span class=\"screen-reader-text\">Edito<\/span><\/a><\/p>\n","protected":false},"author":1,"featured_media":0,"comment_status":"closed","ping_status":"open","sticky":false,"template":"","format":"standard","meta":{"neve_meta_sidebar":"","neve_meta_container":"","neve_meta_enable_content_width":"","neve_meta_content_width":0,"neve_meta_title_alignment":"","neve_meta_author_avatar":"","neve_post_elements_order":"","neve_meta_disable_header":"","neve_meta_disable_footer":"","neve_meta_disable_title":"","footnotes":""},"categories":[5],"tags":[],"class_list":["post-533","post","type-post","status-publish","format-standard","hentry","category-editos"],"_links":{"self":[{"href":"https:\/\/www.latourpourtous.fr\/index.php\/wp-json\/wp\/v2\/posts\/533","targetHints":{"allow":["GET"]}}],"collection":[{"href":"https:\/\/www.latourpourtous.fr\/index.php\/wp-json\/wp\/v2\/posts"}],"about":[{"href":"https:\/\/www.latourpourtous.fr\/index.php\/wp-json\/wp\/v2\/types\/post"}],"author":[{"embeddable":true,"href":"https:\/\/www.latourpourtous.fr\/index.php\/wp-json\/wp\/v2\/users\/1"}],"replies":[{"embeddable":true,"href":"https:\/\/www.latourpourtous.fr\/index.php\/wp-json\/wp\/v2\/comments?post=533"}],"version-history":[{"count":1,"href":"https:\/\/www.latourpourtous.fr\/index.php\/wp-json\/wp\/v2\/posts\/533\/revisions"}],"predecessor-version":[{"id":1602,"href":"https:\/\/www.latourpourtous.fr\/index.php\/wp-json\/wp\/v2\/posts\/533\/revisions\/1602"}],"wp:attachment":[{"href":"https:\/\/www.latourpourtous.fr\/index.php\/wp-json\/wp\/v2\/media?parent=533"}],"wp:term":[{"taxonomy":"category","embeddable":true,"href":"https:\/\/www.latourpourtous.fr\/index.php\/wp-json\/wp\/v2\/categories?post=533"},{"taxonomy":"post_tag","embeddable":true,"href":"https:\/\/www.latourpourtous.fr\/index.php\/wp-json\/wp\/v2\/tags?post=533"}],"curies":[{"name":"wp","href":"https:\/\/api.w.org\/{rel}","templated":true}]}}