{"id":503,"date":"2016-01-08T18:10:03","date_gmt":"2016-01-08T17:10:03","guid":{"rendered":"http:\/\/latourdaiguespourtous.fr\/?p=503"},"modified":"2016-01-08T18:10:03","modified_gmt":"2016-01-08T17:10:03","slug":"a-propos-de-la-dechetterie","status":"publish","type":"post","link":"https:\/\/www.latourpourtous.fr\/index.php\/2016\/01\/08\/a-propos-de-la-dechetterie\/","title":{"rendered":"A propos de la d\u00e9chetterie"},"content":{"rendered":"<p>Nous avons re\u00e7u une demande d&rsquo;informations de la part d&rsquo;une association regroupant un certain nombre de nos concitoyens. Pour pouvoir y r\u00e9pondre de mani\u00e8re efficace nous posons \u00e0 Monsieur le Maire ou au Pr\u00e9sident de Cotelub les questions suivantes :<\/p>\n<p>1\u00b0\/ Est il vrai que le terrain sur lequel sera construite la d\u00e9chetterie est en partie constitu\u00e9 de remblais dont la l\u00e9galit\u00e9 serait douteuse et dont la structure et la situation peuvent faire courir un risque de glissement dans l&rsquo;Eze lors de violents orages comme ceux survenus en 2015\u00a0?<\/p>\n<p>2\u00b0\/ Il existe sous ce terrain une nappe phr\u00e9atique dans laquelle plusieurs riverains puisent leur eau alimentaire. Y a-t- il un risque d&rsquo;alt\u00e9ration de la qualit\u00e9 de cette eau du fait de l&rsquo;implantation de la d\u00e9chetterie ou celui ci a-t-il \u00e9t\u00e9 envisag\u00e9 et mesur\u00e9 ?<\/p>\n","protected":false},"excerpt":{"rendered":"<p>Nous avons re\u00e7u une demande d&rsquo;informations de la part d&rsquo;une association regroupant un certain nombre de nos concitoyens. Pour pouvoir y r\u00e9pondre de mani\u00e8re efficace nous posons \u00e0 Monsieur le Maire ou au Pr\u00e9sident de Cotelub les questions suivantes : 1\u00b0\/ Est il vrai que le terrain sur lequel sera construite la d\u00e9chetterie est en&hellip;&nbsp;<a href=\"https:\/\/www.latourpourtous.fr\/index.php\/2016\/01\/08\/a-propos-de-la-dechetterie\/\" rel=\"bookmark\"><span class=\"screen-reader-text\">A propos de la d\u00e9chetterie<\/span><\/a><\/p>\n","protected":false},"author":1,"featured_media":0,"comment_status":"closed","ping_status":"open","sticky":false,"template":"","format":"standard","meta":{"neve_meta_sidebar":"","neve_meta_container":"","neve_meta_enable_content_width":"","neve_meta_content_width":0,"neve_meta_title_alignment":"","neve_meta_author_avatar":"","neve_post_elements_order":"","neve_meta_disable_header":"","neve_meta_disable_footer":"","neve_meta_disable_title":"","footnotes":""},"categories":[2],"tags":[],"class_list":["post-503","post","type-post","status-publish","format-standard","hentry","category-intercommunalite"],"_links":{"self":[{"href":"https:\/\/www.latourpourtous.fr\/index.php\/wp-json\/wp\/v2\/posts\/503","targetHints":{"allow":["GET"]}}],"collection":[{"href":"https:\/\/www.latourpourtous.fr\/index.php\/wp-json\/wp\/v2\/posts"}],"about":[{"href":"https:\/\/www.latourpourtous.fr\/index.php\/wp-json\/wp\/v2\/types\/post"}],"author":[{"embeddable":true,"href":"https:\/\/www.latourpourtous.fr\/index.php\/wp-json\/wp\/v2\/users\/1"}],"replies":[{"embeddable":true,"href":"https:\/\/www.latourpourtous.fr\/index.php\/wp-json\/wp\/v2\/comments?post=503"}],"version-history":[{"count":0,"href":"https:\/\/www.latourpourtous.fr\/index.php\/wp-json\/wp\/v2\/posts\/503\/revisions"}],"wp:attachment":[{"href":"https:\/\/www.latourpourtous.fr\/index.php\/wp-json\/wp\/v2\/media?parent=503"}],"wp:term":[{"taxonomy":"category","embeddable":true,"href":"https:\/\/www.latourpourtous.fr\/index.php\/wp-json\/wp\/v2\/categories?post=503"},{"taxonomy":"post_tag","embeddable":true,"href":"https:\/\/www.latourpourtous.fr\/index.php\/wp-json\/wp\/v2\/tags?post=503"}],"curies":[{"name":"wp","href":"https:\/\/api.w.org\/{rel}","templated":true}]}}