{"id":475,"date":"2015-12-26T10:56:24","date_gmt":"2015-12-26T09:56:24","guid":{"rendered":"http:\/\/latourdaiguespourtous.fr\/?p=475"},"modified":"2021-02-02T14:45:49","modified_gmt":"2021-02-02T13:45:49","slug":"pourquoi-la-reforme-territoriale-est-elle-importante","status":"publish","type":"post","link":"https:\/\/www.latourpourtous.fr\/index.php\/2015\/12\/26\/pourquoi-la-reforme-territoriale-est-elle-importante\/","title":{"rendered":"Pourquoi la r\u00e9forme territoriale est-elle importante ?"},"content":{"rendered":"<p><span style=\"font-size: large;\">Pourquoi la r\u00e9forme territoriale est-elle importante\u00a0? Pour r\u00e9sumer\u00a0:<\/span><\/p>\n<ul>\n<li><span style=\"font-size: large;\">Parce qu&rsquo;elle devait aboutir \u00e0 r\u00e9duire le \u00ab\u00a0millefeuille\u00a0\u00bb administratif, sp\u00e9cialit\u00e9 Fran\u00e7aise en supprimant au moins une des strates de gestion et de gouvernance\u00a0: Communes &#8211; Communaut\u00e9 de communes \u2013 D\u00e9partement \u2013 R\u00e9gion \u2013 \u00c9tat. H\u00e9las sur ce plan c&rsquo;est rat\u00e9, par manque de courage politique essentiellement, car en fait on a ajout\u00e9 une nouvelle strate, celle des m\u00e9tropoles (groupements de communes et communaut\u00e9s de communes)\u00a0 !<\/span><\/li>\n<li><span style=\"font-size: large;\">Parce qu&rsquo;elle devait aboutir \u00e0 rationaliser et rendre plus efficaces chaque strate\u00a0 Diminution du nombre de communaut\u00e9s de communes (en regroupant les communaut\u00e9s de moins de 20.00 habitants) et de r\u00e9gions (13 au lieu de 22) \u00a0: c&rsquo;est fait et c&rsquo;est tant mieux.<\/span><\/li>\n<li><span style=\"font-size: large;\">Enfin par la cr\u00e9ation de capitales r\u00e9gionales de taille Europ\u00e9enne ou m\u00e9tropoles (r\u00e9union de communaut\u00e9s de communes atteignant au moins 400.000 habitants). <\/span><\/li>\n<\/ul>\n<p><span style=\"font-size: large;\">Si on s&rsquo;arr\u00eate sur ce qui motive cette r\u00e9forme territoriale, quel est le challenge\u00a0?: <\/span><\/p>\n<ul>\n<li><span style=\"font-size: large;\">Rationnaliser les d\u00e9penses de fonctionnement\u00a0: \u00e7a n&rsquo;est pas bien parti mais on ne le verra vraiment que vers 2018-2020.<\/span><\/li>\n<li><span style=\"font-size: large;\">Fluidifier les modes de gestion.<\/span><\/li>\n<li><span style=\"font-size: large;\">Rendre comp\u00e9titives nos r\u00e9gions en permettant d&rsquo;am\u00e9liorer les investissements structurants\u00a0: C&rsquo;est l&rsquo;indispensable pr\u00e9alable \u00e0 la croissance et donc \u00e0 l&#8217;emploi.<\/span><\/li>\n<\/ul>\n<p><span style=\"font-size: large;\">Le moins qu&rsquo;on puisse dire est que le choix des nos d\u00e9cideurs, et notamment ceux de La Tour d&rsquo;Aigues et de COTELUB, de rester \u00e0 l&rsquo;\u00e9cart de la m\u00e9tropole voisine d&rsquo; Aix-Marseille-Provence ne r\u00e9pond pas \u00e0 ce challenge. Car cette M\u00e9tropole qu&rsquo;ils rejettent a vocation \u00e0 devenir une t\u00eate de pont de l&rsquo;Europe du Sud pour les \u00e9changes avec l&rsquo;Afrique, le Moyen Orient et l&rsquo;Asie. Plus de 50.000 emplois directs sont attendus rien que pour le potentiel maritime, sans parler de l&rsquo;a\u00e9ronautique, du num\u00e9rique, de la sant\u00e9 et&#8230;.du tourisme. <\/span><\/p>\n<p><span style=\"font-size: large;\">Qu&rsquo;elle perdure telle quelle ou soit scind\u00e9e en une m\u00e9tropole Marseillaise et une m\u00e9tropole du Pays d&rsquo;Aix et de la Durance (ce qui serait pour nous la seule d\u00e9cision coh\u00e9rente et acceptable), l&rsquo;ignorer et ne pas chercher \u00e0 partager avec elle cette ambition est un manque de clairvoyance, dramatique \u00e0 plus d&rsquo;un titre : <\/span><\/p>\n<ul>\n<li><span style=\"font-size: large;\">pour notre participation aux investissements structurants d&rsquo;aujourd&rsquo;hui (transports et moyens de communication), pour le commerce, l&rsquo;entreprise et m\u00eame pour notre agriculture. <\/span><\/li>\n<li><span style=\"font-size: large;\">pour notre participation aux centres de recherches et de nouvelles technologies\u00a0: aides aux entrepreneurs, \u00e9ducation de nos enfants pour les m\u00e9tiers de demain.<\/span><\/li>\n<\/ul>\n<p><span style=\"font-size: large;\">Que p\u00e8sent \u00e0 c\u00f4t\u00e9 de \u00e7a nos liens avec Avignon ? <\/span><\/p>\n<p><span style=\"font-size: large;\">Les investissements structurants devraient \u00eatre \u00e0 50% de l&rsquo;investissement public or ils ne sont actuellement qu&rsquo;\u00e0 30%; la somme \u00e0 pr\u00e9voir est de 14 milliards d&rsquo;euros en dix ans, qui en aura les moyens !!<\/span><\/p>\n<p><span style=\"font-size: large;\">Apr\u00e8s absorption des communes voisines de Cadenet, et Cucuron,,, notre communaut\u00e9 de communes Cotelub va donc atteindre la barre de 20.000 habitants. Certes c&rsquo;est notre lieu de vie, notre cadre naturel, privil\u00e9gi\u00e9 et \u00e0 sauvegarder co\u00fbte que co\u00fbte. Mais, comme a essay\u00e9 de le clamer bien fort aupr\u00e8s du pr\u00e9fet le Maire de Lauris qui souhaitait nous rejoindre, nous sommes tourn\u00e9s non pas vers Cavaillon et Avignon mais vers Aix par notre histoire, notre \u00e9conomie, et nos emplois. <\/span><\/p>\n<p><span style=\"font-size: large;\">La nouvelle entit\u00e9 des communaut\u00e9 de communes \u00e9largies ne doit pas avoir pour seul but d&rsquo;en am\u00e9liorer la gestion par la rationalisation des d\u00e9penses , mais aussi celui de pouvoir encore mieux tisser des liens de partenariats utiles voire indispensables avec ses voisins.<\/span><\/p>\n<p><span style=\"font-size: large;\">Comme nous l&rsquo;avons toujours dit ici, propos\u00e9 et d\u00e9fendu ailleurs, on peut vouloir garder \u00e0 notre territoire sa sp\u00e9cificit\u00e9, sa singularit\u00e9, et son autonomie de gestion locale. <\/span><\/p>\n<p><span style=\"font-size: large;\">Mais on ne peut ignorer la modernit\u00e9, l&rsquo;avenir, l&rsquo;imp\u00e9rieuse n\u00e9cessit\u00e9 des liens avec l&rsquo;ailleurs et donc le partenariat avec notre grand voisin du sud sur les dossiers majeurs que sont l&rsquo;\u00e9ducation, la sant\u00e9, la recherche, la technologie, les transports, le commerce, l&#8217;emploi. C&rsquo;est bien ce qui concerne tant la vie de tous les jours de nos concitoyens, de nos entreprises, et surtout l&rsquo;avenir de nos enfants.<\/span><\/p>\n","protected":false},"excerpt":{"rendered":"<p>La cr\u00e9ation de la m\u00e9tropole Marseillaise (et une m\u00e9tropole du Pays d&rsquo;Aix et de la Durance ce qui serait pour nous la seule d\u00e9cision coh\u00e9rente et acceptable) est ineluctable, l&rsquo;ignorer et ne pas chercher \u00e0 partager avec elle est un manque de clairvoyance de la part de nos d\u00e9cideurs, notamment ceux de La Tour d&rsquo;Aigues et de COTELUB.<\/p>\n","protected":false},"author":1,"featured_media":0,"comment_status":"closed","ping_status":"open","sticky":false,"template":"","format":"standard","meta":{"neve_meta_sidebar":"","neve_meta_container":"","neve_meta_enable_content_width":"","neve_meta_content_width":0,"neve_meta_title_alignment":"","neve_meta_author_avatar":"","neve_post_elements_order":"","neve_meta_disable_header":"","neve_meta_disable_footer":"","neve_meta_disable_title":"","footnotes":""},"categories":[2],"tags":[],"class_list":["post-475","post","type-post","status-publish","format-standard","hentry","category-intercommunalite"],"_links":{"self":[{"href":"https:\/\/www.latourpourtous.fr\/index.php\/wp-json\/wp\/v2\/posts\/475","targetHints":{"allow":["GET"]}}],"collection":[{"href":"https:\/\/www.latourpourtous.fr\/index.php\/wp-json\/wp\/v2\/posts"}],"about":[{"href":"https:\/\/www.latourpourtous.fr\/index.php\/wp-json\/wp\/v2\/types\/post"}],"author":[{"embeddable":true,"href":"https:\/\/www.latourpourtous.fr\/index.php\/wp-json\/wp\/v2\/users\/1"}],"replies":[{"embeddable":true,"href":"https:\/\/www.latourpourtous.fr\/index.php\/wp-json\/wp\/v2\/comments?post=475"}],"version-history":[{"count":1,"href":"https:\/\/www.latourpourtous.fr\/index.php\/wp-json\/wp\/v2\/posts\/475\/revisions"}],"predecessor-version":[{"id":1902,"href":"https:\/\/www.latourpourtous.fr\/index.php\/wp-json\/wp\/v2\/posts\/475\/revisions\/1902"}],"wp:attachment":[{"href":"https:\/\/www.latourpourtous.fr\/index.php\/wp-json\/wp\/v2\/media?parent=475"}],"wp:term":[{"taxonomy":"category","embeddable":true,"href":"https:\/\/www.latourpourtous.fr\/index.php\/wp-json\/wp\/v2\/categories?post=475"},{"taxonomy":"post_tag","embeddable":true,"href":"https:\/\/www.latourpourtous.fr\/index.php\/wp-json\/wp\/v2\/tags?post=475"}],"curies":[{"name":"wp","href":"https:\/\/api.w.org\/{rel}","templated":true}]}}