{"id":461,"date":"2015-11-15T21:04:08","date_gmt":"2015-11-15T20:04:08","guid":{"rendered":"http:\/\/latourdaiguespourtous.fr\/?p=461"},"modified":"2021-02-02T14:45:49","modified_gmt":"2021-02-02T13:45:49","slug":"nous-sommes-tous-parisiens","status":"publish","type":"post","link":"https:\/\/www.latourpourtous.fr\/index.php\/2015\/11\/15\/nous-sommes-tous-parisiens\/","title":{"rendered":"Nous sommes tous parisiens"},"content":{"rendered":"<figure style=\"width: 226px\" class=\"wp-caption alignleft\"><img loading=\"lazy\" decoding=\"async\" class=\"\" src=\"http:\/\/latourdaiguespourtous.fr\/WordPress3\/wp-content\/uploads\/2015\/11\/Plantu-attentats-Paris1.jpg\" alt=\"Attentats du 13 novembre 2015\" width=\"226\" height=\"142\" \/><figcaption class=\"wp-caption-text\">Nous sommes tous parisiens<\/figcaption><\/figure>\n<p><strong>Aujourd&rsquo;hui nous sommes bien s\u00fbr tous Parisiens.<br \/>\nMais restons surtout Fran\u00e7ais: Libert\u00e9, \u00c9galit\u00e9, Fraternit\u00e9.<br \/>\nLa France n&rsquo;est en guerre contre personne. Eux nous attaquent pour cette devise. Pour nous, les hommes et les femmes sont et resteront libres et \u00e9gaux en droits, et nous voulons tous vivre fraternellement.<br \/>\nLes djihadistes, int\u00e9gristes, fondamentalistes ne sont que des mafieux, trafiquants d&rsquo;armes et de drogue, de femmes et d&rsquo;enfants. Ils ne peuvent pas gagner et ne gagneront pas. Ils ne nous feront pas changer nos lois et devront s&rsquo;y soumettre.<br \/>\nN&rsquo;ayons pas peur. Restons fiers de notre devise, nous ne l&rsquo;abandonnerons jamais. <\/strong>(Dessin de Plantu diffus\u00e9 sur le compte Instagram du \u00ab\u00a0Monde\u00a0\u00bb.)<\/p>\n","protected":false},"excerpt":{"rendered":"<p>Aujourd&rsquo;hui nous sommes bien s\u00fbr tous Parisiens. Mais restons surtout Fran\u00e7ais: Libert\u00e9, \u00c9galit\u00e9, Fraternit\u00e9. La France n&rsquo;est en guerre contre personne. Eux nous attaquent pour cette devise. Pour nous, les hommes et les femmes sont et resteront libres et \u00e9gaux en droits, et nous voulons tous vivre fraternellement. Les djihadistes, int\u00e9gristes, fondamentalistes ne sont que&hellip;&nbsp;<a href=\"https:\/\/www.latourpourtous.fr\/index.php\/2015\/11\/15\/nous-sommes-tous-parisiens\/\" rel=\"bookmark\"><span class=\"screen-reader-text\">Nous sommes tous parisiens<\/span><\/a><\/p>\n","protected":false},"author":1,"featured_media":0,"comment_status":"closed","ping_status":"open","sticky":false,"template":"","format":"standard","meta":{"neve_meta_sidebar":"","neve_meta_container":"","neve_meta_enable_content_width":"","neve_meta_content_width":0,"neve_meta_title_alignment":"","neve_meta_author_avatar":"","neve_post_elements_order":"","neve_meta_disable_header":"","neve_meta_disable_footer":"","neve_meta_disable_title":"","footnotes":""},"categories":[10],"tags":[],"class_list":["post-461","post","type-post","status-publish","format-standard","hentry","category-point-de-vue"],"_links":{"self":[{"href":"https:\/\/www.latourpourtous.fr\/index.php\/wp-json\/wp\/v2\/posts\/461","targetHints":{"allow":["GET"]}}],"collection":[{"href":"https:\/\/www.latourpourtous.fr\/index.php\/wp-json\/wp\/v2\/posts"}],"about":[{"href":"https:\/\/www.latourpourtous.fr\/index.php\/wp-json\/wp\/v2\/types\/post"}],"author":[{"embeddable":true,"href":"https:\/\/www.latourpourtous.fr\/index.php\/wp-json\/wp\/v2\/users\/1"}],"replies":[{"embeddable":true,"href":"https:\/\/www.latourpourtous.fr\/index.php\/wp-json\/wp\/v2\/comments?post=461"}],"version-history":[{"count":1,"href":"https:\/\/www.latourpourtous.fr\/index.php\/wp-json\/wp\/v2\/posts\/461\/revisions"}],"predecessor-version":[{"id":1899,"href":"https:\/\/www.latourpourtous.fr\/index.php\/wp-json\/wp\/v2\/posts\/461\/revisions\/1899"}],"wp:attachment":[{"href":"https:\/\/www.latourpourtous.fr\/index.php\/wp-json\/wp\/v2\/media?parent=461"}],"wp:term":[{"taxonomy":"category","embeddable":true,"href":"https:\/\/www.latourpourtous.fr\/index.php\/wp-json\/wp\/v2\/categories?post=461"},{"taxonomy":"post_tag","embeddable":true,"href":"https:\/\/www.latourpourtous.fr\/index.php\/wp-json\/wp\/v2\/tags?post=461"}],"curies":[{"name":"wp","href":"https:\/\/api.w.org\/{rel}","templated":true}]}}