{"id":447,"date":"2015-10-28T20:53:09","date_gmt":"2015-10-28T19:53:09","guid":{"rendered":"http:\/\/latourdaiguespourtous.fr\/?p=447"},"modified":"2021-02-02T14:45:20","modified_gmt":"2021-02-02T13:45:20","slug":"editorial","status":"publish","type":"post","link":"https:\/\/www.latourpourtous.fr\/index.php\/2015\/10\/28\/editorial\/","title":{"rendered":"Intercommunalit\u00e9(s) et M\u00e9tropole(s)"},"content":{"rendered":"<p>Le 25 septembre dernier les \u00e9lus des 36 communes regroup\u00e9es au sein de la Communaut\u00e9 du Pays d&rsquo;Aix, hostiles \u00e0 la cr\u00e9ation au 1er janvier 2016 de la m\u00e9tropole Aix Marseille Provence pr\u00e9vue par les lois de r\u00e9forme territoriale du gouvernement actuel, ont adh\u00e9r\u00e9 massivement \u00e0 une initiative pr\u00e9sent\u00e9e par leur bureau visant \u00e0 la cr\u00e9ation sur le p\u00e9rim\u00e8tre actuel de la CPA d&rsquo;une m\u00e9tropole de droit commun Aix Pays d&rsquo;Aix.<!--more--><\/p>\n<p>Le seuil l\u00e9gal pour la cr\u00e9ation d&rsquo;une m\u00e9tropole est de 400.000 habitants, or la population du territoire de la CPA a \u00e9t\u00e9 port\u00e9e \u00e0 414.756 habitants par un classement d\u00e9mographique adopt\u00e9 par le pr\u00e9fet le 21 mai 2015 ( 391.536 habitants au 1er Janvier 2014 selon l&rsquo;INSEE, bas\u00e9 sur le recensement de 2011!).<\/p>\n<p>Les communes du Sud Luberon pour leur part \u00e9taient jusqu&rsquo;\u00e0 maintenant divis\u00e9es en deux entit\u00e9s, Cotelub et Portes du Luberon. M\u00eame si la premi\u00e8re est sur le point d&rsquo;atteindre 20.000 habitants par le rajout de Cadenet et Cucuron, elle restera une entit\u00e9 tr\u00e8s r\u00e9duite.<br \/>\nA c\u00f4t\u00e9 de la CPA, Cot\u00e9lub para\u00eet et restera lilliputienne au regard des enjeux r\u00e9gionaux (ne parlons m\u00eame pas de nationaux ou autres!).<\/p>\n<p>Si un p\u00f4le du Pays d&rsquo;Aix, ind\u00e9pendant de la m\u00e9tropole Marseillaise, peut voir le jour il serait donc autrement plus judicieux et utile de proposer de le rejoindre. Un tel ensemble retrouverait une parfaite coh\u00e9rence non seulement g\u00e9ographique, historique et culturelle, mais surtout sociale et \u00e9conomique r\u00e9elle \u00e9vidente, et bien plus prometteuse pour l&rsquo;avenir.<br \/>\nPlut\u00f4t que de rejoindre Cavaillon, qui ne correspond pas non plus \u00e0 leur bassin de vie, les communes de Lourmarin, Vaugines et Puyvert seraient alors certainement d&rsquo;accord pour le faire avec nous.<\/p>\n<p>H\u00f4pitaux et cliniques, universit\u00e9s, a\u00e9roport et gare TGV, autoroutes, transports publics et circuits de co-voiturage, sites de Cadarache et Iter, Soci\u00e9t\u00e9 du canal de Provence, zones d&rsquo;activit\u00e9 commerciale et bassin d&#8217;emploi, tout devrait pousser dans ce sens car cette richesse serait naturellement un v\u00e9ritable \u00abpain b\u00e9nit\u00bb pour notre territoire de la Vall\u00e9e d&rsquo;Aigues.<\/p>\n<p>Peut on esp\u00e9rer que les ponts du dialogue aujourd&rsquo;hui coup\u00e9s se r\u00e9tablissent et que la raison l&#8217;emporte\u00a0?<br \/>\nPeut on esp\u00e9rer que nos \u00abd\u00e9cideurs\u00bb locaux soient ainsi un jour enfin plus pr\u00e9occup\u00e9s par l&rsquo;int\u00e9r\u00eat commun, public et priv\u00e9, que par leur soucis politiciens personnels !<\/p>\n","protected":false},"excerpt":{"rendered":"<p>Le 25 septembre dernier les \u00e9lus des 36 communes regroup\u00e9es au sein de la Communaut\u00e9 du Pays d&rsquo;Aix, hostiles \u00e0 la cr\u00e9ation au 1er janvier 2016 de la m\u00e9tropole Aix Marseille Provence pr\u00e9vue par les lois de r\u00e9forme territoriale du gouvernement actuel, ont adh\u00e9r\u00e9 massivement \u00e0 une initiative pr\u00e9sent\u00e9e par leur bureau visant \u00e0 la&hellip;&nbsp;<a href=\"https:\/\/www.latourpourtous.fr\/index.php\/2015\/10\/28\/editorial\/\" rel=\"bookmark\"><span class=\"screen-reader-text\">Intercommunalit\u00e9(s) et M\u00e9tropole(s)<\/span><\/a><\/p>\n","protected":false},"author":1,"featured_media":0,"comment_status":"closed","ping_status":"open","sticky":false,"template":"","format":"standard","meta":{"neve_meta_sidebar":"","neve_meta_container":"","neve_meta_enable_content_width":"","neve_meta_content_width":0,"neve_meta_title_alignment":"","neve_meta_author_avatar":"","neve_post_elements_order":"","neve_meta_disable_header":"","neve_meta_disable_footer":"","neve_meta_disable_title":"","footnotes":""},"categories":[2],"tags":[],"class_list":["post-447","post","type-post","status-publish","format-standard","hentry","category-intercommunalite"],"_links":{"self":[{"href":"https:\/\/www.latourpourtous.fr\/index.php\/wp-json\/wp\/v2\/posts\/447","targetHints":{"allow":["GET"]}}],"collection":[{"href":"https:\/\/www.latourpourtous.fr\/index.php\/wp-json\/wp\/v2\/posts"}],"about":[{"href":"https:\/\/www.latourpourtous.fr\/index.php\/wp-json\/wp\/v2\/types\/post"}],"author":[{"embeddable":true,"href":"https:\/\/www.latourpourtous.fr\/index.php\/wp-json\/wp\/v2\/users\/1"}],"replies":[{"embeddable":true,"href":"https:\/\/www.latourpourtous.fr\/index.php\/wp-json\/wp\/v2\/comments?post=447"}],"version-history":[{"count":1,"href":"https:\/\/www.latourpourtous.fr\/index.php\/wp-json\/wp\/v2\/posts\/447\/revisions"}],"predecessor-version":[{"id":1895,"href":"https:\/\/www.latourpourtous.fr\/index.php\/wp-json\/wp\/v2\/posts\/447\/revisions\/1895"}],"wp:attachment":[{"href":"https:\/\/www.latourpourtous.fr\/index.php\/wp-json\/wp\/v2\/media?parent=447"}],"wp:term":[{"taxonomy":"category","embeddable":true,"href":"https:\/\/www.latourpourtous.fr\/index.php\/wp-json\/wp\/v2\/categories?post=447"},{"taxonomy":"post_tag","embeddable":true,"href":"https:\/\/www.latourpourtous.fr\/index.php\/wp-json\/wp\/v2\/tags?post=447"}],"curies":[{"name":"wp","href":"https:\/\/api.w.org\/{rel}","templated":true}]}}