{"id":425,"date":"2015-07-18T20:31:22","date_gmt":"2015-07-18T18:31:22","guid":{"rendered":"http:\/\/latourdaiguespourtous.fr\/?p=425"},"modified":"2021-02-02T14:45:20","modified_gmt":"2021-02-02T13:45:20","slug":"la-tour-pour-tous-et-la-democratie","status":"publish","type":"post","link":"https:\/\/www.latourpourtous.fr\/index.php\/2015\/07\/18\/la-tour-pour-tous-et-la-democratie\/","title":{"rendered":"La Tour pour Tous et la d\u00e9mocratie"},"content":{"rendered":"<p><span style=\"font-size: large;\">L&rsquo; Assembl\u00e9e G\u00e9n\u00e9rale de l&rsquo; Association La Tour d&rsquo;Aigues Pour Tous vient d&rsquo;avoir lieu. <\/span><\/p>\n<p><span style=\"font-size: large;\">Heureuse surprise pour les fondateurs de l&rsquo;association, le bureau qui l&rsquo;anime et les 4 \u00e9lus d&rsquo;opposition qui en sont les repr\u00e9sentants au sein du Conseil Municipal, plus de soixante adh\u00e9rents \u00e9taient pr\u00e9sents ou repr\u00e9sent\u00e9s par des pouvoirs. Pratiquement toutes les adh\u00e9sions ont \u00e9t\u00e9 renouvel\u00e9es et les rares d\u00e9parts ont \u00e9t\u00e9 compens\u00e9s par de nouveaux adh\u00e9rents\u00a0!<\/span><!--more--><\/p>\n<p><span style=\"font-size: large;\">Le rapport moral et le rapport financier ont \u00e9t\u00e9 adopt\u00e9s \u00e0 l&rsquo;unanimit\u00e9 (<a href=\"http:\/\/latourdaiguespourtous.fr\/?p=432\">vous en trouverez les r\u00e9sum\u00e9s ici<\/a>) et nos 4 jeunes \u00e9lus ont ensuite fait part de leur exp\u00e9rience de terrain acquise au cours de cette premi\u00e8re ann\u00e9e de mandat. Au vu des tr\u00e8s nombreuses questions pos\u00e9es, et de leur pertinence, nous avons pu mesurer l&rsquo;int\u00e9r\u00eat port\u00e9 par l&rsquo;assistance \u00e0 ce premier acte.<\/span><\/p>\n<p><span style=\"font-size: large;\">Ainsi, les difficult\u00e9s d&rsquo;apprentissage de la d\u00e9mocratie que nous avons impos\u00e9e aux vainqueurs du dernier scrutin municipal ont bien \u00e9t\u00e9 not\u00e9es. Mais c&rsquo;est surtout le calme, la retenue, la ma\u00eetrise et en m\u00eame temps la t\u00e9nacit\u00e9 de nos 4 repr\u00e9sentants qui a marqu\u00e9 le plus nos adh\u00e9rents. Malgr\u00e9 les tentatives d&rsquo;intimidation en tous genres, ceux-ci n&rsquo;ont en effet jamais l\u00e2ch\u00e9 prise, m\u00eame s&rsquo;il a fallu aller parfois jusqu&rsquo;\u00e0 une menace de d\u00e9mission pour \u00eatre enfin consid\u00e9r\u00e9 comme un \u00e9lu \u00e0 part enti\u00e8re. <\/span><\/p>\n<p><span style=\"font-size: large;\">Apr\u00e8s un an, l&rsquo;une de nos \u00e9lues participe maintenant r\u00e9guli\u00e8rement aux travaux de la commission scolaire et est membre de la commission des associations\u00a0; une autre est associ\u00e9e \u00e0 ceux du Centre Social et est membre des commissions des finances et des affaires sociales\u00a0; un des \u00e9lus est membre de la commission agricole et de la commission travaux\u00a0; enfin le quatri\u00e8me \u00e9lu, par ailleurs Pr\u00e9sident de l&rsquo;association des entrepreneurs du village, est notre seul repr\u00e9sentant \u00e0 Cotelub. <\/span><\/p>\n<p><span style=\"font-size: large;\">Tout cela est d\u00e9j\u00e0 beaucoup pour une premi\u00e8re ann\u00e9e et une commune dans laquelle depuis plus de 30 ans toute id\u00e9e d&rsquo;alternance est bannie.<\/span><\/p>\n<p><span style=\"font-size: large;\">Gageons que, gr\u00e2ce \u00e0 nous, certains esprits finiront par gagner en sagesse et admettront que les fonctions d&rsquo;\u00e9lus ne sont ni un d\u00fb, ni une propri\u00e9t\u00e9 immuable. Elles sont et doivent \u00eatre un temps d&rsquo;action au service de la collectivit\u00e9 et, si possible, d&rsquo;un id\u00e9al, jamais d&rsquo;une id\u00e9ologie. <\/span><\/p>\n<p><span style=\"font-size: large;\">Bon \u00e9t\u00e9 \u00e0 tous.<\/span><\/p>\n<p><span style=\"font-size: large;\">Antoine MEDVEDOWSKY<\/span><\/p>\n","protected":false},"excerpt":{"rendered":"<p>L&rsquo; Assembl\u00e9e G\u00e9n\u00e9rale de l&rsquo; Association La Tour d&rsquo;Aigues Pour Tous vient d&rsquo;avoir lieu. Heureuse surprise pour les fondateurs de l&rsquo;association, le bureau qui l&rsquo;anime et les 4 \u00e9lus d&rsquo;opposition qui en sont les repr\u00e9sentants au sein du Conseil Municipal, plus de soixante adh\u00e9rents \u00e9taient pr\u00e9sents ou repr\u00e9sent\u00e9s par des pouvoirs. Pratiquement toutes les adh\u00e9sions&hellip;&nbsp;<a href=\"https:\/\/www.latourpourtous.fr\/index.php\/2015\/07\/18\/la-tour-pour-tous-et-la-democratie\/\" rel=\"bookmark\"><span class=\"screen-reader-text\">La Tour pour Tous et la d\u00e9mocratie<\/span><\/a><\/p>\n","protected":false},"author":1,"featured_media":0,"comment_status":"closed","ping_status":"open","sticky":false,"template":"","format":"standard","meta":{"neve_meta_sidebar":"","neve_meta_container":"","neve_meta_enable_content_width":"","neve_meta_content_width":0,"neve_meta_title_alignment":"","neve_meta_author_avatar":"","neve_post_elements_order":"","neve_meta_disable_header":"","neve_meta_disable_footer":"","neve_meta_disable_title":"","footnotes":""},"categories":[5],"tags":[],"class_list":["post-425","post","type-post","status-publish","format-standard","hentry","category-editos"],"_links":{"self":[{"href":"https:\/\/www.latourpourtous.fr\/index.php\/wp-json\/wp\/v2\/posts\/425","targetHints":{"allow":["GET"]}}],"collection":[{"href":"https:\/\/www.latourpourtous.fr\/index.php\/wp-json\/wp\/v2\/posts"}],"about":[{"href":"https:\/\/www.latourpourtous.fr\/index.php\/wp-json\/wp\/v2\/types\/post"}],"author":[{"embeddable":true,"href":"https:\/\/www.latourpourtous.fr\/index.php\/wp-json\/wp\/v2\/users\/1"}],"replies":[{"embeddable":true,"href":"https:\/\/www.latourpourtous.fr\/index.php\/wp-json\/wp\/v2\/comments?post=425"}],"version-history":[{"count":1,"href":"https:\/\/www.latourpourtous.fr\/index.php\/wp-json\/wp\/v2\/posts\/425\/revisions"}],"predecessor-version":[{"id":1604,"href":"https:\/\/www.latourpourtous.fr\/index.php\/wp-json\/wp\/v2\/posts\/425\/revisions\/1604"}],"wp:attachment":[{"href":"https:\/\/www.latourpourtous.fr\/index.php\/wp-json\/wp\/v2\/media?parent=425"}],"wp:term":[{"taxonomy":"category","embeddable":true,"href":"https:\/\/www.latourpourtous.fr\/index.php\/wp-json\/wp\/v2\/categories?post=425"},{"taxonomy":"post_tag","embeddable":true,"href":"https:\/\/www.latourpourtous.fr\/index.php\/wp-json\/wp\/v2\/tags?post=425"}],"curies":[{"name":"wp","href":"https:\/\/api.w.org\/{rel}","templated":true}]}}