{"id":406,"date":"2015-04-09T13:32:49","date_gmt":"2015-04-09T11:32:49","guid":{"rendered":"http:\/\/latourdaiguespourtous.fr\/?p=406"},"modified":"2021-02-02T14:45:20","modified_gmt":"2021-02-02T13:45:20","slug":"editorial-avril-2015","status":"publish","type":"post","link":"https:\/\/www.latourpourtous.fr\/index.php\/2015\/04\/09\/editorial-avril-2015\/","title":{"rendered":"Editorial avril 2015"},"content":{"rendered":"<p>Les \u00e9lections d\u00e9partementales du Dimanche 29 Mars 2015 ont vu dans notre canton la victoire du bin\u00f4me P.S.\/E.E.L.V., avec 43% des voix, les 57% d&rsquo;opposants \u00e9tant divis\u00e9s entre les candidats soutenus respectivement par l&rsquo;UMP 34% et le FN 23%. On pourrait en conclure que ce dernier, d\u00e9lib\u00e9r\u00e9ment mis en avant de la sc\u00e8ne pendant toute la campagne \u00e9lectorale, a donc emp\u00each\u00e9 l&rsquo;alternance de se faire.<!--more--><br \/>\nAu niveau du D\u00e9partement en effet seuls 6 cantons sur 17 ont choisi le P.S., mais le F.N. en ayant gagn\u00e9 5, l&rsquo;UMP se trouve \u00e0 \u00e9galit\u00e9 avec le P.S. Selon la loi, au b\u00e9n\u00e9fice de l&rsquo;\u00e2ge, le nouveau Pr\u00e9sident de l&rsquo;assembl\u00e9e D\u00e9partementale est donc M.CHABERT, maire UMP de Gordes. Une fois la pr\u00e9sidence perdue, les \u00e9lus P.S. ayant choisi de n&rsquo;accepter aucun poste dans l&rsquo;ex\u00e9cutif c&rsquo;est donc une nouvelle gouvernance UMP qui assume la gestion du Vaucluse.<\/p>\n<p>Dans notre commune, J.F. LOVISOLO l&rsquo;a emport\u00e9 avec 61% des voix, score \u00e9gal \u00e0 celui qu&rsquo;il avait eu l&rsquo;ann\u00e9e derni\u00e8re lors des \u00e9lections municipales. Ce choix des Tourains est sans appel et nous devons naturellement f\u00e9liciter le maire de notre village pour ce succ\u00e8s.<br \/>\nUne fois pass\u00e9 le temps des \u00e9lections, qui est celui du droit \u00e0 l&rsquo;expression pour tous, et du choix libre et d\u00e9mocratique de chacun, le temps doit en effet \u00eatre \u00e0 l&rsquo;apaisement et \u00e0 l&rsquo;action.<br \/>\nIl est maintenant le Conseiller D\u00e9partemental de notre canton, et donc de l&rsquo;ensemble des Tourains. Nous esp\u00e9rons qu&rsquo;il saura tendre la main \u00e0 tous et, pour leur part, les \u00e9lus du groupe La Tour d&rsquo;Aigues Pour Tous restent pr\u00eats \u00e0 r\u00e9pondre \u00e0 toutes les ouvertures afin de travailler ensemble au profit de toute la population.<br \/>\nPar del\u00e0 nos diff\u00e9rences d&rsquo;appr\u00e9ciation, notre souci du bien commun doit pr\u00e9valoir, et associer nos expertises et nos id\u00e9es sur les principaux dossiers ne peut qu&rsquo;\u00eatre b\u00e9n\u00e9fique pour tous. Nous n&rsquo;avons d\u00e9sormais aucun pouvoir pour faire plus que ces propositions et \u00eatre attentifs \u00e0 l&rsquo;accueil qu&rsquo;elles recevront.<\/p>\n<p>Antoine MEDVEDOWSKY<\/p>\n","protected":false},"excerpt":{"rendered":"<p>Les \u00e9lections d\u00e9partementales du Dimanche 29 Mars 2015 ont vu dans notre canton la victoire du bin\u00f4me P.S.\/E.E.L.V., avec 43% des voix, les 57% d&rsquo;opposants \u00e9tant divis\u00e9s entre les candidats soutenus respectivement par l&rsquo;UMP 34% et le FN 23%. On pourrait en conclure que ce dernier, d\u00e9lib\u00e9r\u00e9ment mis en avant de la sc\u00e8ne pendant toute&hellip;&nbsp;<a href=\"https:\/\/www.latourpourtous.fr\/index.php\/2015\/04\/09\/editorial-avril-2015\/\" rel=\"bookmark\"><span class=\"screen-reader-text\">Editorial avril 2015<\/span><\/a><\/p>\n","protected":false},"author":1,"featured_media":0,"comment_status":"closed","ping_status":"open","sticky":false,"template":"","format":"standard","meta":{"neve_meta_sidebar":"","neve_meta_container":"","neve_meta_enable_content_width":"","neve_meta_content_width":0,"neve_meta_title_alignment":"","neve_meta_author_avatar":"","neve_post_elements_order":"","neve_meta_disable_header":"","neve_meta_disable_footer":"","neve_meta_disable_title":"","footnotes":""},"categories":[5],"tags":[],"class_list":["post-406","post","type-post","status-publish","format-standard","hentry","category-editos"],"_links":{"self":[{"href":"https:\/\/www.latourpourtous.fr\/index.php\/wp-json\/wp\/v2\/posts\/406","targetHints":{"allow":["GET"]}}],"collection":[{"href":"https:\/\/www.latourpourtous.fr\/index.php\/wp-json\/wp\/v2\/posts"}],"about":[{"href":"https:\/\/www.latourpourtous.fr\/index.php\/wp-json\/wp\/v2\/types\/post"}],"author":[{"embeddable":true,"href":"https:\/\/www.latourpourtous.fr\/index.php\/wp-json\/wp\/v2\/users\/1"}],"replies":[{"embeddable":true,"href":"https:\/\/www.latourpourtous.fr\/index.php\/wp-json\/wp\/v2\/comments?post=406"}],"version-history":[{"count":1,"href":"https:\/\/www.latourpourtous.fr\/index.php\/wp-json\/wp\/v2\/posts\/406\/revisions"}],"predecessor-version":[{"id":1605,"href":"https:\/\/www.latourpourtous.fr\/index.php\/wp-json\/wp\/v2\/posts\/406\/revisions\/1605"}],"wp:attachment":[{"href":"https:\/\/www.latourpourtous.fr\/index.php\/wp-json\/wp\/v2\/media?parent=406"}],"wp:term":[{"taxonomy":"category","embeddable":true,"href":"https:\/\/www.latourpourtous.fr\/index.php\/wp-json\/wp\/v2\/categories?post=406"},{"taxonomy":"post_tag","embeddable":true,"href":"https:\/\/www.latourpourtous.fr\/index.php\/wp-json\/wp\/v2\/tags?post=406"}],"curies":[{"name":"wp","href":"https:\/\/api.w.org\/{rel}","templated":true}]}}