{"id":378,"date":"2015-02-28T22:15:37","date_gmt":"2015-02-28T21:15:37","guid":{"rendered":"http:\/\/latourdaiguespourtous.fr\/?p=378"},"modified":"2021-02-02T14:44:55","modified_gmt":"2021-02-02T13:44:55","slug":"chateau-apres-la-dissolution-brutale-de-lassociation-nos-propositions","status":"publish","type":"post","link":"https:\/\/www.latourpourtous.fr\/index.php\/2015\/02\/28\/chateau-apres-la-dissolution-brutale-de-lassociation-nos-propositions\/","title":{"rendered":"Ch\u00e2teau : Apr\u00e8s la dissolution brutale de l&rsquo;Association, nos propositions"},"content":{"rendered":"<p style=\"margin-bottom: 0cm;\"><span style=\"font-size: medium;\"><img loading=\"lazy\" decoding=\"async\" class=\"alignright wp-image-381 size-medium\" src=\"http:\/\/latourdaiguespourtous.fr\/WordPress3\/wp-content\/uploads\/2015\/02\/Panorama_chateau-300x151.jpg\" alt=\"Panorama_chateau\" width=\"300\" height=\"151\" srcset=\"https:\/\/www.latourpourtous.fr\/wp-content\/uploads\/2015\/02\/Panorama_chateau-300x151.jpg 300w, https:\/\/www.latourpourtous.fr\/wp-content\/uploads\/2015\/02\/Panorama_chateau.jpg 480w\" sizes=\"auto, (max-width: 300px) 100vw, 300px\" \/>Propri\u00e9t\u00e9 du d\u00e9partement du Vaucluse depuis 1897, le ch\u00e2teau de La Tour d&rsquo;Aigues constitue sans aucun doute un des plus grandioses t\u00e9moignages de l&rsquo;architecture priv\u00e9e de la Renaissance.<\/span><\/p>\n<p style=\"margin-bottom: 0cm;\"><span style=\"font-size: medium;\">Cet \u00e9difice majestueux, qui re\u00e7ut Catherine de Medicis en 1574, connut un triste destin puisque, d&rsquo;abord partiellement endommag\u00e9 par un incendie en 1782, il subit 10 ans plus tard l\u2019\u0153uvre de destruction des r\u00e9volutionnaires.<\/span><\/p>\n<p>&nbsp;<\/p>\n<p style=\"margin-bottom: 0cm;\"><span style=\"font-size: medium;\">La richesse du patrimoine historique et la vocation touristique du Sud-Luberon permettaient la cr\u00e9ation d&rsquo;un p\u00f4le de d\u00e9veloppement culturel et touristique adapt\u00e9 \u00e0 l&rsquo;\u00e9conomie locale, et c&rsquo;est dans cet esprit que l&rsquo;Assembl\u00e9e D\u00e9partementale a, en 1980, d\u00e9cid\u00e9 d&rsquo;une restauration partielle du ch\u00e2teau et d&rsquo;un am\u00e9nagement de ses caves et de son pavillon sud-est.<\/span><\/p>\n<p>&nbsp;<\/p>\n<p style=\"margin-bottom: 0cm;\"><span style=\"font-size: medium;\">L&rsquo;objectif \u00e9tait d&rsquo;y inclure le Mus\u00e9e des Fa\u00efences, exposant les pi\u00e8ces mises \u00e0 jour pendant les fouilles &#8211; ce qui a \u00e9t\u00e9 fait-, une antenne du Parc Naturel R\u00e9gional du Luberon, -\u00e9galement r\u00e9alis\u00e9e-, de m\u00eame que le p\u00f4le d&rsquo;information touristique locale. Le Mus\u00e9e de la Vigne et du Vin et l&rsquo;exposition permanente des fleurons d&rsquo;une agriculture locale diversifi\u00e9e, eux aussi initialement pr\u00e9vus, n&rsquo;ont, par contre, jamais vu le jour.<\/span><\/p>\n<p>&nbsp;<\/p>\n<p style=\"margin-bottom: 0cm;\"><span style=\"font-size: medium;\">Sur le plan de l&rsquo;animation culturelle et artistique,<\/span> le Ch\u00e2teau de La Tour d&rsquo;Aigues a repr\u00e9sent\u00e9 un lieu embl\u00e9matique non seulement pour La Tour d&rsquo;Aigues mais pour toute la vall\u00e9e d&rsquo;Aigues. Une association dynamique y organisait des expositions th\u00e9matiques de haut niveau, des vernissages nombreux et vari\u00e9s, et surtout des spectacles et un Festival d&rsquo;\u00e9t\u00e9 \u00e0 grand rayonnement local et r\u00e9gional.<\/p>\n<p style=\"margin-bottom: 0cm;\">On se souvient des concerts de l&rsquo;Orchestre des Jeunes de la M\u00e9diterran\u00e9e, des spectacles du th\u00e9\u00e2tre du Chronope et celui du Ch\u00eane Noir, des spectacles de danse du Ballet des Jeunes d&rsquo;Europe de Jean Charles Gil, et de la troupe de Josette Ba\u00efz. Plusieurs centaines de spectateurs se pressaient alors sur les gradins.<\/p>\n<p style=\"margin-bottom: 0cm;\">Le donjon gardait sa fonction de fond de sc\u00e8ne et les spectateurs avaient une salle de spectacle largement ouverte devant eux.<\/p>\n<p>&nbsp;<\/p>\n<p style=\"margin-bottom: 0cm;\"><img loading=\"lazy\" decoding=\"async\" class=\"alignleft wp-image-384 size-full\" src=\"http:\/\/latourdaiguespourtous.fr\/WordPress3\/wp-content\/uploads\/2015\/02\/SPECTACLEBR.jpg\" alt=\"SPECTACLEBR\" width=\"170\" height=\"115\" \/>Le Ch\u00e2teau, \u00e0 l&rsquo;\u00e9poque \u00ab\u00a0heureuse\u00a0\u00bb dont nous parlons, s&rsquo;en sortait toujours\u00a0! Le budget annuel \u00e9tait de 300.000 \u20ac\u00a0; les subventions de 200.000 \u20ac dont 170.000 du Conseil G\u00e9n\u00e9ral, et les fonds propres de l&rsquo;association faisaient le reste. Le C.G en avait m\u00eame fait le p\u00f4le Culturel du Sud Luberon.<\/p>\n<p style=\"margin-bottom: 0cm;\">Il y avait certes 10.000 \u20ac de d\u00e9ficit chaque ann\u00e9e, mais ce n&rsquo;\u00e9tait pas la mer \u00e0 boire. La commune, ou Cotelub, sollicit\u00e9es par les Pr\u00e9sidents successifs, auraient pu le prendre en charge et p\u00e9renniser ainsi ce lieu de culture embl\u00e9matique pour le Sud Luberon s&rsquo;il y en avait eu la volont\u00e9.<\/p>\n<p style=\"margin-bottom: 0cm;\">La mauvaise gestion du Conseil G\u00e9n\u00e9ral sortant, habitu\u00e9 \u00e0 voter son budget le plus tard possible, et surtout \u00e0 ne lib\u00e9rer les subventions promises qu&rsquo;avec plusieurs mois de retard, et sans qu&rsquo;on sache \u00e0 l&rsquo;avance ni quand ni comment, n&rsquo;a rien arrang\u00e9 !<\/p>\n<p>&nbsp;<\/p>\n<p style=\"margin-bottom: 0cm;\">L&rsquo; Association du Ch\u00e2teau avait obtenu du Conseil G\u00e9n\u00e9ral des plans de gestion triennaux associant objectifs d&rsquo;engagements et subventions correspondantes. Ces plans ont \u00e9t\u00e9 brutalement supprim\u00e9es, d\u00e9sorganisant les finances et surtout privant l&rsquo;association du soutien bancaire puisque son financement par la tutelle n&rsquo;\u00e9tait plus s\u00e9curis\u00e9.<\/p>\n<p style=\"margin-bottom: 0cm;\">Le C.G. a par ailleurs d\u00e9cid\u00e9 du plus mauvais choix de nouveaux gradins (un autre projet avait \u00e9t\u00e9 choisi \u00e0 l&rsquo;unanimit\u00e9 par l&rsquo;ancien bureau). Le choix funeste de ces mauvais gradins, laids et inconfortables, en position lat\u00e9rale, d\u00e9montables chaque ann\u00e9e, avec manutention et stockage, ont co\u00fbt\u00e9 une fortune\u00a0: 60.000 \u20ac par an\u00a0! Ils ont priv\u00e9 le Ch\u00e2teau de sa magnifique sc\u00e8ne et du fond de sc\u00e8ne que repr\u00e9sentait le Donjon. Le public ne s&rsquo;y est plus retrouv\u00e9 et l&rsquo;a fait savoir.<\/p>\n<p>&nbsp;<\/p>\n<p style=\"margin-bottom: 0cm;\">En outre, le C.G., avec l&rsquo;accord du Maire actuel, a en 2010 impos\u00e9 le choix d&rsquo;une association de Jazz et Musique Improvis\u00e9e (AJMI), amie \u00e0 plusieurs titres de nos \u00e9lus sortants, \u00e0 laquelle il a attribu\u00e9 la quasi totalit\u00e9 de la subvention destin\u00e9e au festival d&rsquo;\u00e9t\u00e9 et \u00e0 l&rsquo;animation culturelle du Ch\u00e2teau\u00a0. Il s&rsquo;agissait quand m\u00eame de 24000 \u20ac par an, ainsi\u00a0\u00abenlev\u00e9s\u00a0\u00bb \u00e0 l&rsquo;association du Ch\u00e2teau pendant 4 ans, soit 96.000 \u20ac\u00a0! Ce projet, men\u00e9 au m\u00e9pris total de la mission confi\u00e9e \u00e0 l&rsquo;association par le C.G. lui m\u00eame, sans aucune concertation, sans r\u00e9flexion quant \u00e0 sa pertinence et sa possibilit\u00e9 technique d&rsquo;existence \u00e0 long terme, a \u00e9t\u00e9 un \u00e9chec cuisant et le r\u00e9sultat de cet opportunisme mal plac\u00e9 est l\u00e0.<\/p>\n<p>&nbsp;<\/p>\n<p style=\"margin-bottom: 0cm;\">Tous ces choix, d\u00e9cid\u00e9s unilat\u00e9ralement contre l&rsquo;avis de l&rsquo;association gestionnaire, par le C.G. et le Maire actuel, ont ainsi fait \u00ab\u00a0fuir\u00a0\u00bb le nombreux public habituel des saisons d&rsquo;\u00e9t\u00e9 du Ch\u00e2teau qui venait y voir du th\u00e9\u00e2tre et de la danse, et ont pr\u00e9cipit\u00e9 dans le rouge les finances de l&rsquo;association pour aboutir au naufrage actuel. Et l&rsquo;absence de responsable comp\u00e9tent a \u00e9galement laiss\u00e9 le personnel orphelin d&rsquo; une direction d&rsquo;animation pour aboutir aujourd&rsquo;hui \u00e0 le priver de son outil de travail et donc de son emploi.<\/p>\n<p style=\"margin-bottom: 0cm;\">Pourtant, les responsables de l&rsquo;association ont pendant ces p\u00e9riodes, \u00e0 de nombreuses reprises, par courriers r\u00e9p\u00e9t\u00e9s et par des rencontres, alert\u00e9s le C.G. de la situation g\u00e9n\u00e9r\u00e9e par l\u2019absence de convention, les financements incertains et l\u2019absence de concertation sur le projet culturel et artistique.<\/p>\n<p>&nbsp;<\/p>\n<p style=\"margin-bottom: 0cm;\">On peut donc bien dire que ce sont sa surdit\u00e9 \u00e0 ces alertes et les diktats irr\u00e9fl\u00e9chis du Conseil G\u00e9n\u00e9ral sortant, associ\u00e9s depuis un mandat \u00e0 une absence totale de volont\u00e9 municipale, et \u00e0 une absence de direction coh\u00e9rente sur place, qui ont abouti \u00e0 ce fiasco.<\/p>\n<p>&nbsp;<\/p>\n<p style=\"margin-bottom: 0cm;\">Nous ne laisserons pas se fermer les portes du Ch\u00e2teau de La Tour d&rsquo;Aigues, ni dispara\u00eetre ce lieu de culture embl\u00e9matique pour la vall\u00e9e sans rien dire\u00a0!<\/p>\n<p>&nbsp;<\/p>\n<p style=\"margin-bottom: 0cm;\">Les salaires et charges absorbaient la totalit\u00e9 des subventions (200.000\u20ac pour 5 emplois, et plus en saison), et il ne restait rien pour les activit\u00e9s culturelles et artistiques.<\/p>\n<p style=\"margin-bottom: 0cm;\">Il faut donc soit que ces derni\u00e8res s&rsquo;autofinancent compl\u00e8tement, et on sait bien que c&rsquo;est quasi impossible, soit r\u00e9duire les charges.<\/p>\n<p><a id=\"1\" name=\"1\"><\/a><\/p>\n<p style=\"margin-bottom: 0cm;\"><a id=\"1\" name=\"1\"><\/a>Nous proposons de dissocier d&rsquo;une part la gestion du Ch\u00e2teau lui-m\u00eame: entretien du monument, visites historiques, Mus\u00e9e des Faiences, et les salaires et charges s&rsquo;y rattachant, qui sont de la seule comp\u00e9tence du C.G.<\/p>\n<p style=\"margin-bottom: 0cm;\">De l&rsquo;autre, le projet culturel et artistique, exclusivement du domaine associatif, dont les charges doivent \u00eatre assum\u00e9s par la commune et Cotelub, avec l&rsquo;aide des associations b\u00e9n\u00e9voles correspondantes, selon les variables saisonni\u00e8res.<\/p>\n<p style=\"margin-bottom: 0cm;\">Nous demandons au futur Conseiller D\u00e9partemental de mettre devant leurs responsabilit\u00e9s la municipalit\u00e9 de La Tour d&rsquo;Aigues et Cotelub pour qu&rsquo;elles assument enfin, en partage avec le Conseil G\u00e9n\u00e9ral, l&rsquo;avenir de ce monument phare de la vall\u00e9e d&rsquo;Aigues\u00a0.<\/p>\n<p>&nbsp;<\/p>\n<p style=\"margin-bottom: 0cm;\">Antoine MEDVEDOWSKY et Christian OSTERMANN<\/p>\n<p style=\"margin-bottom: 0cm;\">Anciens Pr\u00e9sidents de l&rsquo;Association Ch\u00e2teau de La Tour d&rsquo;Aigues<\/p>\n<hr \/>\n<p style=\"margin-bottom: 0cm;\"><a href=\"http:\/\/latourdaiguespourtous.fr\/WordPress3\/wp-content\/uploads\/2015\/02\/2.Maurice.jpg\"><img loading=\"lazy\" decoding=\"async\" class=\"alignleft wp-image-387\" src=\"http:\/\/latourdaiguespourtous.fr\/WordPress3\/wp-content\/uploads\/2015\/02\/2.Maurice-204x300.jpg\" alt=\"OLYMPUS DIGITAL CAMERA\" width=\"166\" height=\"244\" srcset=\"https:\/\/www.latourpourtous.fr\/wp-content\/uploads\/2015\/02\/2.Maurice-204x300.jpg 204w, https:\/\/www.latourpourtous.fr\/wp-content\/uploads\/2015\/02\/2.Maurice.jpg 604w\" sizes=\"auto, (max-width: 166px) 100vw, 166px\" \/><\/a><span style=\"color: #ff00ff;\"><strong>Merci Maurice<\/strong><\/span><br \/>\nLe 30 Novembre dernier, notre cher ami Maurice nous a quitt\u00e9 dans sa 87\u00e8me ann\u00e9e, avec sa discr\u00e9tion et son \u00e9l\u00e9gance habituelle, sans rien dire, mais apr\u00e8s plusieurs mois d&rsquo;\u00e9preuves.<\/p>\n<p style=\"margin-bottom: 0cm;\">Pendant 12 ans, il nous a accompagn\u00e9 dans la gestion et l&rsquo;animation de l&rsquo;Association du Ch\u00e2teau de La Tour d&rsquo;Aigues, tout \u00e0 sa fonction de secr\u00e9taire pendant 8 ans, avec des apports toujours marqu\u00e9s de bon sens et de sagesse.<\/p>\n<p style=\"margin-bottom: 0cm;\">Cet article sur la fin de \u00ab\u00a0notre\u00a0\u00bb association, nous avions commenc\u00e9 \u00e0 en parler avec toi et nous te le d\u00e9dions ; merci Maurice pour tout ce que tu as apport\u00e9 aux autres.<\/p>\n<p style=\"margin-bottom: 0cm;\">Antoine MEDVEDOWSKY<\/p>\n<hr \/>\n","protected":false},"excerpt":{"rendered":"<p>Les choix du Maire actuel, ont fait \u00ab\u00a0fuir\u00a0\u00bb le nombreux public habituel des saisons d&rsquo;\u00e9t\u00e9 du Ch\u00e2teau qui venait y voir du th\u00e9\u00e2tre et de la danse, et ont pr\u00e9cipit\u00e9 dans le rouge les finances de l&rsquo;association pour aboutir au naufrage actuel. Nous ne laisserons pas se fermer les portes du Ch\u00e2teau de La Tour d&rsquo;Aigues, ni dispara\u00eetre ce lieu de culture embl\u00e9matique pour la vall\u00e9e sans rien dire\u00a0!<\/p>\n","protected":false},"author":1,"featured_media":0,"comment_status":"closed","ping_status":"open","sticky":false,"template":"","format":"standard","meta":{"neve_meta_sidebar":"","neve_meta_container":"","neve_meta_enable_content_width":"","neve_meta_content_width":0,"neve_meta_title_alignment":"","neve_meta_author_avatar":"","neve_post_elements_order":"","neve_meta_disable_header":"","neve_meta_disable_footer":"","neve_meta_disable_title":"","footnotes":""},"categories":[6],"tags":[],"class_list":["post-378","post","type-post","status-publish","format-standard","hentry","category-culture-2"],"_links":{"self":[{"href":"https:\/\/www.latourpourtous.fr\/index.php\/wp-json\/wp\/v2\/posts\/378","targetHints":{"allow":["GET"]}}],"collection":[{"href":"https:\/\/www.latourpourtous.fr\/index.php\/wp-json\/wp\/v2\/posts"}],"about":[{"href":"https:\/\/www.latourpourtous.fr\/index.php\/wp-json\/wp\/v2\/types\/post"}],"author":[{"embeddable":true,"href":"https:\/\/www.latourpourtous.fr\/index.php\/wp-json\/wp\/v2\/users\/1"}],"replies":[{"embeddable":true,"href":"https:\/\/www.latourpourtous.fr\/index.php\/wp-json\/wp\/v2\/comments?post=378"}],"version-history":[{"count":1,"href":"https:\/\/www.latourpourtous.fr\/index.php\/wp-json\/wp\/v2\/posts\/378\/revisions"}],"predecessor-version":[{"id":1880,"href":"https:\/\/www.latourpourtous.fr\/index.php\/wp-json\/wp\/v2\/posts\/378\/revisions\/1880"}],"wp:attachment":[{"href":"https:\/\/www.latourpourtous.fr\/index.php\/wp-json\/wp\/v2\/media?parent=378"}],"wp:term":[{"taxonomy":"category","embeddable":true,"href":"https:\/\/www.latourpourtous.fr\/index.php\/wp-json\/wp\/v2\/categories?post=378"},{"taxonomy":"post_tag","embeddable":true,"href":"https:\/\/www.latourpourtous.fr\/index.php\/wp-json\/wp\/v2\/tags?post=378"}],"curies":[{"name":"wp","href":"https:\/\/api.w.org\/{rel}","templated":true}]}}