{"id":366,"date":"2015-03-01T21:49:51","date_gmt":"2015-03-01T20:49:51","guid":{"rendered":"http:\/\/latourdaiguespourtous.fr\/?p=366"},"modified":"2021-02-02T14:45:20","modified_gmt":"2021-02-02T13:45:20","slug":"editorial-mars-2015","status":"publish","type":"post","link":"https:\/\/www.latourpourtous.fr\/index.php\/2015\/03\/01\/editorial-mars-2015\/","title":{"rendered":"Editorial mars 2015"},"content":{"rendered":"<div id=\"titreg\">\n<p style=\"margin-bottom: 0cm;\"><span style=\"font-size: large;\"><span style=\"color: #000080;\"><span style=\"color: #000080;\"><span style=\"color: #000080;\"><strong><a href=\"http:\/\/latourdaiguespourtous.fr\/WordPress3\/wp-content\/uploads\/2014\/09\/Antoine_Medvedowsky_septembre_2014.jpg\"><img loading=\"lazy\" decoding=\"async\" class=\"alignleft wp-image-285 \" src=\"http:\/\/latourdaiguespourtous.fr\/WordPress3\/wp-content\/uploads\/2014\/09\/Antoine_Medvedowsky_septembre_2014-199x300.jpg\" alt=\"Antoine_Medvedowsky_septembre_2014\" width=\"152\" height=\"229\" srcset=\"https:\/\/www.latourpourtous.fr\/wp-content\/uploads\/2014\/09\/Antoine_Medvedowsky_septembre_2014-199x300.jpg 199w, https:\/\/www.latourpourtous.fr\/wp-content\/uploads\/2014\/09\/Antoine_Medvedowsky_septembre_2014.jpg 400w\" sizes=\"auto, (max-width: 152px) 100vw, 152px\" \/><\/a><\/strong><\/span><\/span><\/span>Chers Amis,<\/span><\/p>\n<p>&nbsp;<\/p>\n<p style=\"margin-bottom: 0cm;\"><span style=\"font-size: large;\">Les 22 et 29 Mars prochain auront lieu les \u00e9lections d\u00e9partementales (ex-Cantonales qui devaient par mesure d&rsquo;\u00e9conomie se fondre avec les r\u00e9gionales eu une seule entit\u00e9 Territoriale, mais&#8230;.). Elles doivent nous permettre d&rsquo;\u00e9lire de nouveaux Conseillers pour un nouveau Conseil G\u00e9n\u00e9ral.<\/span><\/p>\n<p style=\"margin-bottom: 0cm;\"><span style=\"font-size: large;\">Ces \u00e9lections sont tr\u00e8s importantes notamment sur le plan local car les sommes \u00e0 g\u00e9rer \u2013 nos imp\u00f4ts \u2013 sont importantes et qu&rsquo;il est temps de se pr\u00e9occuper de leur utilisation.<\/span><\/p>\n<p style=\"margin-bottom: 0cm;\"><span style=\"font-size: large;\">Pendant la derni\u00e8re campagne pour les \u00e9lections municipales nous avons soulev\u00e9 de nombreuses questions auxquelles nous avons apport\u00e9 des propositions.<\/span><\/p>\n<\/div>\n<p><!--more--><\/p>\n<div id=\"titreg\">\n<p style=\"margin-bottom: 0cm;\"><span style=\"font-size: large;\">Parmi les comp\u00e9tences du Conseil G\u00e9n\u00e9ral il me semble que certaines doivent nous interpeller tout particuli\u00e8rement :<br \/>\n<\/span><\/p>\n<p style=\"margin-bottom: 0cm;\"><span style=\"font-size: large;\">Les transports publics, car on sait bien que 80% des emplois non exerc\u00e9s dans la commune le sont dans les zones commerciales de Pertuis et du Pays d&rsquo;Aix. Une articulation \u00e9troite, efficace, et entretenue entre les 2 r\u00e9seaux du Conseil G\u00e9n\u00e9ral et de la CAPA est donc plus qu&rsquo;indispensable, c&rsquo;est une n\u00e9cessit\u00e9 pour tous. Il en va de m\u00eame pour l&rsquo;acc\u00e8s aux p\u00f4les de sant\u00e9, h\u00f4pitaux et cliniques, et pour l&rsquo;universit\u00e9.<\/span><\/p>\n<p style=\"margin-bottom: 0cm;\"><span style=\"font-size: large;\">La circulation et les routes, car pour les m\u00eames raisons on ne peut accepter de voir reculer d&rsquo;ann\u00e9e en ann\u00e9e la fin du contournement de Pertuis et de l&rsquo;acc\u00e8s au Pont de Durance. <\/span><\/p>\n<p style=\"margin-bottom: 0cm;\"><span style=\"font-size: large;\">L&rsquo;am\u00e9nagement des entr\u00e9es et sorties de nos villages doit aller de pair avec cette r\u00e9organisation des transports et ces am\u00e9liorations routi\u00e8res avec notamment la multiplication des parkings de covoiturage.<\/span><\/p>\n<p style=\"margin-bottom: 0cm;\"><span style=\"font-size: large;\">L&rsquo;aide \u00e0 l&#8217;emploi, pour beaucoup d&rsquo;entre nous, impose de tisser des liens de communication \u00e9troits avec les zones de dynamisme les plus proches, c&rsquo;est \u00e0 dire celles de Pertuis, du CEA, d&rsquo; ITER et de ses sous-traitants, et du Pays d&rsquo;Aix tout entier.<\/span><\/p>\n<p style=\"margin-bottom: 0cm;\"><span style=\"font-size: large;\">Notre Ch\u00e2teau aussi, bien s\u00fbr, \u00e0 propos duquel on peut se demander pourquoi, apr\u00e8s l&rsquo;avoir aid\u00e9 pendant des ann\u00e9es, le Conseil G\u00e9n\u00e9ral actuel l&rsquo;a laiss\u00e9 tomber brutalement, et pourquoi le Maire actuel n&rsquo;a pas fait ce qu&rsquo;il fallait pour maintenir l&rsquo;association en vie et emp\u00eacher sa dissolution. Nous avons des explications \u00e0 donner et des propositions \u00e0 faire ( voir le d\u00e9tail en page int\u00e9rieure).<\/span><\/p>\n<p>&nbsp;<\/p>\n<p style=\"margin-bottom: 0cm;\"><span style=\"font-size: large;\">Nous nous sommes largement exprim\u00e9s sur chacun de ces dossiers. Leur importance interdit de s&rsquo;abstenir. Soyez attentifs aux engagements des candidats : par votre vote, vous pouvez enfin permettre \u00e0 la prochaine assembl\u00e9e d\u00e9partementale de mettre en place nos propositions.<\/span><\/p>\n<p style=\"margin-bottom: 0cm;\"><span style=\"font-size: large;\">L&rsquo;abstention est la politique du pire qui ne profite qu&rsquo;aux extr\u00eames habitu\u00e9s aux promesses faciles mais aux solutions hasardeuses ou inapplicables.<\/span><\/p>\n<p>&nbsp;<\/p>\n<p style=\"margin-bottom: 0cm;\"><span style=\"font-size: large;\"> Antoine Medvedowsky<\/span><\/p>\n<\/div>\n<p><!--more--><\/p>\n<p><!--more--><\/p>\n","protected":false},"excerpt":{"rendered":"<p>Chers Amis, &nbsp; Les 22 et 29 Mars prochain auront lieu les \u00e9lections d\u00e9partementales (ex-Cantonales qui devaient par mesure d&rsquo;\u00e9conomie se fondre avec les r\u00e9gionales eu une seule entit\u00e9 Territoriale, mais&#8230;.). Elles doivent nous permettre d&rsquo;\u00e9lire de nouveaux Conseillers pour un nouveau Conseil G\u00e9n\u00e9ral. Ces \u00e9lections sont tr\u00e8s importantes notamment sur le plan local car&hellip;&nbsp;<a href=\"https:\/\/www.latourpourtous.fr\/index.php\/2015\/03\/01\/editorial-mars-2015\/\" rel=\"bookmark\"><span class=\"screen-reader-text\">Editorial mars 2015<\/span><\/a><\/p>\n","protected":false},"author":1,"featured_media":0,"comment_status":"closed","ping_status":"open","sticky":false,"template":"","format":"standard","meta":{"neve_meta_sidebar":"","neve_meta_container":"","neve_meta_enable_content_width":"","neve_meta_content_width":0,"neve_meta_title_alignment":"","neve_meta_author_avatar":"","neve_post_elements_order":"","neve_meta_disable_header":"","neve_meta_disable_footer":"","neve_meta_disable_title":"","footnotes":""},"categories":[5],"tags":[],"class_list":["post-366","post","type-post","status-publish","format-standard","hentry","category-editos"],"_links":{"self":[{"href":"https:\/\/www.latourpourtous.fr\/index.php\/wp-json\/wp\/v2\/posts\/366","targetHints":{"allow":["GET"]}}],"collection":[{"href":"https:\/\/www.latourpourtous.fr\/index.php\/wp-json\/wp\/v2\/posts"}],"about":[{"href":"https:\/\/www.latourpourtous.fr\/index.php\/wp-json\/wp\/v2\/types\/post"}],"author":[{"embeddable":true,"href":"https:\/\/www.latourpourtous.fr\/index.php\/wp-json\/wp\/v2\/users\/1"}],"replies":[{"embeddable":true,"href":"https:\/\/www.latourpourtous.fr\/index.php\/wp-json\/wp\/v2\/comments?post=366"}],"version-history":[{"count":1,"href":"https:\/\/www.latourpourtous.fr\/index.php\/wp-json\/wp\/v2\/posts\/366\/revisions"}],"predecessor-version":[{"id":1606,"href":"https:\/\/www.latourpourtous.fr\/index.php\/wp-json\/wp\/v2\/posts\/366\/revisions\/1606"}],"wp:attachment":[{"href":"https:\/\/www.latourpourtous.fr\/index.php\/wp-json\/wp\/v2\/media?parent=366"}],"wp:term":[{"taxonomy":"category","embeddable":true,"href":"https:\/\/www.latourpourtous.fr\/index.php\/wp-json\/wp\/v2\/categories?post=366"},{"taxonomy":"post_tag","embeddable":true,"href":"https:\/\/www.latourpourtous.fr\/index.php\/wp-json\/wp\/v2\/tags?post=366"}],"curies":[{"name":"wp","href":"https:\/\/api.w.org\/{rel}","templated":true}]}}