{"id":356,"date":"2015-01-07T20:20:53","date_gmt":"2015-01-07T19:20:53","guid":{"rendered":"http:\/\/latourdaiguespourtous.fr\/?p=356"},"modified":"2015-01-07T20:20:53","modified_gmt":"2015-01-07T19:20:53","slug":"attentat-charlie-hebdo","status":"publish","type":"post","link":"https:\/\/www.latourpourtous.fr\/index.php\/2015\/01\/07\/attentat-charlie-hebdo\/","title":{"rendered":"Attentat contre Charlie Hebdo"},"content":{"rendered":"<p>Emotion, rage, tristesse et d\u00e9go\u00fbt devant l&rsquo;attentat contre Charlie Hebdo et l&rsquo;assassinat de 10 journalistes et de 2 policiers par des terroristes.<br \/>\nLa premi\u00e8re priorit\u00e9 doit \u00eatre la fermet\u00e9 \u00e0 pourchasser jusqu&rsquo;au bout et \u00e0 punir comme il se doit ces sauvages et \u00e0 ne pas c\u00e9der devant cette attaque barbare contre notre d\u00e9mocratie.<br \/>\nLa deuxi\u00e8me priorit\u00e9 est de ne pas tomber dans le pi\u00e8ge tendu de l&rsquo;amalgame visant \u00e0 diviser notre soci\u00e9t\u00e9 de libert\u00e9. L&rsquo;unit\u00e9 nationale est imp\u00e9rative et doit \u00eatre aussi notre force dans ces \u00e9preuves.<br \/>\nSachons nous montrer dignes et en m\u00eame temps intraitables contre ces fous.<\/p>\n","protected":false},"excerpt":{"rendered":"<p>Emotion, rage, tristesse et d\u00e9go\u00fbt devant l&rsquo;attentat contre Charlie Hebdo et l&rsquo;assassinat de 10 journalistes et de 2 policiers par des terroristes. La premi\u00e8re priorit\u00e9 doit \u00eatre la fermet\u00e9 \u00e0 pourchasser jusqu&rsquo;au bout et \u00e0 punir comme il se doit ces sauvages et \u00e0 ne pas c\u00e9der devant cette attaque barbare contre notre d\u00e9mocratie. La&hellip;&nbsp;<a href=\"https:\/\/www.latourpourtous.fr\/index.php\/2015\/01\/07\/attentat-charlie-hebdo\/\" rel=\"bookmark\"><span class=\"screen-reader-text\">Attentat contre Charlie Hebdo<\/span><\/a><\/p>\n","protected":false},"author":1,"featured_media":0,"comment_status":"closed","ping_status":"open","sticky":false,"template":"","format":"standard","meta":{"neve_meta_sidebar":"","neve_meta_container":"","neve_meta_enable_content_width":"","neve_meta_content_width":0,"neve_meta_title_alignment":"","neve_meta_author_avatar":"","neve_post_elements_order":"","neve_meta_disable_header":"","neve_meta_disable_footer":"","neve_meta_disable_title":"","footnotes":""},"categories":[8],"tags":[],"class_list":["post-356","post","type-post","status-publish","format-standard","hentry","category-politique"],"_links":{"self":[{"href":"https:\/\/www.latourpourtous.fr\/index.php\/wp-json\/wp\/v2\/posts\/356","targetHints":{"allow":["GET"]}}],"collection":[{"href":"https:\/\/www.latourpourtous.fr\/index.php\/wp-json\/wp\/v2\/posts"}],"about":[{"href":"https:\/\/www.latourpourtous.fr\/index.php\/wp-json\/wp\/v2\/types\/post"}],"author":[{"embeddable":true,"href":"https:\/\/www.latourpourtous.fr\/index.php\/wp-json\/wp\/v2\/users\/1"}],"replies":[{"embeddable":true,"href":"https:\/\/www.latourpourtous.fr\/index.php\/wp-json\/wp\/v2\/comments?post=356"}],"version-history":[{"count":0,"href":"https:\/\/www.latourpourtous.fr\/index.php\/wp-json\/wp\/v2\/posts\/356\/revisions"}],"wp:attachment":[{"href":"https:\/\/www.latourpourtous.fr\/index.php\/wp-json\/wp\/v2\/media?parent=356"}],"wp:term":[{"taxonomy":"category","embeddable":true,"href":"https:\/\/www.latourpourtous.fr\/index.php\/wp-json\/wp\/v2\/categories?post=356"},{"taxonomy":"post_tag","embeddable":true,"href":"https:\/\/www.latourpourtous.fr\/index.php\/wp-json\/wp\/v2\/tags?post=356"}],"curies":[{"name":"wp","href":"https:\/\/api.w.org\/{rel}","templated":true}]}}