{"id":348,"date":"2015-01-04T14:14:06","date_gmt":"2015-01-04T13:14:06","guid":{"rendered":"http:\/\/latourdaiguespourtous.fr\/?p=348"},"modified":"2020-01-02T17:23:48","modified_gmt":"2020-01-02T16:23:48","slug":"bonne-annee-2015","status":"publish","type":"post","link":"https:\/\/www.latourpourtous.fr\/index.php\/2015\/01\/04\/bonne-annee-2015\/","title":{"rendered":"Bonne ann\u00e9e 2015"},"content":{"rendered":"<div id=\"titreg\">\n<p align=\"left\"><span style=\"color: #000080;\"><span style=\"color: #000080;\"><span style=\"color: #000080;\"><span style=\"color: #000080;\"><strong><a href=\"http:\/\/latourdaiguespourtous.fr\/WordPress3\/wp-content\/uploads\/2014\/09\/Antoine_Medvedowsky_septembre_2014.jpg\"><img loading=\"lazy\" decoding=\"async\" class=\"alignleft wp-image-285 \" src=\"http:\/\/latourdaiguespourtous.fr\/WordPress3\/wp-content\/uploads\/2014\/09\/Antoine_Medvedowsky_septembre_2014-199x300.jpg\" alt=\"Antoine_Medvedowsky_septembre_2014\" width=\"152\" height=\"229\" srcset=\"https:\/\/www.latourpourtous.fr\/wp-content\/uploads\/2014\/09\/Antoine_Medvedowsky_septembre_2014-199x300.jpg 199w, https:\/\/www.latourpourtous.fr\/wp-content\/uploads\/2014\/09\/Antoine_Medvedowsky_septembre_2014.jpg 400w\" sizes=\"auto, (max-width: 152px) 100vw, 152px\" \/><\/a><\/strong><\/span><\/span><\/span><\/span><\/p>\n<p>Chers Amis,<br \/>\nPour ce d\u00e9but de nouvelle ann\u00e9e je me suis largement inspir\u00e9 des v\u0153ux prononc\u00e9s par Jacques Brel en 1968:<\/p>\n<\/div>\n<p>&nbsp;<\/p>\n<p>&nbsp;<\/p>\n<p><!--more--><\/p>\n<div id=\"titreg\">\n<p><em>Je vous souhaite des r\u00eaves \u00e0 n&rsquo;en plus finir et la volont\u00e9 d&rsquo;en r\u00e9aliser quelques uns.<\/em><br \/>\n<em> Je vous souhaite d&rsquo;aimer ce qu&rsquo;il faut aimer et d&rsquo;oublier ce qu&rsquo;il faut oublier. Je vous souhaite d&rsquo;avoir des passions, je vous souhaite des silences aussi.<\/em><br \/>\n<em> Je vous souhaite des chants d&rsquo;oiseaux au r\u00e9veil, des rires d&rsquo;enfants et des partages avec les autres.<\/em><br \/>\n<em> Je vous souhaite de respecter les diff\u00e9rences, parce que le m\u00e9rite et la valeur de chacun sont souvent \u00e0 d\u00e9couvrir.<\/em><br \/>\n<em> Je vous souhaite de r\u00e9sister \u00e0 l&rsquo;enlisement et \u00e0 l&rsquo;indiff\u00e9rence.<\/em><br \/>\n<em> Je vous souhaite enfin de ne jamais renoncer \u00e0 tout ce qui fait la vie car elle est une magnifique aventure et nul ne doit y renoncer, m\u00eame s&rsquo;il faut parfois pour elle livrer une rude bataille.<\/em><br \/>\n<em> Je vous souhaite surtout d&rsquo;\u00eatre vous, fier de l&rsquo;\u00eatre et heureux, car le bonheur est notre destin v\u00e9ritable.<\/em><\/p>\n<p>Quant au groupe La Tour d&rsquo;Aigues pour Tous, faisant sien cet id\u00e9al, il continuera en 2015 \u00e0 agir ici pour le respect de la diversit\u00e9 des id\u00e9es et des opinions, et pour la transparence de la vie publique, c&rsquo;est \u00e0 dire pour le respect de la d\u00e9mocratie.<br \/>\nBonne ann\u00e9e \u00e0 tous.<\/p>\n<p>Antoine Medvedowsky<\/p>\n<\/div>\n<p><!--more--><\/p>\n","protected":false},"excerpt":{"rendered":"<p>Chers Amis, Pour ce d\u00e9but de nouvelle ann\u00e9e je me suis largement inspir\u00e9 des v\u0153ux prononc\u00e9s par Jacques Brel en 1968: &nbsp; &nbsp;<\/p>\n","protected":false},"author":1,"featured_media":0,"comment_status":"closed","ping_status":"open","sticky":false,"template":"","format":"standard","meta":{"neve_meta_sidebar":"","neve_meta_container":"","neve_meta_enable_content_width":"","neve_meta_content_width":0,"neve_meta_title_alignment":"","neve_meta_author_avatar":"","neve_post_elements_order":"","neve_meta_disable_header":"","neve_meta_disable_footer":"","neve_meta_disable_title":"","footnotes":""},"categories":[5],"tags":[],"class_list":["post-348","post","type-post","status-publish","format-standard","hentry","category-editos"],"_links":{"self":[{"href":"https:\/\/www.latourpourtous.fr\/index.php\/wp-json\/wp\/v2\/posts\/348","targetHints":{"allow":["GET"]}}],"collection":[{"href":"https:\/\/www.latourpourtous.fr\/index.php\/wp-json\/wp\/v2\/posts"}],"about":[{"href":"https:\/\/www.latourpourtous.fr\/index.php\/wp-json\/wp\/v2\/types\/post"}],"author":[{"embeddable":true,"href":"https:\/\/www.latourpourtous.fr\/index.php\/wp-json\/wp\/v2\/users\/1"}],"replies":[{"embeddable":true,"href":"https:\/\/www.latourpourtous.fr\/index.php\/wp-json\/wp\/v2\/comments?post=348"}],"version-history":[{"count":1,"href":"https:\/\/www.latourpourtous.fr\/index.php\/wp-json\/wp\/v2\/posts\/348\/revisions"}],"predecessor-version":[{"id":1607,"href":"https:\/\/www.latourpourtous.fr\/index.php\/wp-json\/wp\/v2\/posts\/348\/revisions\/1607"}],"wp:attachment":[{"href":"https:\/\/www.latourpourtous.fr\/index.php\/wp-json\/wp\/v2\/media?parent=348"}],"wp:term":[{"taxonomy":"category","embeddable":true,"href":"https:\/\/www.latourpourtous.fr\/index.php\/wp-json\/wp\/v2\/categories?post=348"},{"taxonomy":"post_tag","embeddable":true,"href":"https:\/\/www.latourpourtous.fr\/index.php\/wp-json\/wp\/v2\/tags?post=348"}],"curies":[{"name":"wp","href":"https:\/\/api.w.org\/{rel}","templated":true}]}}