{"id":325,"date":"2014-08-25T09:22:19","date_gmt":"2014-08-25T07:22:19","guid":{"rendered":"http:\/\/latourdaiguespourtous.fr\/?p=325"},"modified":"2021-02-02T14:45:49","modified_gmt":"2021-02-02T13:45:49","slug":"oui-la-tour-daigues-pour-tous-continue","status":"publish","type":"post","link":"https:\/\/www.latourpourtous.fr\/index.php\/2014\/08\/25\/oui-la-tour-daigues-pour-tous-continue\/","title":{"rendered":"OUI La Tour d\u2019Aigues pour Tous continue !"},"content":{"rendered":"<div id=\"titreg\">\n<div align=\"left\">Chers Amis,<\/div>\n<\/div>\n<p align=\"justify\">Une ann\u00e9e et quelques semaines ont pass\u00e9 depuis la cr\u00e9ation de notre Association.\u00a0Merci \u00e0 tous ceux qui y ont adh\u00e9r\u00e9 et nous ont soutenu pendant cette ann\u00e9e riche d\u2019\u00e9v\u00e9nements.\u00a0Nous avons travaill\u00e9 afin de pr\u00e9senter aux \u00e9lecteurs un programme novateur et coh\u00e9rent pour une nouvelle mandature municipale pour notre village. Nous pensions l\u2019avoir bien fait mais \u00e7a n\u2019a pas suffit.<\/p>\n<p align=\"justify\"><!--more--><br \/>\nIl faut cependant retenir ce qui a \u00e9t\u00e9 utile dans cet engagement\u00a0:<\/p>\n<ul>\n<li>Le fait d\u2019avoir os\u00e9 \u00a0: si beaucoup y ont cru \u00e0 la fin, on oublie souvent que peu auraient pari\u00e9 sur nous au d\u00e9but.<\/li>\n<li>Les d\u00e9bats publics\u00a0; parce qu\u2019il n\u2019y en avait jamais eu et qu\u2019ils ont \u00e9t\u00e9 de bonne tenue,<\/li>\n<li>L\u2019\u00e9tude de fond de plusieurs gros dossiers dont la pr\u00e9sentation, r\u00e9serv\u00e9e jusqu\u2019ici aux m\u00eames, \u00e9tait forc\u00e9ment syst\u00e9matiquement partisane.<br \/>\nTout cela a montr\u00e9 que nous avions \u00e9t\u00e9 tr\u00e8s vite capables d\u2019aborder les probl\u00e8mes, de les \u00e9tudier, de les traiter et d\u2019y apporter des solutions, si ce n\u2019est parfaites au moins cr\u00e9dibles.<\/li>\n<\/ul>\n<p align=\"justify\">C\u2019est ce qui nous a permis en un an de convaincre un tiers des Tourains, et de donner maintenant \u00e0 nos \u00e9lus le droit de si\u00e9ger sur les bancs de l\u2019opposition, de prendre la parole, de s\u2019exprimer, de discuter des dossiers, et d\u2019\u00eatre \u00e9cout\u00e9s sinon entendus.<br \/>\nA partir de ce travail nos \u00e9lus pourront soit accepter de voter les projets des \u00e9lus de la majorit\u00e9 s\u2019ils reprennent une partie de nos suggestions, soit les refuser s\u2019ils restent born\u00e9s, sans ouverture vers nos propositions, c\u2019est \u00e0 dire celles pour lesquelles VOUS avez vot\u00e9.<\/p>\n<p align=\"justify\"><strong>Avec pr\u00e8s de 31% pour notre liste d\u2019opposition, et pr\u00e8s de 40% des \u00e9lecteurs qui se sont prononc\u00e9s pour le changement, nous repr\u00e9sentons une r\u00e9elle force d\u2019opposition. Nous n\u2019avons mis qu\u2019une ann\u00e9e pour arriver \u00e0 ce r\u00e9sultat. <\/strong><\/p>\n<p align=\"justify\">L\u2019Association <em class=\"bleu\"><strong>La Tour d\u2019Aigues Pour Tous<\/strong><\/em> va s\u2019employer avec \u00e9nergie \u00e0 gagner les quelques points n\u00e9cessaires, avec l\u2019aide de ses adh\u00e9rents et sympathisants, .<br \/>\nPour cela, nous devons aider nos 4 \u00e9lus :<\/p>\n<ul>\n<li>En \u00e9laborant avec eux des propositions et des initiatives originales \u00e0 pr\u00e9senter au conseil municipal comme apport du groupe <em class=\"bleu\"><strong>La Tour d\u2019Aigues Pour Tous<\/strong><\/em> ; c\u2019est en route.<\/li>\n<li>En relevant les critiques \u00e0 soulever, voire \u00e0 d\u00e9noncer sans complaisance, \u00e0 l\u2019encontre de la gouvernance municipale par la majorit\u00e9; \u00e7a a d\u00e9j\u00e0 commenc\u00e9.<\/li>\n<\/ul>\n<p align=\"justify\">Nous devons par ailleurs assurer le lien entre ces \u00e9lus d\u2019opposition et la population :<\/p>\n<ul>\n<li>Par des r\u00e9unions th\u00e9matiques, organis\u00e9es d\u2019abord avec votre aide, vous les adh\u00e9rents, voire \u00e0 votre demande ou sur vos suggestions.<\/li>\n<li>Par une communication vous informant sur ce qui se passe r\u00e9ellement dans la Mairie, au conseil municipal, dans les commissions, au conseil intercommunal, et ce qu\u2019y font les \u00e9lus, les n\u00f4tres et les autres.<\/li>\n<\/ul>\n<p align=\"justify\">Enfin un groupe de r\u00e9f\u00e9rents experts sur tous les sujets sensibles a \u00e9t\u00e9 constitu\u00e9 \u00e0 c\u00f4t\u00e9 du bureau, capable de r\u00e9pondre aux besoins et aux sollicitations de nos \u00e9lus et des adh\u00e9rents. Si certains d\u2019entre vous sont tent\u00e9s par cet engagement vous pouvez \u00e0 tout moment venir les rejoindre.<\/p>\n<p align=\"justify\"><strong>Gr\u00e2ce \u00e0 l\u2019Association <em class=\"bleu\">La Tour d\u2019Aigues Pour Tous<\/em> la d\u00e9mocratie est revenue dans notre village, faisons la vivre ! <\/strong><br \/>\n<strong>Adh\u00e9rez et faites adh\u00e9rer \u00e0 notre association ! Tous ensemble nous finirons par arriver \u00e0 l\u2019alternance !<\/strong><\/p>\n<p>Antoine Medvedowsky<\/p>\n","protected":false},"excerpt":{"rendered":"<p>Chers Amis, Une ann\u00e9e et quelques semaines ont pass\u00e9 depuis la cr\u00e9ation de notre Association.\u00a0Merci \u00e0 tous ceux qui y ont adh\u00e9r\u00e9 et nous ont soutenu pendant cette ann\u00e9e riche d\u2019\u00e9v\u00e9nements.\u00a0Nous avons travaill\u00e9 afin de pr\u00e9senter aux \u00e9lecteurs un programme novateur et coh\u00e9rent pour une nouvelle mandature municipale pour notre village. Nous pensions l\u2019avoir bien&hellip;&nbsp;<a href=\"https:\/\/www.latourpourtous.fr\/index.php\/2014\/08\/25\/oui-la-tour-daigues-pour-tous-continue\/\" rel=\"bookmark\"><span class=\"screen-reader-text\">OUI La Tour d\u2019Aigues pour Tous continue !<\/span><\/a><\/p>\n","protected":false},"author":1,"featured_media":0,"comment_status":"closed","ping_status":"open","sticky":false,"template":"","format":"standard","meta":{"neve_meta_sidebar":"","neve_meta_container":"","neve_meta_enable_content_width":"","neve_meta_content_width":0,"neve_meta_title_alignment":"","neve_meta_author_avatar":"","neve_post_elements_order":"","neve_meta_disable_header":"","neve_meta_disable_footer":"","neve_meta_disable_title":"","footnotes":""},"categories":[5],"tags":[],"class_list":["post-325","post","type-post","status-publish","format-standard","hentry","category-editos"],"_links":{"self":[{"href":"https:\/\/www.latourpourtous.fr\/index.php\/wp-json\/wp\/v2\/posts\/325","targetHints":{"allow":["GET"]}}],"collection":[{"href":"https:\/\/www.latourpourtous.fr\/index.php\/wp-json\/wp\/v2\/posts"}],"about":[{"href":"https:\/\/www.latourpourtous.fr\/index.php\/wp-json\/wp\/v2\/types\/post"}],"author":[{"embeddable":true,"href":"https:\/\/www.latourpourtous.fr\/index.php\/wp-json\/wp\/v2\/users\/1"}],"replies":[{"embeddable":true,"href":"https:\/\/www.latourpourtous.fr\/index.php\/wp-json\/wp\/v2\/comments?post=325"}],"version-history":[{"count":1,"href":"https:\/\/www.latourpourtous.fr\/index.php\/wp-json\/wp\/v2\/posts\/325\/revisions"}],"predecessor-version":[{"id":1608,"href":"https:\/\/www.latourpourtous.fr\/index.php\/wp-json\/wp\/v2\/posts\/325\/revisions\/1608"}],"wp:attachment":[{"href":"https:\/\/www.latourpourtous.fr\/index.php\/wp-json\/wp\/v2\/media?parent=325"}],"wp:term":[{"taxonomy":"category","embeddable":true,"href":"https:\/\/www.latourpourtous.fr\/index.php\/wp-json\/wp\/v2\/categories?post=325"},{"taxonomy":"post_tag","embeddable":true,"href":"https:\/\/www.latourpourtous.fr\/index.php\/wp-json\/wp\/v2\/tags?post=325"}],"curies":[{"name":"wp","href":"https:\/\/api.w.org\/{rel}","templated":true}]}}