{"id":323,"date":"2014-10-29T09:19:58","date_gmt":"2014-10-29T08:19:58","guid":{"rendered":"http:\/\/latourdaiguespourtous.fr\/?p=323"},"modified":"2014-10-29T09:19:58","modified_gmt":"2014-10-29T08:19:58","slug":"a-propos-des-commissions-municipales","status":"publish","type":"post","link":"https:\/\/www.latourpourtous.fr\/index.php\/2014\/10\/29\/a-propos-des-commissions-municipales\/","title":{"rendered":"A propos des commissions municipales"},"content":{"rendered":"<p>Chers Tourains, Chers Amis,<\/p>\n<p>Vous avez pu lire sur la derni\u00e8re page du Fil de l&rsquo;Eze du mois d&rsquo;Octobre 2014 l&rsquo;intitul\u00e9 de la demande d&rsquo;instauration de commissions municipales de l&rsquo;urbanisme et des march\u00e9s publics par nos \u00e9lus. Et vous avez pu voir en regard la r\u00e9ponse du Maire et des ses amis\u00a0!<\/p>\n<p>Rappelons simplement, calmement, et dignement, que nos \u00e9lus du groupe La Tour d&rsquo;Aigues Pour Tous ont fait la demande d&rsquo;instauration de ces commissions suivant une recommandation donn\u00e9 par l&rsquo;Association des Maires de France et des \u00e9lus Locaux.<!--more--><\/p>\n<p>L&rsquo;article en question soul\u00e8ve le risque existant pour les communes qui ne se dotent pas de ces commissions, lesquelles existent d&rsquo;ailleurs dans la grande majorit\u00e9 des communes qui nous entourent.<\/p>\n<p>Concernant ce qui a \u00e9t\u00e9 assez malhonn\u00eatement \u00e9crit ou dit, pr\u00e9cisons que ces \u00e9lus du groupe La Tour d&rsquo;Aigues pour Tous, comme tous les \u00e9lus, assistent aux conseils municipaux et aux commissions les concernant, sauf en cas d&rsquo;impossibilit\u00e9s motiv\u00e9es (et qu&rsquo;en dehors du Maire et de ses adjoints, ils sont tous b\u00e9n\u00e9voles). Encore faut il que ces commissions existent, ou qu&rsquo;elles se r\u00e9unissent\u00a0!<\/p>\n<p>Nous n&rsquo;aurions jamais imagin\u00e9 que cette demande d&rsquo;une commission d&rsquo;urbanisme, simple demande de bon sens, puisse motiver des r\u00e9actions aussi excessives. Quel int\u00e9r\u00eat y a-t-il \u00e0 refuser obstin\u00e9ment une telle commission\u00a0? Pourquoi tant d&rsquo;agressivit\u00e9, si exag\u00e9r\u00e9e, si injuste\u00a0?<\/p>\n<p>Pourquoi les \u00e9lus, qu&rsquo;ils soient de l&rsquo;opposition ou de la majorit\u00e9, n&rsquo;auraient ils pas droit \u00e0 se r\u00e9unir dans une commission pour travailler et notamment pr\u00e9parer enfin le nouveau PLU tant attendu\u00a0?<\/p>\n<p>Pourquoi ce d\u00e9bordement d&rsquo;\u00e9nervement de la part du Maire contre une demande l\u00e9gitime des repr\u00e9sentants du peuple d\u00e9mocratiquement \u00e9lus\u00a0? Sommes nous condamn\u00e9s \u00e0 voir des domaines r\u00e9serv\u00e9s \u00e0 une autocratie\u00a0?<\/p>\n<p>Pourquoi les Tourains n&rsquo;auraient ils pas droit \u00e0 la transparence en mati\u00e8re d&rsquo;urbanisme\u00a0(quels que soient les sujets) et de march\u00e9 publics (quels que soient les montants) ?<\/p>\n<p>Pour tout dire, cette g\u00eane \u00e0 suivre une simple recommandation de l&rsquo;association des Maires de France pour instaurer une commission d&rsquo;urbanisme\u00a0est incompr\u00e9hensible. Avec cette attitude n\u00e9gative, \u00e0 une \u00e9poque ou la demande de transparence est si forte, nos responsables municipaux risquent h\u00e9las de conduire les \u00e9lecteurs \u00e0 se demander s&rsquo;il n&rsquo;y a pas quelque chose \u00e0 cacher. Et c&rsquo;est bien dommage.<\/p>\n<p>Quant aux \u00e9lus du groupe La Tour d&rsquo;Aigues Pour Tous, sans agressivit\u00e9 aucune envers quiconque, s\u00fbr de d\u00e9fendre une juste cause, ils continueront imperturbablement \u00e0 demander l&rsquo;instauration de ces commissions municipales sensibles des march\u00e9s publics et de l&rsquo;urbanisme.<\/p>\n<p>Antoine Medvedowsky<\/p>\n","protected":false},"excerpt":{"rendered":"<p>Chers Tourains, Chers Amis, Vous avez pu lire sur la derni\u00e8re page du Fil de l&rsquo;Eze du mois d&rsquo;Octobre 2014 l&rsquo;intitul\u00e9 de la demande d&rsquo;instauration de commissions municipales de l&rsquo;urbanisme et des march\u00e9s publics par nos \u00e9lus. Et vous avez pu voir en regard la r\u00e9ponse du Maire et des ses amis\u00a0! Rappelons simplement, calmement,&hellip;&nbsp;<a href=\"https:\/\/www.latourpourtous.fr\/index.php\/2014\/10\/29\/a-propos-des-commissions-municipales\/\" rel=\"bookmark\"><span class=\"screen-reader-text\">A propos des commissions municipales<\/span><\/a><\/p>\n","protected":false},"author":1,"featured_media":0,"comment_status":"closed","ping_status":"open","sticky":false,"template":"","format":"standard","meta":{"neve_meta_sidebar":"","neve_meta_container":"","neve_meta_enable_content_width":"","neve_meta_content_width":0,"neve_meta_title_alignment":"","neve_meta_author_avatar":"","neve_post_elements_order":"","neve_meta_disable_header":"","neve_meta_disable_footer":"","neve_meta_disable_title":"","footnotes":""},"categories":[3],"tags":[],"class_list":["post-323","post","type-post","status-publish","format-standard","hentry","category-vie-municipale"],"_links":{"self":[{"href":"https:\/\/www.latourpourtous.fr\/index.php\/wp-json\/wp\/v2\/posts\/323","targetHints":{"allow":["GET"]}}],"collection":[{"href":"https:\/\/www.latourpourtous.fr\/index.php\/wp-json\/wp\/v2\/posts"}],"about":[{"href":"https:\/\/www.latourpourtous.fr\/index.php\/wp-json\/wp\/v2\/types\/post"}],"author":[{"embeddable":true,"href":"https:\/\/www.latourpourtous.fr\/index.php\/wp-json\/wp\/v2\/users\/1"}],"replies":[{"embeddable":true,"href":"https:\/\/www.latourpourtous.fr\/index.php\/wp-json\/wp\/v2\/comments?post=323"}],"version-history":[{"count":0,"href":"https:\/\/www.latourpourtous.fr\/index.php\/wp-json\/wp\/v2\/posts\/323\/revisions"}],"wp:attachment":[{"href":"https:\/\/www.latourpourtous.fr\/index.php\/wp-json\/wp\/v2\/media?parent=323"}],"wp:term":[{"taxonomy":"category","embeddable":true,"href":"https:\/\/www.latourpourtous.fr\/index.php\/wp-json\/wp\/v2\/categories?post=323"},{"taxonomy":"post_tag","embeddable":true,"href":"https:\/\/www.latourpourtous.fr\/index.php\/wp-json\/wp\/v2\/tags?post=323"}],"curies":[{"name":"wp","href":"https:\/\/api.w.org\/{rel}","templated":true}]}}