{"id":2578,"date":"2026-01-21T18:52:20","date_gmt":"2026-01-21T17:52:20","guid":{"rendered":"https:\/\/www.latourpourtous.fr\/?p=2578"},"modified":"2026-02-07T21:58:43","modified_gmt":"2026-02-07T20:58:43","slug":"2578","status":"publish","type":"post","link":"https:\/\/www.latourpourtous.fr\/index.php\/2026\/01\/21\/2578\/","title":{"rendered":"AM\u00c9NAGEMENT DE LA RUE ANTOINE DE TRES"},"content":{"rendered":"\n<p>AMENAGEMENT RUE ANTOINE DE TRES ( I )<\/p>\n\n\n\n<p>Am\u00e9lioration de la circulation (fini les bouchons!), lutte contre les nuisances sonores et la pollution, s\u00e9curisation maximale pour les pi\u00e9tons et les cyclistes, nette am\u00e9lioration esth\u00e9tique de l&rsquo;entr\u00e9e dans le village. Nous le ferons!<\/p>\n\n\n\n<p>Dans deux mois vous aurez un choix \u00e0 faire, <strong>si vous voulez agir rejoignez l\u2019\u00e9quipe de La Tour d\u2019Aigues Pour Tous<\/strong>.<\/p>\n\n\n\n<figure class=\"wp-block-image size-large\"><img loading=\"lazy\" decoding=\"async\" width=\"1024\" height=\"579\" src=\"https:\/\/www.latourpourtous.fr\/wp-content\/uploads\/2026\/01\/IMG_2208-copie-1024x579.jpg\" alt=\"\" class=\"wp-image-2579\" srcset=\"https:\/\/www.latourpourtous.fr\/wp-content\/uploads\/2026\/01\/IMG_2208-copie-1024x579.jpg 1024w, https:\/\/www.latourpourtous.fr\/wp-content\/uploads\/2026\/01\/IMG_2208-copie-500x283.jpg 500w, https:\/\/www.latourpourtous.fr\/wp-content\/uploads\/2026\/01\/IMG_2208-copie-768x434.jpg 768w, https:\/\/www.latourpourtous.fr\/wp-content\/uploads\/2026\/01\/IMG_2208-copie-1536x868.jpg 1536w, https:\/\/www.latourpourtous.fr\/wp-content\/uploads\/2026\/01\/IMG_2208-copie-2048x1157.jpg 2048w\" sizes=\"auto, (max-width: 1024px) 100vw, 1024px\" \/><\/figure>\n","protected":false},"excerpt":{"rendered":"<p>AMENAGEMENT RUE ANTOINE DE TRES ( I ) Am\u00e9lioration de la circulation (fini les bouchons!), lutte contre les nuisances sonores et la pollution, s\u00e9curisation maximale pour les pi\u00e9tons et les cyclistes, nette am\u00e9lioration esth\u00e9tique de l&rsquo;entr\u00e9e dans le village. Nous le ferons! Dans deux mois vous aurez un choix \u00e0 faire, si vous voulez agir&hellip;&nbsp;<a href=\"https:\/\/www.latourpourtous.fr\/index.php\/2026\/01\/21\/2578\/\" rel=\"bookmark\"><span class=\"screen-reader-text\">AM\u00c9NAGEMENT DE LA RUE ANTOINE DE TRES<\/span><\/a><\/p>\n","protected":false},"author":1,"featured_media":0,"comment_status":"closed","ping_status":"open","sticky":false,"template":"","format":"standard","meta":{"neve_meta_sidebar":"","neve_meta_container":"","neve_meta_enable_content_width":"","neve_meta_content_width":0,"neve_meta_title_alignment":"","neve_meta_author_avatar":"","neve_post_elements_order":"","neve_meta_disable_header":"","neve_meta_disable_footer":"","neve_meta_disable_title":"","footnotes":""},"categories":[32,4,5,13,11,9,3],"tags":[],"class_list":["post-2578","post","type-post","status-publish","format-standard","hentry","category-actualites","category-campagne-electorale","category-editos","category-environnement","category-urbanisme","category-vie-de-lassociation","category-vie-municipale"],"_links":{"self":[{"href":"https:\/\/www.latourpourtous.fr\/index.php\/wp-json\/wp\/v2\/posts\/2578","targetHints":{"allow":["GET"]}}],"collection":[{"href":"https:\/\/www.latourpourtous.fr\/index.php\/wp-json\/wp\/v2\/posts"}],"about":[{"href":"https:\/\/www.latourpourtous.fr\/index.php\/wp-json\/wp\/v2\/types\/post"}],"author":[{"embeddable":true,"href":"https:\/\/www.latourpourtous.fr\/index.php\/wp-json\/wp\/v2\/users\/1"}],"replies":[{"embeddable":true,"href":"https:\/\/www.latourpourtous.fr\/index.php\/wp-json\/wp\/v2\/comments?post=2578"}],"version-history":[{"count":7,"href":"https:\/\/www.latourpourtous.fr\/index.php\/wp-json\/wp\/v2\/posts\/2578\/revisions"}],"predecessor-version":[{"id":2606,"href":"https:\/\/www.latourpourtous.fr\/index.php\/wp-json\/wp\/v2\/posts\/2578\/revisions\/2606"}],"wp:attachment":[{"href":"https:\/\/www.latourpourtous.fr\/index.php\/wp-json\/wp\/v2\/media?parent=2578"}],"wp:term":[{"taxonomy":"category","embeddable":true,"href":"https:\/\/www.latourpourtous.fr\/index.php\/wp-json\/wp\/v2\/categories?post=2578"},{"taxonomy":"post_tag","embeddable":true,"href":"https:\/\/www.latourpourtous.fr\/index.php\/wp-json\/wp\/v2\/tags?post=2578"}],"curies":[{"name":"wp","href":"https:\/\/api.w.org\/{rel}","templated":true}]}}