{"id":2217,"date":"2025-12-21T10:50:43","date_gmt":"2025-12-21T09:50:43","guid":{"rendered":"https:\/\/www.latourpourtous.fr\/?p=2217"},"modified":"2026-01-26T16:17:08","modified_gmt":"2026-01-26T15:17:08","slug":"deplacement-du-stade-yves-garcin","status":"publish","type":"post","link":"https:\/\/www.latourpourtous.fr\/index.php\/2025\/12\/21\/deplacement-du-stade-yves-garcin\/","title":{"rendered":"D\u00e9placement du stade Yves Garcin"},"content":{"rendered":"\n<p><\/p>\n\n\n\n<p><strong>D\u00e9placement du stade Yves Garcin : le foncier lib\u00e9r\u00e9 permettrait:<br><\/strong><\/p>\n\n\n<div class=\"wp-block-image\">\n<figure data-wp-context=\"{&quot;imageId&quot;:&quot;69f2283226329&quot;}\" data-wp-interactive=\"core\/image\" data-wp-key=\"69f2283226329\" class=\"alignleft size-medium is-resized wp-lightbox-container\"><img loading=\"lazy\" decoding=\"async\" width=\"300\" height=\"225\" data-wp-class--hide=\"state.isContentHidden\" data-wp-class--show=\"state.isContentVisible\" data-wp-init=\"callbacks.setButtonStyles\" data-wp-on--click=\"actions.showLightbox\" data-wp-on--load=\"callbacks.setButtonStyles\" data-wp-on-window--resize=\"callbacks.setButtonStyles\" src=\"https:\/\/www.latourpourtous.fr\/wp-content\/uploads\/2025\/12\/IMG_4156-300x225.jpg\" alt=\"\" class=\"wp-image-2213\" style=\"width:500px\" srcset=\"https:\/\/www.latourpourtous.fr\/wp-content\/uploads\/2025\/12\/IMG_4156-300x225.jpg 300w, https:\/\/www.latourpourtous.fr\/wp-content\/uploads\/2025\/12\/IMG_4156-1024x768.jpg 1024w, https:\/\/www.latourpourtous.fr\/wp-content\/uploads\/2025\/12\/IMG_4156-768x576.jpg 768w, https:\/\/www.latourpourtous.fr\/wp-content\/uploads\/2025\/12\/IMG_4156-1536x1152.jpg 1536w, https:\/\/www.latourpourtous.fr\/wp-content\/uploads\/2025\/12\/IMG_4156.jpg 2016w\" sizes=\"auto, (max-width: 300px) 100vw, 300px\" \/><button\n\t\t\tclass=\"lightbox-trigger\"\n\t\t\ttype=\"button\"\n\t\t\taria-haspopup=\"dialog\"\n\t\t\taria-label=\"Agrandir\"\n\t\t\tdata-wp-init=\"callbacks.initTriggerButton\"\n\t\t\tdata-wp-on--click=\"actions.showLightbox\"\n\t\t\tdata-wp-style--right=\"state.imageButtonRight\"\n\t\t\tdata-wp-style--top=\"state.imageButtonTop\"\n\t\t>\n\t\t\t<svg xmlns=\"http:\/\/www.w3.org\/2000\/svg\" width=\"12\" height=\"12\" fill=\"none\" viewBox=\"0 0 12 12\">\n\t\t\t\t<path fill=\"#fff\" d=\"M2 0a2 2 0 0 0-2 2v2h1.5V2a.5.5 0 0 1 .5-.5h2V0H2Zm2 10.5H2a.5.5 0 0 1-.5-.5V8H0v2a2 2 0 0 0 2 2h2v-1.5ZM8 12v-1.5h2a.5.5 0 0 0 .5-.5V8H12v2a2 2 0 0 1-2 2H8Zm2-12a2 2 0 0 1 2 2v2h-1.5V2a.5.5 0 0 0-.5-.5H8V0h2Z\" \/>\n\t\t\t<\/svg>\n\t\t<\/button><figcaption class=\"wp-element-caption\">Cliquez pour agrandir<\/figcaption><\/figure>\n<\/div>\n\n\n<p>1\/3 de parkings pour compenser leur r\u00e9duction place du Ch\u00e2teau;<br>1\/3 de logements en accession aid\u00e9e \u00e0 la propri\u00e9t\u00e9 pour les plus jeunes<br>1\/3 d&rsquo;espaces verts pour la v\u00e9g\u00e9talisation des sols en centre ville.<\/p>\n\n\n\n<p>Dans deux mois vous aurez un choix \u00e0 faire, <strong>si vous voulez agir rejoignez l\u2019\u00e9quipe de La Tour d\u2019Aigues Pour Tous<\/strong>.<\/p>\n","protected":false},"excerpt":{"rendered":"<p>D\u00e9placement du stade Yves Garcin : le foncier lib\u00e9r\u00e9 permettrait: 1\/3 de parkings pour compenser leur r\u00e9duction place du Ch\u00e2teau;1\/3 de logements en accession aid\u00e9e \u00e0 la propri\u00e9t\u00e9 pour les plus jeunes1\/3 d&rsquo;espaces verts pour la v\u00e9g\u00e9talisation des sols en centre ville. Dans deux mois vous aurez un choix \u00e0 faire, si vous voulez agir&hellip;&nbsp;<a href=\"https:\/\/www.latourpourtous.fr\/index.php\/2025\/12\/21\/deplacement-du-stade-yves-garcin\/\" rel=\"bookmark\"><span class=\"screen-reader-text\">D\u00e9placement du stade Yves Garcin<\/span><\/a><\/p>\n","protected":false},"author":1,"featured_media":2213,"comment_status":"closed","ping_status":"open","sticky":false,"template":"","format":"standard","meta":{"neve_meta_sidebar":"right","neve_meta_container":"contained","neve_meta_enable_content_width":"","neve_meta_content_width":70,"neve_meta_title_alignment":"","neve_meta_author_avatar":"","neve_post_elements_order":"[\"content\"]","neve_meta_disable_header":"","neve_meta_disable_footer":"","neve_meta_disable_title":"","footnotes":""},"categories":[32,4,5,13,10,8,11,9,3],"tags":[21,46,40,41,37,39,24],"class_list":["post-2217","post","type-post","status-publish","format-standard","has-post-thumbnail","hentry","category-actualites","category-campagne-electorale","category-editos","category-environnement","category-point-de-vue","category-politique","category-urbanisme","category-vie-de-lassociation","category-vie-municipale","tag-amenagement","tag-centre-ville","tag-espaces-verts","tag-logement","tag-stade","tag-stationnement","tag-urbanisme"],"_links":{"self":[{"href":"https:\/\/www.latourpourtous.fr\/index.php\/wp-json\/wp\/v2\/posts\/2217","targetHints":{"allow":["GET"]}}],"collection":[{"href":"https:\/\/www.latourpourtous.fr\/index.php\/wp-json\/wp\/v2\/posts"}],"about":[{"href":"https:\/\/www.latourpourtous.fr\/index.php\/wp-json\/wp\/v2\/types\/post"}],"author":[{"embeddable":true,"href":"https:\/\/www.latourpourtous.fr\/index.php\/wp-json\/wp\/v2\/users\/1"}],"replies":[{"embeddable":true,"href":"https:\/\/www.latourpourtous.fr\/index.php\/wp-json\/wp\/v2\/comments?post=2217"}],"version-history":[{"count":19,"href":"https:\/\/www.latourpourtous.fr\/index.php\/wp-json\/wp\/v2\/posts\/2217\/revisions"}],"predecessor-version":[{"id":2594,"href":"https:\/\/www.latourpourtous.fr\/index.php\/wp-json\/wp\/v2\/posts\/2217\/revisions\/2594"}],"wp:featuredmedia":[{"embeddable":true,"href":"https:\/\/www.latourpourtous.fr\/index.php\/wp-json\/wp\/v2\/media\/2213"}],"wp:attachment":[{"href":"https:\/\/www.latourpourtous.fr\/index.php\/wp-json\/wp\/v2\/media?parent=2217"}],"wp:term":[{"taxonomy":"category","embeddable":true,"href":"https:\/\/www.latourpourtous.fr\/index.php\/wp-json\/wp\/v2\/categories?post=2217"},{"taxonomy":"post_tag","embeddable":true,"href":"https:\/\/www.latourpourtous.fr\/index.php\/wp-json\/wp\/v2\/tags?post=2217"}],"curies":[{"name":"wp","href":"https:\/\/api.w.org\/{rel}","templated":true}]}}