{"id":2191,"date":"2025-11-26T12:03:01","date_gmt":"2025-11-26T11:03:01","guid":{"rendered":"https:\/\/www.latourpourtous.fr\/?p=2191"},"modified":"2026-01-02T00:53:22","modified_gmt":"2026-01-01T23:53:22","slug":"vie-du-village","status":"publish","type":"post","link":"https:\/\/www.latourpourtous.fr\/index.php\/2025\/11\/26\/vie-du-village\/","title":{"rendered":"Vie du Village"},"content":{"rendered":"\n<p>Voil\u00e0 une des raisons pour lesquelles nous devons \u00eatre pr\u00e9sents aux prochaines \u00e9lections municipales ! <\/p>\n\n\n\n<figure class=\"wp-block-image size-full\"><img loading=\"lazy\" decoding=\"async\" width=\"2016\" height=\"1512\" src=\"https:\/\/latourpourtous.fr\/wp-content\/uploads\/2025\/11\/IMG_4155.jpg\" alt=\"\" class=\"wp-image-2192\" srcset=\"https:\/\/www.latourpourtous.fr\/wp-content\/uploads\/2025\/11\/IMG_4155.jpg 2016w, https:\/\/www.latourpourtous.fr\/wp-content\/uploads\/2025\/11\/IMG_4155-300x225.jpg 300w, https:\/\/www.latourpourtous.fr\/wp-content\/uploads\/2025\/11\/IMG_4155-1024x768.jpg 1024w, https:\/\/www.latourpourtous.fr\/wp-content\/uploads\/2025\/11\/IMG_4155-768x576.jpg 768w, https:\/\/www.latourpourtous.fr\/wp-content\/uploads\/2025\/11\/IMG_4155-1536x1152.jpg 1536w\" sizes=\"auto, (max-width: 2016px) 100vw, 2016px\" \/><\/figure>\n\n\n\n<p><\/p>\n","protected":false},"excerpt":{"rendered":"<p>Voil\u00e0 une des raisons pour lesquelles nous devons \u00eatre pr\u00e9sents aux prochaines \u00e9lections municipales !<\/p>\n","protected":false},"author":1,"featured_media":2192,"comment_status":"closed","ping_status":"open","sticky":false,"template":"","format":"standard","meta":{"neve_meta_sidebar":"","neve_meta_container":"","neve_meta_enable_content_width":"","neve_meta_content_width":0,"neve_meta_title_alignment":"","neve_meta_author_avatar":"","neve_post_elements_order":"[\"content\"]","neve_meta_disable_header":"","neve_meta_disable_footer":"","neve_meta_disable_title":"","footnotes":""},"categories":[32,4,5,13,2,10,8,11,9,3],"tags":[49,50,47,29,28,48,27],"class_list":["post-2191","post","type-post","status-publish","format-standard","has-post-thumbnail","hentry","category-actualites","category-campagne-electorale","category-editos","category-environnement","category-intercommunalite","category-point-de-vue","category-politique","category-urbanisme","category-vie-de-lassociation","category-vie-municipale","tag-citoyennete","tag-civisme","tag-cotelub","tag-environnement","tag-proprete","tag-recyclage","tag-tri"],"_links":{"self":[{"href":"https:\/\/www.latourpourtous.fr\/index.php\/wp-json\/wp\/v2\/posts\/2191","targetHints":{"allow":["GET"]}}],"collection":[{"href":"https:\/\/www.latourpourtous.fr\/index.php\/wp-json\/wp\/v2\/posts"}],"about":[{"href":"https:\/\/www.latourpourtous.fr\/index.php\/wp-json\/wp\/v2\/types\/post"}],"author":[{"embeddable":true,"href":"https:\/\/www.latourpourtous.fr\/index.php\/wp-json\/wp\/v2\/users\/1"}],"replies":[{"embeddable":true,"href":"https:\/\/www.latourpourtous.fr\/index.php\/wp-json\/wp\/v2\/comments?post=2191"}],"version-history":[{"count":4,"href":"https:\/\/www.latourpourtous.fr\/index.php\/wp-json\/wp\/v2\/posts\/2191\/revisions"}],"predecessor-version":[{"id":2502,"href":"https:\/\/www.latourpourtous.fr\/index.php\/wp-json\/wp\/v2\/posts\/2191\/revisions\/2502"}],"wp:featuredmedia":[{"embeddable":true,"href":"https:\/\/www.latourpourtous.fr\/index.php\/wp-json\/wp\/v2\/media\/2192"}],"wp:attachment":[{"href":"https:\/\/www.latourpourtous.fr\/index.php\/wp-json\/wp\/v2\/media?parent=2191"}],"wp:term":[{"taxonomy":"category","embeddable":true,"href":"https:\/\/www.latourpourtous.fr\/index.php\/wp-json\/wp\/v2\/categories?post=2191"},{"taxonomy":"post_tag","embeddable":true,"href":"https:\/\/www.latourpourtous.fr\/index.php\/wp-json\/wp\/v2\/tags?post=2191"}],"curies":[{"name":"wp","href":"https:\/\/api.w.org\/{rel}","templated":true}]}}