{"id":2056,"date":"2025-07-17T08:55:41","date_gmt":"2025-07-17T06:55:41","guid":{"rendered":"https:\/\/www.latourpourtous.fr\/?p=2056"},"modified":"2026-01-02T00:53:36","modified_gmt":"2026-01-01T23:53:36","slug":"assemblee-generale-du-2-juillet-2025","status":"publish","type":"post","link":"https:\/\/www.latourpourtous.fr\/index.php\/2025\/07\/17\/assemblee-generale-du-2-juillet-2025\/","title":{"rendered":"Assembl\u00e9e g\u00e9n\u00e9rale du 2 juillet 2025"},"content":{"rendered":"\n<p>Le quorum \u00e9tant largement atteint l&rsquo;assembl\u00e9e g\u00e9n\u00e9rale de l&rsquo;association a pu se d\u00e9rouler normalement et dans la bonne humeur dans le sympathique cadre de La Castelette.<\/p>\n\n\n\n<p>Voici le rapport moral pr\u00e9sent\u00e9 par le pr\u00e9sident de l&rsquo;association:<\/p>\n\n\n\n<p>Comme je vous l&rsquo;avais indiqu\u00e9 l&rsquo;ann\u00e9e derni\u00e8re nous avons d&#8217;embl\u00e9e jou\u00e9 le jeu avec le nouveau Maire Fran\u00e7ois-Xavier Guis-Spengler qui nous a rendu la pareille en \u00e9coutant et consultant m\u00eame nos trois \u00e9lus \u00e0 la diff\u00e9rence de son pr\u00e9d\u00e9cesseur. Nous avons ainsi vot\u00e9 son budget puisqu&rsquo;il avait associ\u00e9 nos \u00e9lus \u00e0 sa pr\u00e9paration.<\/p>\n\n\n\n<p>Cette ann\u00e9e, nous avons, enfin&nbsp;!, assist\u00e9 \u00e0 la programmation de l&rsquo;un des 2 grands projets que nous pr\u00e9sentons depuis 10 ans, l&rsquo;am\u00e9nagement de la place du Ch\u00e2teau.<\/p>\n\n\n\n<p>Les choix faits par la majorit\u00e9 municipale ne sont pas les plus brillants et les mieux inspir\u00e9s mais ils ont au moins le m\u00e9rite d&rsquo;avoir \u00e9t\u00e9 fait et d&rsquo;\u00eatre, en principe, programm\u00e9s.<\/p>\n\n\n\n<p>Nous continuerons \u00e0 nous battre pour l&rsquo;autre grand projet indispensable \u00e0 la modernisation de notre village, un plan de circulation moderne, coh\u00e9rent et adapt\u00e9 pour le village. Nous l&rsquo;avons republi\u00e9 avec un plan d\u00e9taill\u00e9 dans un Fil de l&rsquo;Eze de l&rsquo;ann\u00e9e derni\u00e8re, il a m\u00eame convaincu l&rsquo;autre groupe se pr\u00e9parant \u00e0 \u00eatre candidat d&rsquo;opposition puisqu&rsquo;il nous l&rsquo;ont recopi\u00e9 sans vergogne\u00a0! Il inclura naturellement la lutte anti-vitesse et anti-bruit par le r\u00e9tr\u00e9cissement des voies roulantes devenues \u00e0 sens unique chaque fois que possible au b\u00e9n\u00e9fice de voies cyclables, de l&rsquo;\u00e9largissement des espaces pi\u00e9tonniers et de places de stationnements de courtes dur\u00e9es \u00e0 proximit\u00e9 des commerces.<\/p>\n\n\n\n<p>La commission de d\u00e9mocratie participative extra municipale qui \u00e9tait notre 3e grand projet, copi\u00e9 par la majorit\u00e9 municipale, mais tellement corset\u00e9 par les \u00e9lus, n&rsquo;a toujours aucune autre r\u00e9alisation \u00e0 son actif depuis 5 ans, qu&rsquo;un colloque annuel sur la mani\u00e8re d&rsquo;\u00e9conomiser l&rsquo;eau et l&rsquo;\u00e9lectricit\u00e9, et encore est-il anim\u00e9 essentiellement par 3 de nos anciens colistiers&nbsp;! Il pr\u00e9voit une publication imaginative de La Tour d&rsquo;Aigues en 2050, \u00e9galement anim\u00e9 en grande partie par 2 anciens de nos colistiers&#8230;pourquoi pas, mais il nous semble qu&rsquo;il y a quand m\u00eame beaucoup plus urgent d&rsquo;ici l\u00e0.<\/p>\n\n\n\n<p>En effet nous devrons nous occuper&nbsp;:<\/p>\n\n\n\n<p>1 \u2013 Du transfert du stade Garcin auquel il faudra bien se r\u00e9soudre et de l&rsquo;am\u00e9nagement du foncier ainsi lib\u00e9r\u00e9 avec l&rsquo;agrandissement n\u00e9cessaire du parking pour compenser la place du ch\u00e2teau, de nouveaux logements \u00e0 bas co\u00fbt, et un espace de verdure et de bien \u00eatre pour les familles.<\/p>\n\n\n\n<p>2 \u2013 De l&rsquo;am\u00e9lioration indispensable de la s\u00e9curit\u00e9 des enfants, des adolescents, des enseignants, qui d\u00e9pla\u00eet tant \u00e0 nos concurrents d&rsquo;extr\u00eame gauche (LFI, tourbillonante ou latourencommun&#8230; puisqu&rsquo;ils changent de nom quand \u00e7a les arrange pour se cacher de leurs v\u00e9ritables intentions). Elle doit associer la Police Municipale, la Gendarmerie et les \u00e9quipes du SDIS en un vrai p\u00f4le de s\u00e9curit\u00e9 civile pr\u00e9ventive.<\/p>\n\n\n\n<p>3 \u2013 D&rsquo;une offre am\u00e9lior\u00e9e et raisonnable de l&rsquo;urbanisation de notre territoire communal, en relation avec le SCOT, permettant de lutter contre les hausses de prix des terrains, constructions et am\u00e9nagements, afin d&rsquo;enrayer la fuite des jeunes encore peu fortun\u00e9s, donc des jeunes couples et donc des enfants \u00e0 na\u00eetre sur notre commune et d&rsquo;\u00e9viter qu&rsquo;elle ne devienne une commune de seuls retrait\u00e9s.<\/p>\n\n\n\n<p>4 \u2013 D&rsquo; id\u00e9es renouvel\u00e9es de transport intercommunal, plus l\u00e9ger, plus mobile, plus fonctionnel et probablement moins on\u00e9reux.<\/p>\n\n\n\n<p>5 \u2013 D&rsquo;une am\u00e9lioration de l&rsquo;\u00e9quipement de loisirs pour les jeunes enfants, indigentes dans notre village, activement rafra\u00eechis compte tenu de l&rsquo;\u00e9volution climatique, n\u00e9cessitant un peu d&rsquo;imagination anticipatrice \u00e0 l&rsquo;instar d&rsquo;autre commune de notre niveau.<\/p>\n\n\n\n<p>6 &#8211; D&rsquo;une am\u00e9lioration de l&rsquo;aide aux personnes \u00e2g\u00e9es au domicile ou dans le cadre de R\u00e9sidence Service par la mutualisation des savoirs faire sp\u00e9cialis\u00e9s d\u00e9j\u00e0 existants sur le territoire.<\/p>\n\n\n\n<p>Depuis le d\u00e9but du mandat nos 3 \u00e9lus repr\u00e9sentent avec s\u00e9rieux et t\u00e9nacit\u00e9 nos \u00e9lecteurs et l&rsquo;opposition. Le nouveau Maire ayant eu \u00e0 leur \u00e9gard un comportement chaleureux et bienveillant, ce qui n&rsquo;avait jamais \u00e9t\u00e9 le cas auparavant, ils ont marqu\u00e9 en retour leur disponibilit\u00e9 ce qui pourrait augurer d&rsquo;un \u00e9ventuel rapprochement futur. Encore faut il que l&rsquo;ancien Maire, qui souhaite \u00e0 nouveau \u00eatre le prochain, soit \u00e0 l&rsquo;unisson de nos propositions&#8230;<\/p>\n\n\n\n<p>D&rsquo;autant que se profile \u00e0 l&rsquo;horizon la probabilit\u00e9 de candidature d&rsquo;une liste d&rsquo;opposition d&rsquo;extr\u00eame gauche qui r\u00e9active dans notre pays depuis des mois un antis\u00e9mitisme naus\u00e9abond, outre un soutien marqu\u00e9 \u00e0 des organisations terroristes agissant y compris sur notre sol, associ\u00e9e \u00e0 des soi-disant \u00e9cologistes dont les pr\u00e9occupations n&rsquo;ont que de tr\u00e8s vagues liens avec la nature si ce n&rsquo;est d&rsquo;\u00eatre syst\u00e9matiquement anti-viticulture.<\/p>\n\n\n\n<p>La Tour Pour Tous aura dans tous les cas un r\u00f4le \u00e0 jouer, soit de troisi\u00e8me voie, soit de force d&rsquo;appoint pour l&#8217;emporter. Il reste un peu moins d&rsquo;un an, le message que je vous livre est que notre position est loin d&rsquo;\u00eatre inconfortable, plus que jamais gardons notre cap lib\u00e9ral, de civisme et d&rsquo;humanisme et soyons vigilants. L&rsquo;id\u00e9al est que nous soyons 27 pr\u00eats \u00e0 y aller, cr\u00e9dibles et coh\u00e9rents d&rsquo;ici 2 ou 3 mois, sinon il faudra rediscuter de la meilleure option.<\/p>\n\n\n\n<p>Bon \u00e9t\u00e9 \u00e0 tous.<\/p>\n\n\n\n<p>Antoine Medvedowsky<\/p>\n\n\n\n<p>Apr\u00e8s l&rsquo;\u00e9coute du rapport financier, l&rsquo;assembl\u00e9e \u00e0 proc\u00e9d\u00e9 \u00e0 l&rsquo;\u00e9lection du bureau (qui a \u00e9t\u00e9 en fait une r\u00e9 \u00e9lection) et le verre de l&rsquo;amiti\u00e9 a cl\u00f4tur\u00e9 cette assembl\u00e9e g\u00e9n\u00e9rale.<\/p>\n\n\n\n<p><\/p>\n","protected":false},"excerpt":{"rendered":"<p>Le quorum \u00e9tant largement atteint l&rsquo;assembl\u00e9e g\u00e9n\u00e9rale de l&rsquo;association a pu se d\u00e9rouler normalement et dans la bonne humeur dans le sympathique cadre de La Castelette. Voici le rapport moral pr\u00e9sent\u00e9 par le pr\u00e9sident de l&rsquo;association: Comme je vous l&rsquo;avais indiqu\u00e9 l&rsquo;ann\u00e9e derni\u00e8re nous avons d&#8217;embl\u00e9e jou\u00e9 le jeu avec le nouveau Maire Fran\u00e7ois-Xavier Guis-Spengler&hellip;&nbsp;<a href=\"https:\/\/www.latourpourtous.fr\/index.php\/2025\/07\/17\/assemblee-generale-du-2-juillet-2025\/\" rel=\"bookmark\"><span class=\"screen-reader-text\">Assembl\u00e9e g\u00e9n\u00e9rale du 2 juillet 2025<\/span><\/a><\/p>\n","protected":false},"author":1,"featured_media":1083,"comment_status":"closed","ping_status":"open","sticky":false,"template":"","format":"standard","meta":{"neve_meta_sidebar":"","neve_meta_container":"","neve_meta_enable_content_width":"","neve_meta_content_width":0,"neve_meta_title_alignment":"","neve_meta_author_avatar":"","neve_post_elements_order":"[\"content\"]","neve_meta_disable_header":"","neve_meta_disable_footer":"","neve_meta_disable_title":"","footnotes":""},"categories":[32,4,5,13,8,1,9,3],"tags":[],"class_list":["post-2056","post","type-post","status-publish","format-standard","has-post-thumbnail","hentry","category-actualites","category-campagne-electorale","category-editos","category-environnement","category-politique","category-non-classe","category-vie-de-lassociation","category-vie-municipale"],"_links":{"self":[{"href":"https:\/\/www.latourpourtous.fr\/index.php\/wp-json\/wp\/v2\/posts\/2056","targetHints":{"allow":["GET"]}}],"collection":[{"href":"https:\/\/www.latourpourtous.fr\/index.php\/wp-json\/wp\/v2\/posts"}],"about":[{"href":"https:\/\/www.latourpourtous.fr\/index.php\/wp-json\/wp\/v2\/types\/post"}],"author":[{"embeddable":true,"href":"https:\/\/www.latourpourtous.fr\/index.php\/wp-json\/wp\/v2\/users\/1"}],"replies":[{"embeddable":true,"href":"https:\/\/www.latourpourtous.fr\/index.php\/wp-json\/wp\/v2\/comments?post=2056"}],"version-history":[{"count":8,"href":"https:\/\/www.latourpourtous.fr\/index.php\/wp-json\/wp\/v2\/posts\/2056\/revisions"}],"predecessor-version":[{"id":2503,"href":"https:\/\/www.latourpourtous.fr\/index.php\/wp-json\/wp\/v2\/posts\/2056\/revisions\/2503"}],"wp:featuredmedia":[{"embeddable":true,"href":"https:\/\/www.latourpourtous.fr\/index.php\/wp-json\/wp\/v2\/media\/1083"}],"wp:attachment":[{"href":"https:\/\/www.latourpourtous.fr\/index.php\/wp-json\/wp\/v2\/media?parent=2056"}],"wp:term":[{"taxonomy":"category","embeddable":true,"href":"https:\/\/www.latourpourtous.fr\/index.php\/wp-json\/wp\/v2\/categories?post=2056"},{"taxonomy":"post_tag","embeddable":true,"href":"https:\/\/www.latourpourtous.fr\/index.php\/wp-json\/wp\/v2\/tags?post=2056"}],"curies":[{"name":"wp","href":"https:\/\/api.w.org\/{rel}","templated":true}]}}