{"id":2026,"date":"2025-06-15T17:07:47","date_gmt":"2025-06-15T15:07:47","guid":{"rendered":""},"modified":"2026-01-02T00:54:00","modified_gmt":"2026-01-01T23:54:00","slug":"armes-blanches-dans-les-colleges-et-lycees","status":"publish","type":"post","link":"https:\/\/www.latourpourtous.fr\/index.php\/2025\/06\/15\/armes-blanches-dans-les-colleges-et-lycees\/","title":{"rendered":"Armes blanches dans les coll\u00e8ges et les lyc\u00e9es"},"content":{"rendered":"<p class=\"Standard\"><span style=\"font-size: 14.0pt;\">Cette semaine une jeune surveillante de coll\u00e8ge a \u00e9t\u00e9 poignard\u00e9e \u00e0 mort par un \u00e9l\u00e8ve de 14 ans.<\/span><\/p>\n<p class=\"Standard\"><span style=\"font-size: 14.0pt;\">Dans les 15 jours pr\u00e9c\u00e9dents, des fouilles al\u00e9atoires effectu\u00e9es \u00e0 l&rsquo;entr\u00e9e de certains coll\u00e8ges en France ont permis de saisir 132 armes blanches, couteaux, poignards et autres (ainsi qu&rsquo;un certain nombre d&rsquo;\u00e9chantillons de substances illicites).<\/span><\/p>\n<p class=\"Standard\"><span style=\"font-size: 14.0pt;\">A La Tour d&rsquo;Aigues, une association \u00ab\u00a0La Tourbillonante\u00a0\u00bb, g\u00e9r\u00e9e en sous-mains par des militants LFI, soigneusement masqu\u00e9s, a pouss\u00e9 les hauts cris et appel\u00e9 \u00e0 manifester contre ces fouilles al\u00e9atoires effectu\u00e9es pr\u00e9ventivement \u00e0 l&rsquo;entr\u00e9e du coll\u00e8ge, un scandale pour eux\u00a0!<\/span><\/p>\n<p class=\"Standard\"><span style=\"font-size: 14.0pt;\">Les citoyens \u00e9lecteurs mesureront ainsi l&rsquo;irresponsabilit\u00e9 de ceux pour lesquels la d\u00e9magogie passe avant la s\u00e9curit\u00e9 des surveillants et des enseignants, et pour lesquels s\u00e9vir contre les dangers dont sont victimes ces personnels de l&rsquo;Education nationale et indirectement les \u00e9l\u00e8ves eux-m\u00eames est un scandale&#8230;<\/span><\/p>\n<p class=\"Standard\"><span style=\"font-size: 14.0pt;\">Qui devrait avoir honte sinon ceux qui fustigent les mesures prises pour tenter d&rsquo;endiguer la violence, de sauver l&rsquo;\u00e9ducation, le civisme et ainsi la fraternit\u00e9 et l&rsquo;humanisme\u00a0?<\/span><\/p>\n<p class=\"Standard\"><span style=\"font-size: 14.0pt;\">L&rsquo;association Latourd&rsquo;aiguespourtous appui au contraire r\u00e9solument ces mesures prises pour la protection de nos enfants et de leurs enseignants.<\/span><\/p>\n","protected":false},"excerpt":{"rendered":"<p>Cette semaine une jeune surveillante de coll\u00e8ge a \u00e9t\u00e9 poignard\u00e9e \u00e0 mort par un \u00e9l\u00e8ve de 14 ans. Dans les 15 jours pr\u00e9c\u00e9dents, des fouilles al\u00e9atoires effectu\u00e9es \u00e0 l&rsquo;entr\u00e9e de certains coll\u00e8ges en France ont permis de saisir 132 armes blanches, couteaux, poignards et autres (ainsi qu&rsquo;un certain nombre d&rsquo;\u00e9chantillons de substances illicites). A La&hellip;&nbsp;<a href=\"https:\/\/www.latourpourtous.fr\/index.php\/2025\/06\/15\/armes-blanches-dans-les-colleges-et-lycees\/\" rel=\"bookmark\"><span class=\"screen-reader-text\">Armes blanches dans les coll\u00e8ges et les lyc\u00e9es<\/span><\/a><\/p>\n","protected":false},"author":1,"featured_media":0,"comment_status":"closed","ping_status":"open","sticky":false,"template":"","format":"standard","meta":{"neve_meta_sidebar":"","neve_meta_container":"","neve_meta_enable_content_width":"","neve_meta_content_width":0,"neve_meta_title_alignment":"","neve_meta_author_avatar":"","neve_post_elements_order":"[\"content\"]","neve_meta_disable_header":"","neve_meta_disable_footer":"","neve_meta_disable_title":"","footnotes":""},"categories":[32,5,2,10,8,11,9,3],"tags":[],"class_list":["post-2026","post","type-post","status-publish","format-standard","hentry","category-actualites","category-editos","category-intercommunalite","category-point-de-vue","category-politique","category-urbanisme","category-vie-de-lassociation","category-vie-municipale"],"_links":{"self":[{"href":"https:\/\/www.latourpourtous.fr\/index.php\/wp-json\/wp\/v2\/posts\/2026","targetHints":{"allow":["GET"]}}],"collection":[{"href":"https:\/\/www.latourpourtous.fr\/index.php\/wp-json\/wp\/v2\/posts"}],"about":[{"href":"https:\/\/www.latourpourtous.fr\/index.php\/wp-json\/wp\/v2\/types\/post"}],"author":[{"embeddable":true,"href":"https:\/\/www.latourpourtous.fr\/index.php\/wp-json\/wp\/v2\/users\/1"}],"replies":[{"embeddable":true,"href":"https:\/\/www.latourpourtous.fr\/index.php\/wp-json\/wp\/v2\/comments?post=2026"}],"version-history":[{"count":3,"href":"https:\/\/www.latourpourtous.fr\/index.php\/wp-json\/wp\/v2\/posts\/2026\/revisions"}],"predecessor-version":[{"id":2504,"href":"https:\/\/www.latourpourtous.fr\/index.php\/wp-json\/wp\/v2\/posts\/2026\/revisions\/2504"}],"wp:attachment":[{"href":"https:\/\/www.latourpourtous.fr\/index.php\/wp-json\/wp\/v2\/media?parent=2026"}],"wp:term":[{"taxonomy":"category","embeddable":true,"href":"https:\/\/www.latourpourtous.fr\/index.php\/wp-json\/wp\/v2\/categories?post=2026"},{"taxonomy":"post_tag","embeddable":true,"href":"https:\/\/www.latourpourtous.fr\/index.php\/wp-json\/wp\/v2\/tags?post=2026"}],"curies":[{"name":"wp","href":"https:\/\/api.w.org\/{rel}","templated":true}]}}