{"id":2017,"date":"2025-05-14T16:19:17","date_gmt":"2025-05-14T14:19:17","guid":{"rendered":"localhost:8888\/?p=2017"},"modified":"2025-06-17T19:45:29","modified_gmt":"2025-06-17T17:45:29","slug":"association-la-tour-pour-tous","status":"publish","type":"post","link":"https:\/\/www.latourpourtous.fr\/index.php\/2025\/05\/14\/association-la-tour-pour-tous\/","title":{"rendered":"ASSOCIATION LA TOUR POUR TOUS"},"content":{"rendered":"\n<p>Chers Amis,<\/p>\n\n\n\n<p>L&rsquo;Assembl\u00e9e G\u00e9n\u00e9rale de notre association se tiendra le 2 juillet prochain \u00e0 La Castelette \u00e0 18 heures.<\/p>\n\n\n\n<p>La date des \u00e9ch\u00e9ances municipales se profile et nous lan\u00e7ons un appel \u00e0 toutes les bonnes volont\u00e9s. Vous savez que notre position est r\u00e9solument Apolitique, loin de toute id\u00e9ologie, ind\u00e9pendante des partis et de leurs \u00e9manations, avec pour seul soucis ceux d&rsquo;une bonne gestion pour notre village, renouvel\u00e9e et am\u00e9lior\u00e9e.<\/p>\n\n\n\n<p>Entre d&rsquo;un c\u00f4t\u00e9 la permanence immuable d&rsquo;un m\u00eame clan aux manettes depuis 50 ans et une alternative qui s&rsquo;annonce en tentant de masquer son appartenance \u00e0 une extr\u00eame gauche avec ses exc\u00e8s antis\u00e9mites et escrologistes, nous pensons plus que jamais \u00eatre sur la bonne voie. Notre choix c&rsquo;est celui du rassemblement des citoyens libres et ind\u00e9pendants, fiers de leur terroir, de leur agriculture et soucieux d&rsquo;un village en paix.<\/p>\n\n\n\n<p>En 2014 et \u00e0 nouveau en 2020, 1\/3 d&rsquo;entre vous ont fait confiance aux programmes que nous \u00e9tudions depuis pour la r\u00e9novation de notre village, au niveau de sa place centrale, de ses parkings, pour un meilleur acc\u00e8s \u00e0 nos commerces, un espace am\u00e9lior\u00e9 pour les pi\u00e9tons et les v\u00e9los, pour une circulation enfin efficacement organis\u00e9e, pour que les plus jeunes puissent se loger sur place et ne soient plus oblig\u00e9s de partir, etc&#8230;<\/p>\n\n\n\n<p>Nous ne voulons pas vous d\u00e9cevoir. Venez nous rejoindre.<\/p>\n","protected":false},"excerpt":{"rendered":"<p>Chers Amis, L&rsquo;Assembl\u00e9e G\u00e9n\u00e9rale de notre association se tiendra le 2 juillet prochain \u00e0 La Castelette \u00e0 18 heures. La date des \u00e9ch\u00e9ances municipales se profile et nous lan\u00e7ons un appel \u00e0 toutes les bonnes volont\u00e9s. Vous savez que notre position est r\u00e9solument Apolitique, loin de toute id\u00e9ologie, ind\u00e9pendante des partis et de leurs \u00e9manations,&hellip;&nbsp;<a href=\"https:\/\/www.latourpourtous.fr\/index.php\/2025\/05\/14\/association-la-tour-pour-tous\/\" rel=\"bookmark\"><span class=\"screen-reader-text\">ASSOCIATION LA TOUR POUR TOUS<\/span><\/a><\/p>\n","protected":false},"author":1,"featured_media":0,"comment_status":"closed","ping_status":"open","sticky":false,"template":"","format":"standard","meta":{"neve_meta_sidebar":"","neve_meta_container":"","neve_meta_enable_content_width":"","neve_meta_content_width":0,"neve_meta_title_alignment":"","neve_meta_author_avatar":"","neve_post_elements_order":"","neve_meta_disable_header":"","neve_meta_disable_footer":"","neve_meta_disable_title":"","footnotes":""},"categories":[5,8,9,3],"tags":[],"class_list":["post-2017","post","type-post","status-publish","format-standard","hentry","category-editos","category-politique","category-vie-de-lassociation","category-vie-municipale"],"_links":{"self":[{"href":"https:\/\/www.latourpourtous.fr\/index.php\/wp-json\/wp\/v2\/posts\/2017","targetHints":{"allow":["GET"]}}],"collection":[{"href":"https:\/\/www.latourpourtous.fr\/index.php\/wp-json\/wp\/v2\/posts"}],"about":[{"href":"https:\/\/www.latourpourtous.fr\/index.php\/wp-json\/wp\/v2\/types\/post"}],"author":[{"embeddable":true,"href":"https:\/\/www.latourpourtous.fr\/index.php\/wp-json\/wp\/v2\/users\/1"}],"replies":[{"embeddable":true,"href":"https:\/\/www.latourpourtous.fr\/index.php\/wp-json\/wp\/v2\/comments?post=2017"}],"version-history":[{"count":4,"href":"https:\/\/www.latourpourtous.fr\/index.php\/wp-json\/wp\/v2\/posts\/2017\/revisions"}],"predecessor-version":[{"id":2051,"href":"https:\/\/www.latourpourtous.fr\/index.php\/wp-json\/wp\/v2\/posts\/2017\/revisions\/2051"}],"wp:attachment":[{"href":"https:\/\/www.latourpourtous.fr\/index.php\/wp-json\/wp\/v2\/media?parent=2017"}],"wp:term":[{"taxonomy":"category","embeddable":true,"href":"https:\/\/www.latourpourtous.fr\/index.php\/wp-json\/wp\/v2\/categories?post=2017"},{"taxonomy":"post_tag","embeddable":true,"href":"https:\/\/www.latourpourtous.fr\/index.php\/wp-json\/wp\/v2\/tags?post=2017"}],"curies":[{"name":"wp","href":"https:\/\/api.w.org\/{rel}","templated":true}]}}