{"id":2006,"date":"2024-09-13T07:32:46","date_gmt":"2024-09-13T05:32:46","guid":{"rendered":"localhost:8888\/?p=2006"},"modified":"2024-10-18T12:13:00","modified_gmt":"2024-10-18T10:13:00","slug":"assemblee-generale-du-11juin-2024","status":"publish","type":"post","link":"https:\/\/www.latourpourtous.fr\/index.php\/2024\/09\/13\/assemblee-generale-du-11juin-2024\/","title":{"rendered":"Assembl\u00e9e G\u00e9n\u00e9rale du 11Juin 2024"},"content":{"rendered":"<p><strong><span style=\"font-size: large;\">Rapport Moral du Pr\u00e9sident Antoine Medvedowsky<\/span><\/strong><\/p>\n<p><span style=\"font-size: large;\">Quoi de neuf depuis un an. <\/span><\/p>\n<p><span style=\"font-size: large;\">Comme je vous l&rsquo;avais indiqu\u00e9 nous avons d&#8217;embl\u00e9e jou\u00e9 le jeu avec le nouveau Maire Fran\u00e7ois-Xavier Guis-Spengler qui nous rendu la pareille en \u00e9coutant et consultant m\u00eame nos trois \u00e9lus \u00e0 la diff\u00e9rence de son pr\u00e9d\u00e9cesseur. Nous avons ainsi vot\u00e9 son budget puisqu&rsquo;il avait associ\u00e9 nos \u00e9lus \u00e0 sa pr\u00e9paration. Cette ann\u00e9e, il a fait mieux puisqu&rsquo;il a mis, enfin\u00a0!, au programme l&rsquo;un des 2 grands projets que nous pr\u00e9sentons depuis 10 ans\u00a0: L&rsquo;am\u00e9nagement de la place du Ch\u00e2teau. Nous continuerons \u00e0 nous battre pour l&rsquo;autre, un plan de circulation moderne, coh\u00e9rent et adapt\u00e9 pour le village.<\/span><\/p>\n<p><span style=\"font-size: large;\">Le premier de ces projets \u00e9tait dans nos cartons d\u00e9j\u00e0 en 2014; esp\u00e9rons que les grands traits que nous avions soigneusement \u00e9tudi\u00e9s en seront repris. Nous avons republi\u00e9 le second projet, avec son plan d\u00e9taill\u00e9 lui-aussi, dans un Fil de l&rsquo;Eze de l&rsquo;ann\u00e9e derni\u00e8re.<\/span><\/p>\n<p><span style=\"font-size: large;\">La commission de d\u00e9mocratie participative extra municipale qui \u00e9tait notre 3e grand projet, d\u00e9j\u00e0 copi\u00e9 par la majorit\u00e9 municipale, fonctionnant \u00e0 l&rsquo;instar d&rsquo;un comit\u00e9 th\u00e9odule, n&rsquo;a toujours aucune autre r\u00e9alisation \u00e0 son actif depuis 4 ans, qu&rsquo;un colloque annuel sur la mani\u00e8re d&rsquo;\u00e9conomiser l&rsquo;eau et l&rsquo;\u00e9lectricit\u00e9. Et encore est-il anim\u00e9 essentiellement par 3 de nos anciens colistiers\u00a0!<\/span><\/p>\n<p><span style=\"font-size: large;\">Depuis le d\u00e9but du mandat nos 3 \u00e9lus repr\u00e9sentent avec s\u00e9rieux et t\u00e9nacit\u00e9 nos \u00e9lecteurs et l&rsquo;opposition. Le nouveau Maire ayant eu \u00e0 leur \u00e9gard un comportement chaleureux et bienveillant, ce qui n&rsquo;avait jamais \u00e9t\u00e9 le cas auparavant, ils ont marqu\u00e9 en retour leur disponibilit\u00e9 ce qui pouvait augurer d&rsquo;un \u00e9ventuel rapprochement futur.<\/span><\/p>\n<p><span style=\"font-size: large;\">Las , les tout r\u00e9cents \u00e9v\u00e9nements vont \u00e0 nouveau rebattre les cartes puisque notre ancien Maire, devenu d\u00e9put\u00e9, d\u00e9pit\u00e9 de ne pouvoir cumuler les 2 mandats, vient d&rsquo;annoncer qu&rsquo;il ne se repr\u00e9senterait pas aux l\u00e9gislatives pour se r\u00e9server les municipales prochaines. Nous avons donc 2 ans pour voir venir dans quel parti il sera cette fois candidat, et sous quelle \u00e9tiquette, tout en continuant \u00e0 assurer le Maire actuel de notre bienveillance partag\u00e9e pour si jamais&#8230; <\/span><span style=\"font-size: large;\">La question m\u00e9rite de lui \u00eatre pos\u00e9e et le sera. L&rsquo;ancien Maire sera forc\u00e9ment mis au courant et nous verrons bien sa r\u00e9action, d&rsquo;autant que se profilerait soi-disant \u00e0 l&rsquo;horizon la probabilit\u00e9 d&rsquo;une candidature d&rsquo;une liste d&rsquo;extr\u00eame gauche. <\/span><span style=\"font-size: large;\">La Tour Pour Tous aurait dans ce cas tout son\u00a0 r\u00f4le \u00e0 jouer, soit de troisi\u00e8me voie, soit de force d&rsquo;appoint de la liste la moins extr\u00e9miste pour l&#8217;emporter. <\/span><\/p>\n<p><span style=\"font-size: large;\">Il nous reste 2 ans et le message que je vous livre est que notre position est loin d&rsquo;\u00eatre inconfortable, plus que jamais gardons notre cap et notre ind\u00e9pendance et soyons vigilants; tachons de renforcer notre association pendant ces deux ans afin d&rsquo;\u00eatre le mieux pr\u00e9par\u00e9 soit \u00e0 re concourir sous nos propres couleurs, soit \u00e0 peser de tout notre poids dans le d\u00e9bat.<br \/>\n<\/span><\/p>\n<p><strong>Le rapport moral est adopt\u00e9 \u00e0 l&rsquo;unanimit\u00e9.<\/strong><\/p>\n<p><span style=\"font-size: large;\">Le bureau sortant \u00e9tait compos\u00e9 de Francine Ravoire, Claudette Gastaldi, Martine Arniaud, J.P. Dessaud, Gilbert Blanc, Robert Reynier et Antoine Medvedowsky. Les trois \u00e9lus y sont bien entendu associ\u00e9s; Romain Brette, Martine Lafon, Pierre Vial.<br \/>\n<\/span><\/p>\n<p><span style=\"font-size: large;\">Aucun membre n&rsquo;ayant d\u00e9missionn\u00e9 et aucun nouveau candidat ne se pr\u00e9sentant, le bureau est r\u00e9\u00e9lu \u00e0 l&rsquo;unanimit\u00e9.<\/span><\/p>\n<p>Le rapport financier, pr\u00e9sent\u00e9 par la tr\u00e9sori\u00e8re Claudette Gastaldi, est ensuite pr\u00e9sent\u00e9, avec un solde positif, et \u00e9galement adopt\u00e9 \u00e0 l&rsquo;unanimit\u00e9.<\/p>\n<p>Une longue et franche discussion avec nos trois \u00e9lus sur tous les sujets municipaux s&rsquo;est ensuite d\u00e9roul\u00e9e avant un ap\u00e9ritif amical cl\u00f4turant cette AG.<\/p>\n","protected":false},"excerpt":{"rendered":"<p>Rapport Moral du Pr\u00e9sident Antoine Medvedowsky Quoi de neuf depuis un an. Comme je vous l&rsquo;avais indiqu\u00e9 nous avons d&#8217;embl\u00e9e jou\u00e9 le jeu avec le nouveau Maire Fran\u00e7ois-Xavier Guis-Spengler qui nous rendu la pareille en \u00e9coutant et consultant m\u00eame nos trois \u00e9lus \u00e0 la diff\u00e9rence de son pr\u00e9d\u00e9cesseur. Nous avons ainsi vot\u00e9 son budget puisqu&rsquo;il&hellip;&nbsp;<a href=\"https:\/\/www.latourpourtous.fr\/index.php\/2024\/09\/13\/assemblee-generale-du-11juin-2024\/\" rel=\"bookmark\"><span class=\"screen-reader-text\">Assembl\u00e9e G\u00e9n\u00e9rale du 11Juin 2024<\/span><\/a><\/p>\n","protected":false},"author":1,"featured_media":0,"comment_status":"closed","ping_status":"open","sticky":false,"template":"","format":"standard","meta":{"neve_meta_sidebar":"","neve_meta_container":"","neve_meta_enable_content_width":"","neve_meta_content_width":0,"neve_meta_title_alignment":"","neve_meta_author_avatar":"","neve_post_elements_order":"","neve_meta_disable_header":"","neve_meta_disable_footer":"","neve_meta_disable_title":"","footnotes":""},"categories":[5],"tags":[],"class_list":["post-2006","post","type-post","status-publish","format-standard","hentry","category-editos"],"_links":{"self":[{"href":"https:\/\/www.latourpourtous.fr\/index.php\/wp-json\/wp\/v2\/posts\/2006","targetHints":{"allow":["GET"]}}],"collection":[{"href":"https:\/\/www.latourpourtous.fr\/index.php\/wp-json\/wp\/v2\/posts"}],"about":[{"href":"https:\/\/www.latourpourtous.fr\/index.php\/wp-json\/wp\/v2\/types\/post"}],"author":[{"embeddable":true,"href":"https:\/\/www.latourpourtous.fr\/index.php\/wp-json\/wp\/v2\/users\/1"}],"replies":[{"embeddable":true,"href":"https:\/\/www.latourpourtous.fr\/index.php\/wp-json\/wp\/v2\/comments?post=2006"}],"version-history":[{"count":3,"href":"https:\/\/www.latourpourtous.fr\/index.php\/wp-json\/wp\/v2\/posts\/2006\/revisions"}],"predecessor-version":[{"id":2011,"href":"https:\/\/www.latourpourtous.fr\/index.php\/wp-json\/wp\/v2\/posts\/2006\/revisions\/2011"}],"wp:attachment":[{"href":"https:\/\/www.latourpourtous.fr\/index.php\/wp-json\/wp\/v2\/media?parent=2006"}],"wp:term":[{"taxonomy":"category","embeddable":true,"href":"https:\/\/www.latourpourtous.fr\/index.php\/wp-json\/wp\/v2\/categories?post=2006"},{"taxonomy":"post_tag","embeddable":true,"href":"https:\/\/www.latourpourtous.fr\/index.php\/wp-json\/wp\/v2\/tags?post=2006"}],"curies":[{"name":"wp","href":"https:\/\/api.w.org\/{rel}","templated":true}]}}