{"id":1983,"date":"2023-07-03T09:22:37","date_gmt":"2023-07-03T07:22:37","guid":{"rendered":"localhost:8888\/?p=1983"},"modified":"2023-07-03T09:25:46","modified_gmt":"2023-07-03T07:25:46","slug":"assemblee-generale-2023","status":"publish","type":"post","link":"https:\/\/www.latourpourtous.fr\/index.php\/2023\/07\/03\/assemblee-generale-2023\/","title":{"rendered":"ASSEMBLEE GENERALE 2023"},"content":{"rendered":"<p align=\"CENTER\"><span style=\"font-size: x-large;\"><b>AG DU 9 JUIN 2023<\/b><\/span><\/p>\n<p><span style=\"font-size: large;\">Une vingtaine de membres de l&rsquo;association \u00e9taient pr\u00e9sents le vendredi 9 Juin pour le dixi\u00e8me anniversaire de La Tour d&rsquo;Aigues Pour Tous au Domaine de la Castelette, toujours sympathiquement accueilli par notre ami Fran\u00e7ois Lachal. Une vingtaine de pouvoirs avaient \u00e9t\u00e9 adress\u00e9s ou donn\u00e9s permettant au quorum d&rsquo;\u00eatre atteint.<\/span><\/p>\n<p><span style=\"font-size: large;\">Apr\u00e8s les mots de bienvenue, l&rsquo;assembl\u00e9e g\u00e9n\u00e9rale d\u00e9bute par le rapport financier de la tr\u00e9sori\u00e8re Claudette Gastaldi attestant de la bonne sant\u00e9 financi\u00e8re de l&rsquo;association. Rapport accept\u00e9 \u00e0 l&rsquo;unanimit\u00e9.<\/span><\/p>\n<p><span style=\"font-size: large;\">Le rapport moral est ensuite pr\u00e9sent\u00e9 par le pr\u00e9sident Antoine Medvedowsky\u00a0:<\/span><\/p>\n<p><span style=\"font-size: large;\">Il y a un an c&rsquo;\u00e9tait les \u00e9lections l\u00e9gislatives et je vous avais dit que nous risquions d&rsquo;avoir un Maire devenu d\u00e9put\u00e9 et donc dans la foul\u00e9e un copain du Maire devenir Maire \u00e0 la place du Maire.<\/span><\/p>\n<p><span style=\"font-size: large;\">Il y a 6 mois, lors de ses v\u0153ux, le Maire devenu d\u00e9put\u00e9 a dit publiquement qu&rsquo;il ne quitterait jamais ni la mairie ni le Conseil Municipal qui \u00e9taient sa famille. Trois mois plus tard il a d\u00e9missionn\u00e9 de l&rsquo;un et de l&rsquo;autre&#8230;Il aurait pu rester conseiller municipal, il ne l&rsquo;a pas choisi.<\/span><\/p>\n<p><span style=\"font-size: large;\">Comme nous somme des d\u00e9mocrates nous avons souhait\u00e9 la bienvenue \u00e0 son copain Fran\u00e7ois Xavier Guis ou Guis-Spengler pour son \u00e9lection interne, vous le lirez dans notre article du prochain Fil de l&rsquo;Eze. Nous lui proposons m\u00eame de l&rsquo;aider si jamais il lui venait \u00e0 l&rsquo;id\u00e9e de r\u00e9aliser les 2 projets majeurs que nous pr\u00e9sentons depuis 9 ans\u00a0: L&rsquo;am\u00e9nagement de la place du Ch\u00e2teau et un plan de circulation pour le village.<\/span><\/p>\n<p><span style=\"font-size: large;\">1\/ La place du Ch\u00e2teau \u00e9tait dans nos cartons d\u00e9j\u00e0 en 2014, nous lui en fourniront les plans s&rsquo;il le souhaite avec 1\/3 de la surface laiss\u00e9 en parking de proximit\u00e9 et de courte dur\u00e9e pour les commerces locaux, 1\/3 de la surface en lieu de rencontre et partage et de jeux pour enfants, et 1\/3 d&rsquo;espace v\u00e9g\u00e9talis\u00e9 pour l&rsquo;esth\u00e9tique et permettre une d\u00e9ambulation \u00e9cologique. <\/span><\/p>\n<p><span style=\"font-size: large;\">2\/ Nous avons republi\u00e9 le second avec le plan d\u00e9taill\u00e9 lui-m\u00eame dans un num\u00e9ro du Fil de l&rsquo;Eze de l&rsquo;ann\u00e9e derni\u00e8re. Le principe est de rendre utile la voie de d\u00e9rivation de l&rsquo;Ourgouze pour le centre village en fluidifiant la circulation, en diminuant bruit et pollution, en pr\u00e9servant les pi\u00e9tons.<\/span><\/p>\n<p><span style=\"font-size: large;\">Une commission de d\u00e9mocratie participative extra municipale qui \u00e9tait notre 3e grand projet, a par ailleurs \u00e9t\u00e9 copi\u00e9 par la majorit\u00e9 municipale mais h\u00e9las, \u00e0 l&rsquo;instar d&rsquo;un comit\u00e9 th\u00e9odule, elle n&rsquo;a aucune r\u00e9alisation \u00e0 son actif depuis 3 ans, si ce n&rsquo;est un r\u00e9cent colloque sur la mani\u00e8re d&rsquo;\u00e9conomiser l&rsquo;eau et l&rsquo;\u00e9lectricit\u00e9&#8230; <\/span><\/p>\n<p><span style=\"font-size: large;\">Depuis le d\u00e9but du mandat nos 3 \u00e9lus repr\u00e9sentent avec s\u00e9rieux et t\u00e9nacit\u00e9 nos \u00e9lecteurs et l&rsquo;opposition. Le nouveau Maire ayant eu \u00e0 leur \u00e9gard un comportement chaleureux, d\u00e9mocratique et apparemment bienveillant, ce qui n&rsquo;avait jamais \u00e9t\u00e9 le cas auparavant, ils ont voulu en retour marquer leur disponibilit\u00e9 \u00e0 \u00eatre participatifs \u00e0 ses c\u00f4t\u00e9s et ont donc vot\u00e9 le budget pr\u00e9sent\u00e9 par la majorit\u00e9, ce qui est en principe antinomique avec l&rsquo;existence d&rsquo;une opposition. Ca a \u00e9t\u00e9 leur choix et, m\u00eame si \u00e7a n&rsquo;est pas classique, le bureau l&rsquo;a accept\u00e9 et compris. Nous verrons d&rsquo;ici un an si cela est suivi d&rsquo;effets positifs et a \u00e9t\u00e9 un bon choix. On ne peut que l&rsquo;esp\u00e9rer.\u00a0<\/span><\/p>\n<p><span style=\"font-size: large;\">Le rapport moral est vot\u00e9 \u00e0 l&rsquo;unanimit\u00e9.<\/span><\/p>\n<p><span style=\"font-size: large;\">ELECTION DU BUREAU<\/span><\/p>\n<p><span style=\"font-size: large;\">Le bureau sortant \u00e9tait compos\u00e9 de Claudette Gastaldi, Martine Arniaud, J.P. Dessaud, J.L. Orsal, A Medvedowsky.Tous sont \u00e0 nouveau candidats sauf<\/span><\/p>\n<p><span style=\"font-size: large;\">Jean Luc, d\u00e9missionnaire pour raison de sant\u00e9. Gilbert Blanc est d&rsquo;accord pour le remplacer. Antoine Medvedowsky, fondateur de l&rsquo;association, fait remarquer que cela fait 10 ans pour lui et qu&rsquo;il n&rsquo;a pas vocation \u00e0 \u00eatre l\u00e0 \u00e9ternellement\u00a0: appel est fait \u00e0 la rel\u00e8ve\u00a0!<\/span><\/p>\n<p><span style=\"font-size: large;\">Depuis l&rsquo;AG de 2021 le coll\u00e8ge de conseillers du bureau comprend Francine Ravoire, Gilbert Blanc et Robert Reynier. <\/span><span style=\"font-size: large;\">Aucun n&rsquo;ayant d\u00e9missionn\u00e9, ils poursuivront donc leur missions.<\/span><\/p>\n<p><span style=\"font-size: large;\">Election du bureau \u00e0 l&rsquo;unanimit\u00e9.<\/span><\/p>\n","protected":false},"excerpt":{"rendered":"<p>AG DU 9 JUIN 2023 Une vingtaine de membres de l&rsquo;association \u00e9taient pr\u00e9sents le vendredi 9 Juin pour le dixi\u00e8me anniversaire de La Tour d&rsquo;Aigues Pour Tous au Domaine de la Castelette, toujours sympathiquement accueilli par notre ami Fran\u00e7ois Lachal. Une vingtaine de pouvoirs avaient \u00e9t\u00e9 adress\u00e9s ou donn\u00e9s permettant au quorum d&rsquo;\u00eatre atteint. Apr\u00e8s&hellip;&nbsp;<a href=\"https:\/\/www.latourpourtous.fr\/index.php\/2023\/07\/03\/assemblee-generale-2023\/\" rel=\"bookmark\"><span class=\"screen-reader-text\">ASSEMBLEE GENERALE 2023<\/span><\/a><\/p>\n","protected":false},"author":1,"featured_media":0,"comment_status":"closed","ping_status":"open","sticky":false,"template":"","format":"standard","meta":{"neve_meta_sidebar":"","neve_meta_container":"","neve_meta_enable_content_width":"","neve_meta_content_width":0,"neve_meta_title_alignment":"","neve_meta_author_avatar":"","neve_post_elements_order":"","neve_meta_disable_header":"","neve_meta_disable_footer":"","neve_meta_disable_title":"","footnotes":""},"categories":[5,1,9,3],"tags":[],"class_list":["post-1983","post","type-post","status-publish","format-standard","hentry","category-editos","category-non-classe","category-vie-de-lassociation","category-vie-municipale"],"_links":{"self":[{"href":"https:\/\/www.latourpourtous.fr\/index.php\/wp-json\/wp\/v2\/posts\/1983","targetHints":{"allow":["GET"]}}],"collection":[{"href":"https:\/\/www.latourpourtous.fr\/index.php\/wp-json\/wp\/v2\/posts"}],"about":[{"href":"https:\/\/www.latourpourtous.fr\/index.php\/wp-json\/wp\/v2\/types\/post"}],"author":[{"embeddable":true,"href":"https:\/\/www.latourpourtous.fr\/index.php\/wp-json\/wp\/v2\/users\/1"}],"replies":[{"embeddable":true,"href":"https:\/\/www.latourpourtous.fr\/index.php\/wp-json\/wp\/v2\/comments?post=1983"}],"version-history":[{"count":2,"href":"https:\/\/www.latourpourtous.fr\/index.php\/wp-json\/wp\/v2\/posts\/1983\/revisions"}],"predecessor-version":[{"id":1985,"href":"https:\/\/www.latourpourtous.fr\/index.php\/wp-json\/wp\/v2\/posts\/1983\/revisions\/1985"}],"wp:attachment":[{"href":"https:\/\/www.latourpourtous.fr\/index.php\/wp-json\/wp\/v2\/media?parent=1983"}],"wp:term":[{"taxonomy":"category","embeddable":true,"href":"https:\/\/www.latourpourtous.fr\/index.php\/wp-json\/wp\/v2\/categories?post=1983"},{"taxonomy":"post_tag","embeddable":true,"href":"https:\/\/www.latourpourtous.fr\/index.php\/wp-json\/wp\/v2\/tags?post=1983"}],"curies":[{"name":"wp","href":"https:\/\/api.w.org\/{rel}","templated":true}]}}