{"id":1964,"date":"2023-01-11T10:32:18","date_gmt":"2023-01-11T09:32:18","guid":{"rendered":"localhost:8888\/?p=1964"},"modified":"2023-01-11T10:32:18","modified_gmt":"2023-01-11T09:32:18","slug":"bonne-annee-de-la-part-de-la-tour-daigues-pour-tous","status":"publish","type":"post","link":"https:\/\/www.latourpourtous.fr\/index.php\/2023\/01\/11\/bonne-annee-de-la-part-de-la-tour-daigues-pour-tous\/","title":{"rendered":"BONNE ANNEE  DE LA PART DE LA TOUR D&rsquo;AIGUES POUR TOUS"},"content":{"rendered":"<p>&nbsp;<\/p>\n<p>Chers Amis,<br \/>\nQue nous souhaiter pour 2023 si ce n&rsquo;est beaucoup de joies, de r\u00e9ussites et de sant\u00e9 pour tous, et la paix et la prosp\u00e9rit\u00e9 partout.<br \/>\nEn ce d\u00e9but d&rsquo;ann\u00e9e restons r\u00e9solument optimistes :<br \/>\nSachons que la mortalit\u00e9 infantile est partout dans le monde consid\u00e9rablement r\u00e9duite, que le taux d&rsquo;extr\u00eame pauvret\u00e9 est pass\u00e9 \u00e0 moins de 9% de la population mondiale, que le taux d&rsquo;alphab\u00e9tisation est au del\u00e0 de 90% et que la dur\u00e9e de vie n&rsquo;a jamais \u00e9t\u00e9 aussi longue. Notre monde actuel, tant d\u00e9cri\u00e9, fait mieux que les pr\u00e9c\u00e9dents.<br \/>\nRetenons que l&rsquo;esp\u00e9rance de vie, qui a plus que doubl\u00e9 en cent ans, ne stagne &#8211; voire diminue &#8211; que dans les seuls pays qui n&rsquo;ont pas eu la lucidit\u00e9, ou le courage, de prendre les mesures que nous avons nous m\u00eames respect\u00e9es contre la pand\u00e9mie actuelle.<br \/>\nAdmettons que devant l&rsquo;allongement de la dur\u00e9e de vie, chez nous de 15 ans au cours des 60 derni\u00e8res ann\u00e9es, il nous faille travailler un peu plus longtemps pour financer ces plus longues retraites, comme l&rsquo;ont fait tous les autres pays.<br \/>\nProposons que nos soignants soient r\u00e9mun\u00e9r\u00e9s plus d\u00e9cemment, si nous voulons en \u00e9change exiger d&rsquo;eux des soins disponibles en permanence.<br \/>\nRappelons qu&rsquo;il est maintenant prouv\u00e9 partout que la lutte contre le r\u00e9chauffement climatique de notre plan\u00e8te passe obligatoirement par l&rsquo;\u00e9nergie nucl\u00e9aire, associ\u00e9e bien s\u00fbr aux autres mesures d&rsquo;\u00e9conomie et de productions alternatives, mais seule capable de remplacer les \u00e9nergies fossiles et gr\u00e2ce \u00e0 laquelle notre pays est le moins \u00e9metteur de tous en CO2.<\/p>\n<p>N&rsquo;oublions cependant pas, h\u00e9las, nos voisins en Ukraine dont l&rsquo;invasion, d\u00e9cid\u00e9e par V. Poutine, a invers\u00e9 75 ans d&rsquo;absence de guerre inter-\u00e9tatique en Europe. Insistons \u00e0 travers tous nos r\u00e9seaux pour que nos gouvernements tentent tout pour faire cesser cette tuerie et,en attendant, aident au mieux ceux qui sont assi\u00e9g\u00e9s.<\/p>\n<p>A La Tour d&rsquo;Aigues enfin, f\u00e9licitons nous de l&rsquo;installation des nouveaux commerces : La Presse, Tenza, et de la nouvelle surface du magasin Vert Amande que nous accueillons avec plaisir.<br \/>\nContinuons \u00e0 esp\u00e9rer une circulation mieux organis\u00e9e, des places qui ne soient plus exclusivement r\u00e9serv\u00e9es aux voitures, des trottoirs permettant de marcher en \u00e9vitant le gymkana entre les d\u00e9jections canines, des poubelles qui ne d\u00e9bordent plus \u00e0 la vue de tous, et des deux roues dont les pots d&rsquo;\u00e9chappements soient enfin conformes \u00e0 la loi.<br \/>\nMerci aux trois \u00e9lus municipaux du groupe La Tour d&rsquo;Aigues Pour Tous de continuer \u00e0 faire tout ce qu&rsquo;ils peuvent pour essayer d&rsquo;obtenir cela et gardons foi en l&rsquo;avenir !<\/p>\n<p>Bonne Ann\u00e9e 2023 \u00e0 tous !<\/p>\n","protected":false},"excerpt":{"rendered":"<p>&nbsp; Chers Amis, Que nous souhaiter pour 2023 si ce n&rsquo;est beaucoup de joies, de r\u00e9ussites et de sant\u00e9 pour tous, et la paix et la prosp\u00e9rit\u00e9 partout. En ce d\u00e9but d&rsquo;ann\u00e9e restons r\u00e9solument optimistes : Sachons que la mortalit\u00e9 infantile est partout dans le monde consid\u00e9rablement r\u00e9duite, que le taux d&rsquo;extr\u00eame pauvret\u00e9 est pass\u00e9&hellip;&nbsp;<a href=\"https:\/\/www.latourpourtous.fr\/index.php\/2023\/01\/11\/bonne-annee-de-la-part-de-la-tour-daigues-pour-tous\/\" rel=\"bookmark\"><span class=\"screen-reader-text\">BONNE ANNEE  DE LA PART DE LA TOUR D&rsquo;AIGUES POUR TOUS<\/span><\/a><\/p>\n","protected":false},"author":1,"featured_media":0,"comment_status":"closed","ping_status":"open","sticky":false,"template":"","format":"standard","meta":{"neve_meta_sidebar":"","neve_meta_container":"","neve_meta_enable_content_width":"","neve_meta_content_width":0,"neve_meta_title_alignment":"","neve_meta_author_avatar":"","neve_post_elements_order":"","neve_meta_disable_header":"","neve_meta_disable_footer":"","neve_meta_disable_title":"","footnotes":""},"categories":[1],"tags":[],"class_list":["post-1964","post","type-post","status-publish","format-standard","hentry","category-non-classe"],"_links":{"self":[{"href":"https:\/\/www.latourpourtous.fr\/index.php\/wp-json\/wp\/v2\/posts\/1964","targetHints":{"allow":["GET"]}}],"collection":[{"href":"https:\/\/www.latourpourtous.fr\/index.php\/wp-json\/wp\/v2\/posts"}],"about":[{"href":"https:\/\/www.latourpourtous.fr\/index.php\/wp-json\/wp\/v2\/types\/post"}],"author":[{"embeddable":true,"href":"https:\/\/www.latourpourtous.fr\/index.php\/wp-json\/wp\/v2\/users\/1"}],"replies":[{"embeddable":true,"href":"https:\/\/www.latourpourtous.fr\/index.php\/wp-json\/wp\/v2\/comments?post=1964"}],"version-history":[{"count":12,"href":"https:\/\/www.latourpourtous.fr\/index.php\/wp-json\/wp\/v2\/posts\/1964\/revisions"}],"predecessor-version":[{"id":1976,"href":"https:\/\/www.latourpourtous.fr\/index.php\/wp-json\/wp\/v2\/posts\/1964\/revisions\/1976"}],"wp:attachment":[{"href":"https:\/\/www.latourpourtous.fr\/index.php\/wp-json\/wp\/v2\/media?parent=1964"}],"wp:term":[{"taxonomy":"category","embeddable":true,"href":"https:\/\/www.latourpourtous.fr\/index.php\/wp-json\/wp\/v2\/categories?post=1964"},{"taxonomy":"post_tag","embeddable":true,"href":"https:\/\/www.latourpourtous.fr\/index.php\/wp-json\/wp\/v2\/tags?post=1964"}],"curies":[{"name":"wp","href":"https:\/\/api.w.org\/{rel}","templated":true}]}}