{"id":1956,"date":"2022-06-19T10:41:23","date_gmt":"2022-06-19T08:41:23","guid":{"rendered":"localhost:8888\/?p=1956"},"modified":"2022-06-19T16:10:22","modified_gmt":"2022-06-19T14:10:22","slug":"ag-latourpourtous-10-juin-2022","status":"publish","type":"post","link":"https:\/\/www.latourpourtous.fr\/index.php\/2022\/06\/19\/ag-latourpourtous-10-juin-2022\/","title":{"rendered":"AG Latourpourtous 10 Juin 2022"},"content":{"rendered":"<p>&nbsp;<\/p>\n<p><span style=\"font-size: large;\">Pr\u00e8s de trente personnes, adh\u00e9rents de l&rsquo;Association La Tour d&rsquo;Aigues Pour Tous, se sont retrouv\u00e9es ce vendredi 10Juin dans les jardins de La Castelette.<\/span><\/p>\n<p><span style=\"font-size: large;\">Le Rapport Moral du Pr\u00e9sident Antoine Medvedowsky tient lieu d&rsquo;\u00e9ditorial pour ce mois-ci:<\/span><\/p>\n<p><span style=\"font-size: large;\">\u00ab\u00a0Les \u00e9lections municipales ont eu lieu il y a deux ans et nous sommes donc au tiers de la mandature avec peu de passions pour suivre les actions mitig\u00e9es de la majorit\u00e9 municipale et gu\u00e8re plus, il faut bien l&rsquo;avouer, pour les propositions d&rsquo;une opposition minoritaire. Comme c&rsquo;est classique il risque d&rsquo;en \u00eatre de m\u00eame pendant encore deux ans\u00a0!<\/span><\/p>\n<p><span style=\"font-size: large;\">Nous pouvons cependant nous satisfaire que plusieurs des id\u00e9es et propositions que nous avions port\u00e9es aient d\u00e9j\u00e0 \u00e9t\u00e9 reprises par nos concurrents.<\/span><\/p>\n<p><span style=\"font-size: large;\">Ainsi la voie de contournement de l&rsquo;Ourgouse mise en service avec une voie pi\u00e9tonne et une voie cyclable semi-ind\u00e9pendantes, gr\u00e2ce \u00e0 l&rsquo;action du CIQVDO qui a repris et d\u00e9fendu ce que nous avions inscrit dans notre programme, et le rond-point d&rsquo;entr\u00e9e enfin am\u00e9nag\u00e9&#8230; mais\u00a0!<\/span><\/p>\n<p><span style=\"font-size: large;\">Voici \u00e0 ce sujet et en avant-premi\u00e8re la partie du mot des \u00e9lus de la minorit\u00e9, nos \u00e9lus, qui para\u00eetra ce mois-ci\u00a0:<\/span><\/p>\n<p><span style=\"font-size: large;\"><span style=\"font-size: medium;\">\u00ab<\/span>\u00a0Apr\u00e8s plusieurs ann\u00e9es d&rsquo;attente, le rond-point d&rsquo;entr\u00e9e dans notre village vient enfin d&rsquo;\u00eatre am\u00e9nag\u00e9 et v\u00e9g\u00e9talis\u00e9. Ne boudons pas notre plaisir puisque nous avions pr\u00e9sent\u00e9 cela d\u00e8s 2014. Curieuse id\u00e9e toutefois d&rsquo;y mettre au milieu, sur 3 rang\u00e9es d&rsquo;IPN scell\u00e9s dans du b\u00e9ton, une malheureuse glycine habituellement faite pour grimper sur les murs ou ombrager une treille ! En face de la Coop\u00e9rative vinicole et des caveaux de d\u00e9gustation du Cellier de Marrenon et de Val d&rsquo;Eze, pour accueillir visiteurs et amoureux de notre vignoble, nous aurions pr\u00e9f\u00e9r\u00e9 3 rang\u00e9es de vignes, embl\u00e8me de notre village et de nos chers viticulteurs.\u00a0\u00bb<\/span><\/p>\n<p><span style=\"font-size: large;\">Par contre, toujours aucun plan de circulation pr\u00e9vu, ni m\u00eame r\u00e9fl\u00e9chi ou imagin\u00e9, par la majorit\u00e9 en deux ans d&rsquo;exercice pour r\u00e9pondre \u00e0 la nouveaut\u00e9 et \u00e0 l&rsquo;int\u00e9r\u00eat de cette voie de l&rsquo;Ourgouse. Nos \u00e9lus dans le \u00bc de page du Fil de l&rsquo;Eze qui leur est d\u00fb avaient pr\u00e9sent\u00e9 le notre l&rsquo;\u00e9t\u00e9 dernier\u00a0; vous pouvez en obtenir des exemplaires pour ceux qui ne l&rsquo;ont pas eu ou ne l&rsquo;on plus et en d\u00e9sire un&#8230;<\/span><\/p>\n<p><span style=\"font-size: large;\">La commission de d\u00e9mocratie participative extra municipale qui \u00e9tait un de nos engagements de campagne, largement moqu\u00e9 par nos concurrents, a vu le jour et s&rsquo;est d\u00e9j\u00e0 r\u00e9unie plusieurs fois. Sa composition, soigneusement calcul\u00e9e pour \u00eatre sous contr\u00f4le, et seulement libre en apparence, comme nous l&rsquo;avions soulign\u00e9 ici m\u00eame l&rsquo;an dernier, a donn\u00e9 ce que l&rsquo;on en attendait, une usine \u00e0 gaz accouchant de&#8230; rien en deux ans! Pierre Vial qui y est notre repr\u00e9sentant vous le dira.<\/span><\/p>\n<p><span style=\"font-size: large;\">Par ailleurs, depuis le d\u00e9but du mandat nos 3 \u00e9lus repr\u00e9sentent avec s\u00e9rieux et t\u00e9nacit\u00e9 nos \u00e9lecteurs sans \u00eatre dans une opposition syst\u00e9matique comme aimeraient le faire croire ceux de la majorit\u00e9.<\/span><\/p>\n<p><span style=\"font-size: large;\">Le deuxi\u00e8me paragraphe du texte des \u00e9lus La Tour Pour Tous sur le prochain Fil de l&rsquo;Eze en donne ainsi la preuve, je le lis\u00a0:<\/span><\/p>\n<p><span style=\"font-size: large;\">\u00ab\u00a0 Nous n&rsquo;avons pas vot\u00e9 contre le budget de la commune, \u00e9quilibr\u00e9 mais comme le veut la loi, notamment en raison d&rsquo;une ligne de 100 000\u20ac pr\u00e9vue pour les travaux d&rsquo;un renouveau du stade de football sur le complexe sportif M.Greff. <\/span><\/p>\n<p><span style=\"font-size: large;\">Encore faudrait il que cela s&rsquo;inclut dans l&rsquo;ensemble d&rsquo;un vrai complexe sportif avec le transfert du stade Gar\u00e7in et qu&rsquo;on y associe d\u00e8s maintenant, en profitant des taux faibles d&rsquo;aujourd&rsquo;hui, les emprunts n\u00e9cessaires \u00e0 ces investissements utiles pour demain. Cela permettrait de donner l&rsquo;\u00e9lan pour un nouvel am\u00e9nagement du centre du village avec r\u00e9cup\u00e9ration de foncier, d\u00e9localisation d&rsquo;une partie du parking de la place du Ch\u00e2teau sur le stade actuel, accompagn\u00e9 par des espace verts sur les deux sites, et avec un plan de circulation enfin adapt\u00e9. <\/span><\/p>\n<p><span style=\"font-size: large;\">Esp\u00e9rons que nos propositions constructives seront enfin entendues et se trouveront sur le projet de budget 2023.\u00a0\u00bb<\/span><\/p>\n<p>L&rsquo;Assembl\u00e9e G\u00e9n\u00e9rale s&rsquo;est poursuivie par la pr\u00e9sentation du rapport financier par la tr\u00e9sori\u00e8re Claudette Gastaldi et, apr\u00e8s approbation \u00e0 l&rsquo;unanimit\u00e9 des deux rapports par la r\u00e9\u00e9lection du bureau et du groupe de conseillers. Un ap\u00e9ritif amical servi sous les platanes a cl\u00f4tur\u00e9 l&rsquo;assembl\u00e9e.<\/p>\n","protected":false},"excerpt":{"rendered":"<p>&nbsp; Pr\u00e8s de trente personnes, adh\u00e9rents de l&rsquo;Association La Tour d&rsquo;Aigues Pour Tous, se sont retrouv\u00e9es ce vendredi 10Juin dans les jardins de La Castelette. Le Rapport Moral du Pr\u00e9sident Antoine Medvedowsky tient lieu d&rsquo;\u00e9ditorial pour ce mois-ci: \u00ab\u00a0Les \u00e9lections municipales ont eu lieu il y a deux ans et nous sommes donc au tiers&hellip;&nbsp;<a href=\"https:\/\/www.latourpourtous.fr\/index.php\/2022\/06\/19\/ag-latourpourtous-10-juin-2022\/\" rel=\"bookmark\"><span class=\"screen-reader-text\">AG Latourpourtous 10 Juin 2022<\/span><\/a><\/p>\n","protected":false},"author":1,"featured_media":0,"comment_status":"closed","ping_status":"open","sticky":false,"template":"","format":"standard","meta":{"neve_meta_sidebar":"","neve_meta_container":"","neve_meta_enable_content_width":"","neve_meta_content_width":0,"neve_meta_title_alignment":"","neve_meta_author_avatar":"","neve_post_elements_order":"","neve_meta_disable_header":"","neve_meta_disable_footer":"","neve_meta_disable_title":"","footnotes":""},"categories":[5],"tags":[],"class_list":["post-1956","post","type-post","status-publish","format-standard","hentry","category-editos"],"_links":{"self":[{"href":"https:\/\/www.latourpourtous.fr\/index.php\/wp-json\/wp\/v2\/posts\/1956","targetHints":{"allow":["GET"]}}],"collection":[{"href":"https:\/\/www.latourpourtous.fr\/index.php\/wp-json\/wp\/v2\/posts"}],"about":[{"href":"https:\/\/www.latourpourtous.fr\/index.php\/wp-json\/wp\/v2\/types\/post"}],"author":[{"embeddable":true,"href":"https:\/\/www.latourpourtous.fr\/index.php\/wp-json\/wp\/v2\/users\/1"}],"replies":[{"embeddable":true,"href":"https:\/\/www.latourpourtous.fr\/index.php\/wp-json\/wp\/v2\/comments?post=1956"}],"version-history":[{"count":4,"href":"https:\/\/www.latourpourtous.fr\/index.php\/wp-json\/wp\/v2\/posts\/1956\/revisions"}],"predecessor-version":[{"id":1962,"href":"https:\/\/www.latourpourtous.fr\/index.php\/wp-json\/wp\/v2\/posts\/1956\/revisions\/1962"}],"wp:attachment":[{"href":"https:\/\/www.latourpourtous.fr\/index.php\/wp-json\/wp\/v2\/media?parent=1956"}],"wp:term":[{"taxonomy":"category","embeddable":true,"href":"https:\/\/www.latourpourtous.fr\/index.php\/wp-json\/wp\/v2\/categories?post=1956"},{"taxonomy":"post_tag","embeddable":true,"href":"https:\/\/www.latourpourtous.fr\/index.php\/wp-json\/wp\/v2\/tags?post=1956"}],"curies":[{"name":"wp","href":"https:\/\/api.w.org\/{rel}","templated":true}]}}