{"id":1945,"date":"2022-01-06T17:39:28","date_gmt":"2022-01-06T16:39:28","guid":{"rendered":"localhost:8888\/?p=1945"},"modified":"2022-01-06T20:57:44","modified_gmt":"2022-01-06T19:57:44","slug":"voeux-2022","status":"publish","type":"post","link":"https:\/\/www.latourpourtous.fr\/index.php\/2022\/01\/06\/voeux-2022\/","title":{"rendered":"VOEUX 2022"},"content":{"rendered":"<p>BONNE ANNEE !<\/p>\n<p>Chers Amis,<br \/>\nEn relisant ce que nous vous avions adress\u00e9 en guise de voeux il y a un an, et une fois n&rsquo;est pas coutume, nous ne sommes pas m\u00e9content :<br \/>\nOui nous avons eu un gros probl\u00e8me \u00e0 g\u00e9rer, sanitaire, social, \u00e9conomique, en un mot politique, et ce n&rsquo;est pas tout \u00e0 fait termin\u00e9, loin s&rsquo;en faut&#8230;<br \/>\nMais non ces deux derni\u00e8res ann\u00e9es n&rsquo;ont pas \u00e9t\u00e9 les pires de l&rsquo;histoire de l&rsquo;humanit\u00e9, et non nous ne sommes pas en guerre !<br \/>\nNotre pays, comme toute l&rsquo;Europe, n&rsquo;a pas enregistr\u00e9 les millions de morts que les derni\u00e8res guerres ont entra\u00een\u00e9, m\u00eame si nous avons la plus grande compassion pour tous ceux qui ont eu \u00e0 souffrir de cette pand\u00e9mie et pour les milliers de familles endeuill\u00e9es par la perte d&rsquo;un proche. La famine continue \u00e0 r\u00e9gresser \u00e0 peu pr\u00e8s partout dans le monde, de m\u00eame que l&rsquo;illettrisme, et si le r\u00e9chauffement climatique est un s\u00e9rieux probl\u00e8me qui reste \u00e0 endiguer, nos for\u00eats sont loin d&rsquo;avoir<br \/>\ndisparues&#8230;<br \/>\nLes \u00e9changes que nous avons avec le reste du monde n&rsquo;ont jamais \u00e9t\u00e9 aussi ouverts, rapides et productifs, ayant permis dans un temps record que les efforts des scientifiques s&rsquo;additionnent pour trouver les m\u00e9thodes de pr\u00e9cautions puis les vaccins n\u00e9cessaires pour faire barrage \u00e0 ce virus. Ainsi aujourd&rsquo;hui il n&rsquo;y a plus que des non vaccin\u00e9s parmi les patients en r\u00e9animation et parmi ceux qui meurent (\u00e0 l&rsquo;exception de quelques comorbidit\u00e9s graves) \u00e0 cause du COVID, et 80% des personnes hospitalis\u00e9es sont des non vaccin\u00e9s. Nous devrions arriver \u00e0 g\u00e9rer l&rsquo;acc\u00e8s s\u00e9curis\u00e9 aux \u00e9coles et aux lieux ou commerces de loisirs, et apr\u00e8s la vague actuelle, li\u00e9e \u00e0 la contagiosit\u00e9 du variant en cause, nous pouvons esp\u00e9rer entrevoir la fin du tunnel. C&rsquo;est bien s\u00fbr ce que nous devons nous souhaiter, pour tous.<\/p>\n<p>Pour le reste, notre association continue \u00e0 exister dans le village et les trois \u00e9lus d&rsquo;opposition qui en sont issus jouent un r\u00f4le actif au sein du conseil municipal, de vigilance, de repr\u00e9sentation de nos \u00e9lecteurs, d&rsquo;information et aussi, lorsque cela est justifi\u00e9 et le m\u00e9rite, de participation.<br \/>\nNous avons ainsi la satisfaction d&rsquo;avoir vu notre premi\u00e8re proposition de la derni\u00e8re campagne municipale reprise par l&rsquo;actuelle majorit\u00e9 c&rsquo;est \u00e0 dire la constitution d&rsquo;une commission d\u00e9mocratique consultative, m\u00eame si celle-ci n&rsquo;a pas les coud\u00e9es aussi franches que nous le proposions.<br \/>\nMieux encore, nous avons la satisfaction de voir que cette commission est en train de reprendre, y compris dans le m\u00eame ordre de n\u00e9cessit\u00e9, les principales r\u00e9formes souhait\u00e9es \u2013 et souhaitables \u2013 dans notre commune que nous proposions : La requalification de l&rsquo;espace public au profit des espaces verts, sur nos places notamment. Le r\u00e8glement des difficult\u00e9s de d\u00e9placements, avec un plan de circulation appropri\u00e9, au profit des pi\u00e9tons, de l&rsquo;acc\u00e8s aux commerces de proximit\u00e9, et de la lutte contre les nuisances. L&rsquo;am\u00e9lioration des possibilit\u00e9s de logement individuels, notamment pour les jeunes primo-acc\u00e9dant \u00e0 la propri\u00e9t\u00e9. Ce sont exactement les engagements qui \u00e9taient \u00e0 notre programme en 2014 et en 2020!<\/p>\n<p>Nous sommes heureux de voir nos id\u00e9es ainsi reprises et si La Tour d&rsquo;Aigues pouvait enfin rattraper ces huit ann\u00e9es de retard, perdues pour la qualit\u00e9 de vie et l&rsquo;attrait de notre village, nous en serions les premiers satisfaits.<\/p>\n<p>Continuons donc \u00e0 nous souhaiter et \u00e0 esp\u00e9rer de meilleurs jours, \u00e0 l&rsquo;\u00e9chelle du pays comme au<br \/>\nniveau de notre village, en gardant confiance en nos capacit\u00e9s qui sont grandes et en nos moyens<br \/>\nqui n&rsquo;ont jamais \u00e9t\u00e9 aussi importants. Ne nous laissons pas embobiner par les esprits chagrins,<br \/>\npass\u00e9istes, ou n\u00e9gatifs qui sont l\u00e9gions, en politique comme dans les m\u00e9dias, et font profession de<br \/>\nmalheur et de catastrophisme.<br \/>\nSouhaitons nous le meilleur et gardons foi en l&rsquo;avenir !<\/p>\n<p>Bonne ann\u00e9e \u00e0 tous.<\/p>\n","protected":false},"excerpt":{"rendered":"<p>BONNE ANNEE ! Chers Amis, En relisant ce que nous vous avions adress\u00e9 en guise de voeux il y a un an, et une fois n&rsquo;est pas coutume, nous ne sommes pas m\u00e9content : Oui nous avons eu un gros probl\u00e8me \u00e0 g\u00e9rer, sanitaire, social, \u00e9conomique, en un mot politique, et ce n&rsquo;est pas tout&hellip;&nbsp;<a href=\"https:\/\/www.latourpourtous.fr\/index.php\/2022\/01\/06\/voeux-2022\/\" rel=\"bookmark\"><span class=\"screen-reader-text\">VOEUX 2022<\/span><\/a><\/p>\n","protected":false},"author":1,"featured_media":0,"comment_status":"closed","ping_status":"open","sticky":false,"template":"","format":"standard","meta":{"neve_meta_sidebar":"","neve_meta_container":"","neve_meta_enable_content_width":"","neve_meta_content_width":0,"neve_meta_title_alignment":"","neve_meta_author_avatar":"","neve_post_elements_order":"","neve_meta_disable_header":"","neve_meta_disable_footer":"","neve_meta_disable_title":"","footnotes":""},"categories":[1],"tags":[],"class_list":["post-1945","post","type-post","status-publish","format-standard","hentry","category-non-classe"],"_links":{"self":[{"href":"https:\/\/www.latourpourtous.fr\/index.php\/wp-json\/wp\/v2\/posts\/1945","targetHints":{"allow":["GET"]}}],"collection":[{"href":"https:\/\/www.latourpourtous.fr\/index.php\/wp-json\/wp\/v2\/posts"}],"about":[{"href":"https:\/\/www.latourpourtous.fr\/index.php\/wp-json\/wp\/v2\/types\/post"}],"author":[{"embeddable":true,"href":"https:\/\/www.latourpourtous.fr\/index.php\/wp-json\/wp\/v2\/users\/1"}],"replies":[{"embeddable":true,"href":"https:\/\/www.latourpourtous.fr\/index.php\/wp-json\/wp\/v2\/comments?post=1945"}],"version-history":[{"count":5,"href":"https:\/\/www.latourpourtous.fr\/index.php\/wp-json\/wp\/v2\/posts\/1945\/revisions"}],"predecessor-version":[{"id":1952,"href":"https:\/\/www.latourpourtous.fr\/index.php\/wp-json\/wp\/v2\/posts\/1945\/revisions\/1952"}],"wp:attachment":[{"href":"https:\/\/www.latourpourtous.fr\/index.php\/wp-json\/wp\/v2\/media?parent=1945"}],"wp:term":[{"taxonomy":"category","embeddable":true,"href":"https:\/\/www.latourpourtous.fr\/index.php\/wp-json\/wp\/v2\/categories?post=1945"},{"taxonomy":"post_tag","embeddable":true,"href":"https:\/\/www.latourpourtous.fr\/index.php\/wp-json\/wp\/v2\/tags?post=1945"}],"curies":[{"name":"wp","href":"https:\/\/api.w.org\/{rel}","templated":true}]}}