{"id":1939,"date":"2021-11-08T11:52:41","date_gmt":"2021-11-08T10:52:41","guid":{"rendered":"localhost:8888\/?p=1939"},"modified":"2021-11-08T16:54:56","modified_gmt":"2021-11-08T15:54:56","slug":"bien-vivre-ensemble-a-la-tour-daigues","status":"publish","type":"post","link":"https:\/\/www.latourpourtous.fr\/index.php\/2021\/11\/08\/bien-vivre-ensemble-a-la-tour-daigues\/","title":{"rendered":"BIEN VIVRE ENSEMBLE A LA TOUR D&rsquo;AIGUES ?"},"content":{"rendered":"<p><span style=\"font-size: large;\">Alors que ces derni\u00e8res ann\u00e9es la plupart des villages de la Vall\u00e9e d&rsquo;Aigues ont fait peau neuve, avec des fa\u00e7ades raval\u00e9es, des rues pi\u00e9tonnis\u00e9es, des devantures de commerces harmonis\u00e9es, des aires de conteneurs \u00e0 ordures masqu\u00e9es \u00e0 la vue, des places et placettes d\u00e9barrass\u00e9es de leurs voitures pour \u00eatre rendues \u00e0 la vie sociale&#8230;.<\/span><\/p>\n<p><span style=\"font-size: large;\">A La Tour d&rsquo;Aigues :<\/span><\/p>\n<p><span style=\"font-size: large;\">D\u00e8s l&rsquo;entr\u00e9e du village les murs en pierres s\u00e8ches, reflets de notre patrimoine, sont remplac\u00e9s par des murs en agglos ou b\u00e9ton de formes ridicules et de tailles inappropri\u00e9es; c&rsquo;est laid et d&rsquo;efficacit\u00e9 plus que douteuse !<\/span><\/p>\n<p><span style=\"font-size: large;\">Les trottoirs et espaces publics sont parsem\u00e9s de d\u00e9jections canines et les aires de jeux pour enfants en sont constell\u00e9es\u00a0!<\/span><\/p>\n<p><span style=\"font-size: large;\">Les places du village restent la propri\u00e9t\u00e9 du tout voitures au lieu d&rsquo;\u00eatre requalifi\u00e9es et am\u00e9nag\u00e9es de verdure et en lieux de rencontres et partages; c&rsquo;est anti-\u00e9cologique et bien peu social !<\/span><\/p>\n<p><span style=\"font-size: large;\">Les aires de d\u00e9p\u00f4t des ordures m\u00e9nag\u00e8res ne sont pas prot\u00e9g\u00e9es et masqu\u00e9es de panneaux, au moins sur sur leurs faces avant, laissant \u00e0 la vue les sacs poubelles d\u00e9bordant des conteneurs et parfois \u00e9ventr\u00e9s\u00a0!<\/span><\/p>\n<p><span style=\"font-size: large;\">Les deux roues aux pots d&rsquo;\u00e9chappement non conformes sont l\u00e9gions et ne sont jamais verbalis\u00e9s; c&rsquo;est de plus en plus bruyant !<\/span><\/p>\n<p><span style=\"font-size: large;\"><b>N&rsquo;est-il pas temps de consacrer le budget communal \u00e0 l&rsquo;am\u00e9nagement urbain plut\u00f4t que dans les acquisitions r\u00e9p\u00e9t\u00e9es d&rsquo;immobilier\u00a0?<\/b><\/span><\/p>\n","protected":false},"excerpt":{"rendered":"<p>Alors que ces derni\u00e8res ann\u00e9es la plupart des villages de la Vall\u00e9e d&rsquo;Aigues ont fait peau neuve, avec des fa\u00e7ades raval\u00e9es, des rues pi\u00e9tonnis\u00e9es, des devantures de commerces harmonis\u00e9es, des aires de conteneurs \u00e0 ordures masqu\u00e9es \u00e0 la vue, des places et placettes d\u00e9barrass\u00e9es de leurs voitures pour \u00eatre rendues \u00e0 la vie sociale&#8230;. A&hellip;&nbsp;<a href=\"https:\/\/www.latourpourtous.fr\/index.php\/2021\/11\/08\/bien-vivre-ensemble-a-la-tour-daigues\/\" rel=\"bookmark\"><span class=\"screen-reader-text\">BIEN VIVRE ENSEMBLE A LA TOUR D&rsquo;AIGUES ?<\/span><\/a><\/p>\n","protected":false},"author":1,"featured_media":0,"comment_status":"closed","ping_status":"open","sticky":false,"template":"","format":"standard","meta":{"neve_meta_sidebar":"","neve_meta_container":"","neve_meta_enable_content_width":"","neve_meta_content_width":0,"neve_meta_title_alignment":"","neve_meta_author_avatar":"","neve_post_elements_order":"","neve_meta_disable_header":"","neve_meta_disable_footer":"","neve_meta_disable_title":"","footnotes":""},"categories":[5,8,3],"tags":[],"class_list":["post-1939","post","type-post","status-publish","format-standard","hentry","category-editos","category-politique","category-vie-municipale"],"_links":{"self":[{"href":"https:\/\/www.latourpourtous.fr\/index.php\/wp-json\/wp\/v2\/posts\/1939","targetHints":{"allow":["GET"]}}],"collection":[{"href":"https:\/\/www.latourpourtous.fr\/index.php\/wp-json\/wp\/v2\/posts"}],"about":[{"href":"https:\/\/www.latourpourtous.fr\/index.php\/wp-json\/wp\/v2\/types\/post"}],"author":[{"embeddable":true,"href":"https:\/\/www.latourpourtous.fr\/index.php\/wp-json\/wp\/v2\/users\/1"}],"replies":[{"embeddable":true,"href":"https:\/\/www.latourpourtous.fr\/index.php\/wp-json\/wp\/v2\/comments?post=1939"}],"version-history":[{"count":3,"href":"https:\/\/www.latourpourtous.fr\/index.php\/wp-json\/wp\/v2\/posts\/1939\/revisions"}],"predecessor-version":[{"id":1941,"href":"https:\/\/www.latourpourtous.fr\/index.php\/wp-json\/wp\/v2\/posts\/1939\/revisions\/1941"}],"wp:attachment":[{"href":"https:\/\/www.latourpourtous.fr\/index.php\/wp-json\/wp\/v2\/media?parent=1939"}],"wp:term":[{"taxonomy":"category","embeddable":true,"href":"https:\/\/www.latourpourtous.fr\/index.php\/wp-json\/wp\/v2\/categories?post=1939"},{"taxonomy":"post_tag","embeddable":true,"href":"https:\/\/www.latourpourtous.fr\/index.php\/wp-json\/wp\/v2\/tags?post=1939"}],"curies":[{"name":"wp","href":"https:\/\/api.w.org\/{rel}","templated":true}]}}