{"id":1923,"date":"2021-06-21T10:03:13","date_gmt":"2021-06-21T08:03:13","guid":{"rendered":"localhost:8888\/?p=1923"},"modified":"2021-06-21T10:40:37","modified_gmt":"2021-06-21T08:40:37","slug":"assemblee-generale-annuelle-2021","status":"publish","type":"post","link":"https:\/\/www.latourpourtous.fr\/index.php\/2021\/06\/21\/assemblee-generale-annuelle-2021\/","title":{"rendered":"Assembl\u00e9e G\u00e9n\u00e9rale Annuelle 2021"},"content":{"rendered":"<p align=\"CENTER\"><span style=\"font-size: x-large;\"><b>COMPTE RENDU DE L&rsquo;AG DU 10 JUIN 2021<\/b><\/span><\/p>\n<p><span style=\"font-size: large;\">Bonjour \u00e0 tous, et merci pour votre pr\u00e9sence.<\/span><\/p>\n<p><span style=\"font-size: large;\">J&rsquo;ai l&rsquo;honneur et le plaisir de d\u00e9clarer ouverte la 8\u00e8me AG de La Tour Pour Tous.<\/span><\/p>\n<p><span style=\"font-size: large;\">Le quorum est largement atteint avec les pouvoirs et beaucoup d&rsquo;associations citoyennes aimeraient avoir notre assistance\u00a0!<\/span><\/p>\n<p><span style=\"font-size: large;\">RAPPORT MORAL<\/span><\/p>\n<p><span style=\"font-size: large;\">Les \u00e9lections municipales ont eu lieu il y a un an l&rsquo;\u00e9quipe sortante a \u00e9t\u00e9 largement reconduite. On peut raisonnablement consid\u00e9r\u00e9 que le rapport de force est toujours le m\u00eame dans notre village avec 2\/3 des \u00e9lecteurs satisfaits de la fa\u00e7on dont il est g\u00e9r\u00e9, et 1\/3 qui continuent \u00e0 souhaiter que ce soit mieux ou au moins diff\u00e9rent et qui ont soutenu les propositions nouvelles de La Tour d&rsquo;Aigues Pour Tous. <\/span><\/p>\n<p><span style=\"font-size: large;\">Nous pouvons en tout cas \u00eatre satisfaits que plusieurs des id\u00e9es et propositions que nous avions port\u00e9es aient d\u00e9j\u00e0 \u00e9t\u00e9 reprises par nos concurrents.<\/span><\/p>\n<p><span style=\"font-size: large;\">Ainsi la voie de contournement de l&rsquo;Ourgouse va \u00eatre achev\u00e9e cet \u00e9t\u00e9 puis mise en service avec une voie pi\u00e9tonne et une voie cyclable semi-ind\u00e9pendantes gr\u00e2ce \u00e0 l&rsquo;action du CIQVDO qui a repris et d\u00e9fendu ce que nous avions pr\u00e9vu, et le rond-point d&rsquo;entr\u00e9e devrait \u00eatre enfin am\u00e9nag\u00e9&#8230; \u00e0 voir\u00a0!<\/span><\/p>\n<p><span style=\"font-size: large;\">Par contre aucun plan de circulation n&rsquo;a \u00e9t\u00e9 pr\u00e9vu ni m\u00eame r\u00e9fl\u00e9chi ou imagin\u00e9 par la majorit\u00e9 pour r\u00e9pondre \u00e0 la nouveaut\u00e9 et \u00e0 l&rsquo;int\u00e9r\u00eat de cette voie de l&rsquo;Ourgouse. O\u00f9 vont aller les v\u00e9hicules, tr\u00e8s nombreux ne serait ce qu&rsquo;en raison de l&rsquo;attrait de la nouveaut\u00e9, qui l&#8217;emprunteront\u00a0: boulevard de Verdun et donc son prolongement dans le goulet d&rsquo;\u00e9tranglement de la biblioth\u00e8que puis le carrefour sous la mairie\u00a0? ou vers le long mur ou rien n&rsquo;est pr\u00e9vu pour accueillir un flot de nouveau v\u00e9hicules\u00a0? Nos \u00e9lus dans le \u00bc de page du Fil de l&rsquo;Eze qui leur est d\u00fb pr\u00e9senteront dans le prochain num\u00e9ro le projet d&rsquo;un nouveau plan de circulation que nous avions anticip\u00e9 et pr\u00e9vu il y a plusieurs ann\u00e9es d\u00e9j\u00e0. Vous trouvez ce plan d\u00e9taill\u00e9 dans nos rubrique Urbanisme et Vie Municipale.<\/span><\/p>\n<p><span style=\"font-size: large;\">Une commission de d\u00e9mocratie participative extra municipale va voir le jour demain. C&rsquo;\u00e9tait un de nos engagements de campagne, largement moqu\u00e9 par nos concurrents\u00a0!Tant mieux, sauf que si 12 membres en seront d\u00e9mocratiquement tir\u00e9s au sort, 15 participants seront choisis par la majorit\u00e9&#8230;et le maire signe apparemment l&rsquo;ordre du jour, en sera-t-il de m\u00eame des conclusions\u00a0?&#8230;dr\u00f4le de d\u00e9mocratie\u00a0! <\/span><\/p>\n<p><span style=\"font-size: large;\">Mais nous allons montrer notre bonne volont\u00e9 en participant par 2 de nos membres, pas au titre de LTPT bien s\u00fbr, mais par l&rsquo;interm\u00e9diaire de l&rsquo;OT dont l&rsquo;un est membre du bureau et du CIQVDO dont l&rsquo;autre est pr\u00e9sident, nous verrons bien&#8230;<\/span><\/p>\n<p><span style=\"font-size: large;\">Le programme des Aires aura 8 logements alors que nous en aurions fait 12, mais c&rsquo;est mieux que rien.<br \/>\nPour le reste, le transfert du stade Gar\u00e7in de l&rsquo;autre c\u00f4t\u00e9 de l&rsquo;Eze est abandonn\u00e9. Nous nous y \u00e9tions largement oppos\u00e9 tant cela \u00e9tait stupide sur le plan du c\u00f4ut et des charges d&rsquo;entretien, et un non sens sur la plan \u00e9cologique et agricole en utilisant pour cela des vignes actuellement cultiv\u00e9es. Nous avons donc \u00e9t\u00e9 plus qu&rsquo;utiles puisque convaincants\u00a0!<\/span><\/p>\n<p><span style=\"font-size: large;\">Depuis le d\u00e9but du mandat nos 3 \u00e9lus repr\u00e9sentent avec s\u00e9rieux et t\u00e9nacit\u00e9 nos \u00e9lecteurs et l&rsquo;opposition.<\/span><\/p>\n<p><span style=\"font-size: large;\">Ils se sont ainsi nettement d\u00e9marqu\u00e9s lors du votre du budget devant l&rsquo;absence renouvel\u00e9e de plan pluri-annuel d&rsquo;investissement et de tout emprunt d&rsquo;investissement productif et d&rsquo;ouverture vers l&rsquo;ext\u00e9rieur et en particulier les bassins d&#8217;emploi et de cr\u00e9ativit\u00e9 voisins, Pays d&rsquo;Aix notamment.<\/span><\/p>\n<p><span style=\"font-size: large;\">Presque cinq ans restent \u00e0 courir, nous allons avoir du temps.<\/span><\/p>\n<p><span style=\"font-size: large;\">Je ne vais pas parler plus longtemps et laisser Romain , Martine et Pierre r\u00e9pondre aux questions que vous avez \u00e0 leur poser.<\/span><\/p>\n<p>Le rapport moral est accept\u00e9 \u00e0 l&rsquo;unanimit\u00e9.<\/p>\n<p>RAPPORT FINANCIER: Vot\u00e9 \u00e0 l&rsquo;unanimit\u00e9.<\/p>\n<p><span style=\"font-size: large;\">ELECTION DU BUREAU<\/span><\/p>\n<p><span style=\"font-size: large;\">Le bureau sortant \u00e9tait compos\u00e9 de Martine Arniaud, Isabelle Chalon, Julie Cloupet, J.P. Dessaud, J.L. Orsal, A Medvedowsky.<\/span><\/p>\n<p><span style=\"font-size: large;\">Seule Isabelle ne se repr\u00e9sente pas car devant partir \u00e0 l&rsquo;\u00e9tranger \u00e0 la fin de l&rsquo;\u00e9t\u00e9 puisqu&rsquo;elle a une promotion professionnelle devant la conduire en Angleterre ce dont nous la f\u00e9licitons tr\u00e8s amicalement.<\/span><\/p>\n<p><span style=\"font-size: large;\">Il y a donc un poste \u00e0 pourvoir et devant l&rsquo;absence de candidature d\u00e9pos\u00e9e Claudette Gastaldi a accept\u00e9 de se repr\u00e9senter pour assurer la poursuite de son activit\u00e9 de tr\u00e9sori\u00e8re, qu&rsquo;elle avait d\u00e9j\u00e0 reprise de fait devant l&rsquo;impossibilit\u00e9 pour Isabelle Chalon de poursuivre avec nous.<\/span><\/p>\n<p>Le bureau est \u00e9lu \u00e0 l&rsquo;unanimit\u00e9.<\/p>\n<p><span style=\"font-size: large;\">Lors de l&rsquo;AG de 2020 un coll\u00e8ge de conseillers du bureau avait \u00e9t\u00e9 intronis\u00e9 qui comprend Francine Ravoire, Claudette Gastaldi, Gilbert Blanc et Guigui Olive.<\/span><\/p>\n<p><span style=\"font-size: large;\">Aucun n&rsquo;ayant d\u00e9missionn\u00e9, ils poursuivront donc leur missions.<\/span><\/p>\n<p><span style=\"font-size: large;\">QUESTIONS AUX ELUS<\/span><\/p>\n<p><span style=\"font-size: large;\">2 de nos 3 \u00e9lus sont l\u00e0, Martine Lafon s&rsquo;\u00e9tant excus\u00e9e pour raison familiale, et sont pr\u00eats \u00e0 r\u00e9pondre \u00e0 toutes vos questions et entendre toutes vos demandes et suggestions.<\/span><\/p>\n<p><span style=\"font-size: large;\">Et pour finir nous avons partag\u00e9, enfin, un ap\u00e9ritif convivial. <\/span><\/p>\n<p><span style=\"font-size: large;\">Merci \u00e0 tous.<\/span><\/p>\n","protected":false},"excerpt":{"rendered":"<p>COMPTE RENDU DE L&rsquo;AG DU 10 JUIN 2021 Bonjour \u00e0 tous, et merci pour votre pr\u00e9sence. J&rsquo;ai l&rsquo;honneur et le plaisir de d\u00e9clarer ouverte la 8\u00e8me AG de La Tour Pour Tous. Le quorum est largement atteint avec les pouvoirs et beaucoup d&rsquo;associations citoyennes aimeraient avoir notre assistance\u00a0! RAPPORT MORAL Les \u00e9lections municipales ont eu&hellip;&nbsp;<a href=\"https:\/\/www.latourpourtous.fr\/index.php\/2021\/06\/21\/assemblee-generale-annuelle-2021\/\" rel=\"bookmark\"><span class=\"screen-reader-text\">Assembl\u00e9e G\u00e9n\u00e9rale Annuelle 2021<\/span><\/a><\/p>\n","protected":false},"author":1,"featured_media":0,"comment_status":"closed","ping_status":"open","sticky":false,"template":"","format":"standard","meta":{"neve_meta_sidebar":"","neve_meta_container":"","neve_meta_enable_content_width":"","neve_meta_content_width":0,"neve_meta_title_alignment":"","neve_meta_author_avatar":"","neve_post_elements_order":"","neve_meta_disable_header":"","neve_meta_disable_footer":"","neve_meta_disable_title":"","footnotes":""},"categories":[5],"tags":[],"class_list":["post-1923","post","type-post","status-publish","format-standard","hentry","category-editos"],"_links":{"self":[{"href":"https:\/\/www.latourpourtous.fr\/index.php\/wp-json\/wp\/v2\/posts\/1923","targetHints":{"allow":["GET"]}}],"collection":[{"href":"https:\/\/www.latourpourtous.fr\/index.php\/wp-json\/wp\/v2\/posts"}],"about":[{"href":"https:\/\/www.latourpourtous.fr\/index.php\/wp-json\/wp\/v2\/types\/post"}],"author":[{"embeddable":true,"href":"https:\/\/www.latourpourtous.fr\/index.php\/wp-json\/wp\/v2\/users\/1"}],"replies":[{"embeddable":true,"href":"https:\/\/www.latourpourtous.fr\/index.php\/wp-json\/wp\/v2\/comments?post=1923"}],"version-history":[{"count":3,"href":"https:\/\/www.latourpourtous.fr\/index.php\/wp-json\/wp\/v2\/posts\/1923\/revisions"}],"predecessor-version":[{"id":1935,"href":"https:\/\/www.latourpourtous.fr\/index.php\/wp-json\/wp\/v2\/posts\/1923\/revisions\/1935"}],"wp:attachment":[{"href":"https:\/\/www.latourpourtous.fr\/index.php\/wp-json\/wp\/v2\/media?parent=1923"}],"wp:term":[{"taxonomy":"category","embeddable":true,"href":"https:\/\/www.latourpourtous.fr\/index.php\/wp-json\/wp\/v2\/categories?post=1923"},{"taxonomy":"post_tag","embeddable":true,"href":"https:\/\/www.latourpourtous.fr\/index.php\/wp-json\/wp\/v2\/tags?post=1923"}],"curies":[{"name":"wp","href":"https:\/\/api.w.org\/{rel}","templated":true}]}}