{"id":1909,"date":"2021-04-14T23:01:36","date_gmt":"2021-04-14T21:01:36","guid":{"rendered":"localhost:8888\/?p=1909"},"modified":"2021-04-14T23:06:31","modified_gmt":"2021-04-14T21:06:31","slug":"edito-avril-2021","status":"publish","type":"post","link":"https:\/\/www.latourpourtous.fr\/index.php\/2021\/04\/14\/edito-avril-2021\/","title":{"rendered":"EDITO AVRIL 2021"},"content":{"rendered":"<div dir=\"auto\" style=\"color: #050505; text-transform: none; text-indent: 0px; letter-spacing: normal; font-family: 'Segoe UI Historic', 'Segoe UI', Helvetica, Arial, sans-serif; font-size: 15px; font-style: normal; font-weight: 400; word-spacing: 0px; white-space: pre-wrap; orphans: 2; widows: 2; transition-property: none !important; animation-name: none !important; background-color: #ffffff; font-variant-ligatures: normal; font-variant-caps: normal; -webkit-text-stroke-width: 0px; text-decoration-thickness: initial; text-decoration-style: initial; text-decoration-color: initial;\"><span style=\"color: #3366ff;\"><strong><em>Ce mois ci \u00e0\u00a0la Mairie<\/em><\/strong>:<\/span><\/div>\n<div dir=\"auto\"><\/div>\n<div dir=\"auto\" style=\"color: #050505; text-transform: none; text-indent: 0px; letter-spacing: normal; font-family: 'Segoe UI Historic', 'Segoe UI', Helvetica, Arial, sans-serif; font-size: 15px; font-style: normal; font-weight: 400; word-spacing: 0px; white-space: pre-wrap; orphans: 2; widows: 2; transition-property: none !important; animation-name: none !important; background-color: #ffffff; font-variant-ligatures: normal; font-variant-caps: normal; -webkit-text-stroke-width: 0px; text-decoration-thickness: initial; text-decoration-style: initial; text-decoration-color: initial;\">Projet de Conseil Consultatif pour une d\u00e9mocratie participative propos\u00e9 par la commission Vivre Ensemble&#8230;.!<\/div>\n<div dir=\"auto\" style=\"color: #050505; text-transform: none; text-indent: 0px; letter-spacing: normal; font-family: 'Segoe UI Historic', 'Segoe UI', Helvetica, Arial, sans-serif; font-size: 15px; font-style: normal; font-weight: 400; word-spacing: 0px; white-space: pre-wrap; orphans: 2; widows: 2; transition-property: none !important; animation-name: none !important; background-color: #ffffff; font-variant-ligatures: normal; font-variant-caps: normal; -webkit-text-stroke-width: 0px; text-decoration-thickness: initial; text-decoration-style: initial; text-decoration-color: initial;\">La bonne blague ! Tartuferie, d\u00e9magogie \u00e9labor\u00e9e ou simple populisme&#8230; c&rsquo;est au choix !<\/div>\n<div dir=\"auto\" style=\"color: #050505; text-transform: none; text-indent: 0px; letter-spacing: normal; font-family: 'Segoe UI Historic', 'Segoe UI', Helvetica, Arial, sans-serif; font-size: 15px; font-style: normal; font-weight: 400; word-spacing: 0px; white-space: pre-wrap; orphans: 2; widows: 2; transition-property: none !important; animation-name: none !important; background-color: #ffffff; font-variant-ligatures: normal; font-variant-caps: normal; -webkit-text-stroke-width: 0px; text-decoration-thickness: initial; text-decoration-style: initial; text-decoration-color: initial;\">Nous aurons donc 12 participants tir\u00e9s au sort (admettons que la moiti\u00e9 d&rsquo;entre eux soient issus de l&rsquo;opposition !) et 12 choisis par la majorit\u00e9, plus 3 \u00e9lus&#8230; R\u00e9sultat 21 membres affili\u00e9s \u00e0 la majorit\u00e9 municipale sur 27 (et m\u00eame si tous les tir\u00e9s au sort \u00e9taient \u00ab\u00a0libres\u00a0\u00bb \u00e7a ferait encore 15 membres \u00ab\u00a0choisis\u00a0\u00bb contre 12 !). Montage bien verrouill\u00e9 !<\/div>\n<div dir=\"auto\" style=\"color: #050505; text-transform: none; text-indent: 0px; letter-spacing: normal; font-family: 'Segoe UI Historic', 'Segoe UI', Helvetica, Arial, sans-serif; font-size: 15px; font-style: normal; font-weight: 400; word-spacing: 0px; white-space: pre-wrap; orphans: 2; widows: 2; transition-property: none !important; animation-name: none !important; background-color: #ffffff; font-variant-ligatures: normal; font-variant-caps: normal; -webkit-text-stroke-width: 0px; text-decoration-thickness: initial; text-decoration-style: initial; text-decoration-color: initial;\">Il ne s&rsquo;agira donc que d&rsquo;un \u00ab\u00a0machin\u00a0\u00bb, simple copie du Conseil Municipal qui est d\u00e9j\u00e0 lui m\u00eame issu d&rsquo;un scrutin d\u00e9mocratique.<\/div>\n<div dir=\"auto\" style=\"color: #050505; text-transform: none; text-indent: 0px; letter-spacing: normal; font-family: 'Segoe UI Historic', 'Segoe UI', Helvetica, Arial, sans-serif; font-size: 15px; font-style: normal; font-weight: 400; word-spacing: 0px; white-space: pre-wrap; orphans: 2; widows: 2; transition-property: none !important; animation-name: none !important; background-color: #ffffff; font-variant-ligatures: normal; font-variant-caps: normal; -webkit-text-stroke-width: 0px; text-decoration-thickness: initial; text-decoration-style: initial; text-decoration-color: initial;\">Ou l&rsquo;art d&#8217;empiler les choses inutiles, bien connu dans notre mille-feuilles politico-administratif !<\/div>\n<div dir=\"auto\">Pour notre part, La Tour Pour Tous avait propos\u00e9 un Conseil Participatif auquel pouvaient s&rsquo;inscrire librement tous les repr\u00e9sentants des associations et notamment des comit\u00e9s d&rsquo;int\u00e9r\u00eats de quartier sans \u00eatre pr\u00e9alablement \u00ab\u00a0choisis\u00a0\u00bb.<\/div>\n<div dir=\"auto\"><\/div>\n<div dir=\"auto\"><\/div>\n<div dir=\"auto\"><span style=\"color: #3366ff;\"><strong>Cette semaine \u00e0 la Mairie:<\/strong><\/span><\/div>\n<div dir=\"auto\"><\/div>\n<div dir=\"auto\">Vote du Budget Primitif pour l&rsquo;ann\u00e9e 2021.<\/div>\n<div dir=\"auto\">Seuls les 3 \u00e9lus du groupe La Tour Pour Tous on vot\u00e9 contre:<\/div>\n<div dir=\"auto\">\u00a0&#8211; devant l&rsquo;absence de tout Plan Pluri-annuel d&rsquo;Investissement;<\/div>\n<div dir=\"auto\">\u00a0&#8211; devant l&rsquo;absence de choix des emprunts propos\u00e9s\u00a0\u00e0 taux z\u00e9ro en vue d&rsquo;investissements productifs (donc doublement int\u00e9ressants pour les\u00a0contribuables);<\/div>\n<div dir=\"auto\">\u00a0&#8211; devant l&rsquo;absence d&rsquo;investissements\u00a0n\u00e9cessaires \u00e0\u00a0la qualit\u00e9 de la vie et de l&rsquo;environnement dans notre village (absence de plan de circulation, abandon de la place du ch\u00e2teau etc&#8230;).<\/div>\n<div dir=\"auto\"><\/div>\n<div dir=\"auto\"><\/div>\n<div dir=\"auto\"><span style=\"color: #3366ff;\">Sur tous les sujets<\/span> les \u00e9lus du groupe La Tour Pour Tous sont \u00e0 votre disposition pour apporter toutes aides ou recevoir toutes suggestions.<\/div>\n","protected":false},"excerpt":{"rendered":"<p>Ce mois ci \u00e0\u00a0la Mairie: Projet de Conseil Consultatif pour une d\u00e9mocratie participative propos\u00e9 par la commission Vivre Ensemble&#8230;.! La bonne blague ! Tartuferie, d\u00e9magogie \u00e9labor\u00e9e ou simple populisme&#8230; c&rsquo;est au choix ! Nous aurons donc 12 participants tir\u00e9s au sort (admettons que la moiti\u00e9 d&rsquo;entre eux soient issus de l&rsquo;opposition !) et 12 choisis&hellip;&nbsp;<a href=\"https:\/\/www.latourpourtous.fr\/index.php\/2021\/04\/14\/edito-avril-2021\/\" rel=\"bookmark\"><span class=\"screen-reader-text\">EDITO AVRIL 2021<\/span><\/a><\/p>\n","protected":false},"author":1,"featured_media":0,"comment_status":"closed","ping_status":"open","sticky":false,"template":"","format":"standard","meta":{"neve_meta_sidebar":"","neve_meta_container":"","neve_meta_enable_content_width":"","neve_meta_content_width":0,"neve_meta_title_alignment":"","neve_meta_author_avatar":"","neve_post_elements_order":"","neve_meta_disable_header":"","neve_meta_disable_footer":"","neve_meta_disable_title":"","footnotes":""},"categories":[1],"tags":[],"class_list":["post-1909","post","type-post","status-publish","format-standard","hentry","category-non-classe"],"_links":{"self":[{"href":"https:\/\/www.latourpourtous.fr\/index.php\/wp-json\/wp\/v2\/posts\/1909","targetHints":{"allow":["GET"]}}],"collection":[{"href":"https:\/\/www.latourpourtous.fr\/index.php\/wp-json\/wp\/v2\/posts"}],"about":[{"href":"https:\/\/www.latourpourtous.fr\/index.php\/wp-json\/wp\/v2\/types\/post"}],"author":[{"embeddable":true,"href":"https:\/\/www.latourpourtous.fr\/index.php\/wp-json\/wp\/v2\/users\/1"}],"replies":[{"embeddable":true,"href":"https:\/\/www.latourpourtous.fr\/index.php\/wp-json\/wp\/v2\/comments?post=1909"}],"version-history":[{"count":11,"href":"https:\/\/www.latourpourtous.fr\/index.php\/wp-json\/wp\/v2\/posts\/1909\/revisions"}],"predecessor-version":[{"id":1921,"href":"https:\/\/www.latourpourtous.fr\/index.php\/wp-json\/wp\/v2\/posts\/1909\/revisions\/1921"}],"wp:attachment":[{"href":"https:\/\/www.latourpourtous.fr\/index.php\/wp-json\/wp\/v2\/media?parent=1909"}],"wp:term":[{"taxonomy":"category","embeddable":true,"href":"https:\/\/www.latourpourtous.fr\/index.php\/wp-json\/wp\/v2\/categories?post=1909"},{"taxonomy":"post_tag","embeddable":true,"href":"https:\/\/www.latourpourtous.fr\/index.php\/wp-json\/wp\/v2\/tags?post=1909"}],"curies":[{"name":"wp","href":"https:\/\/api.w.org\/{rel}","templated":true}]}}