{"id":1875,"date":"2021-01-02T11:28:35","date_gmt":"2021-01-02T10:28:35","guid":{"rendered":"localhost:8888\/?p=1875"},"modified":"2021-02-02T14:44:07","modified_gmt":"2021-02-02T13:44:07","slug":"bonne-annee","status":"publish","type":"post","link":"https:\/\/www.latourpourtous.fr\/index.php\/2021\/01\/02\/bonne-annee\/","title":{"rendered":"BONNE ANNEE"},"content":{"rendered":"<p align=\"LEFT\">BONNE ANNEE 2021 !<\/p>\n<p align=\"LEFT\">Chers Amis,<\/p>\n<p align=\"LEFT\">Certains viennent d&rsquo;\u00e9crire que l&rsquo;ann\u00e9e 2020 aura \u00e9t\u00e9 la pire de l&rsquo;histoire de l&rsquo;humanit\u00e9 ! Diable !<\/p>\n<p align=\"LEFT\">Il est vrai que les tonnes de mauvaises informations, parfois fausses, qui nous ont \u00e9t\u00e9 d\u00e9vers\u00e9es par<\/p>\n<p align=\"LEFT\">les m\u00e9dias jours apr\u00e8s jours, soir apr\u00e8s soir, ont eu de quoi d\u00e9sesp\u00e9rer les plus endurcis&#8230;<\/p>\n<p align=\"LEFT\">Ont ils oubli\u00e9, ces farfelus, leurs manuels d&rsquo;histoire : les dizaines de millions de morts des pestes du<\/p>\n<p align=\"LEFT\">moyen-\u00e2ge (25 \u00e0 100 millions, on ne sait plus!), des deux guerres mondiales (40 millions), de la<\/p>\n<p align=\"LEFT\">grippe espagnole (25 \u00e0 50 millions), des purges staliniennes et de la r\u00e9volution chinoise (40<\/p>\n<p align=\"LEFT\">millions), et tout pr\u00e8s de nous des grippes asiatiques de 1958 et 1970 (pr\u00e8s de 4 millions de morts \u00e0<\/p>\n<p align=\"LEFT\">elles deux) ?<\/p>\n<p align=\"LEFT\">A les \u00e9couter ou les lire nous serions dans une situation sans pr\u00e9c\u00e9dent ?<\/p>\n<p align=\"LEFT\">Savent ils aussi qu&rsquo;en 2020 l&rsquo;esp\u00e9rance de vie n&rsquo;a jamais \u00e9t\u00e9 aussi \u00e9lev\u00e9 chez nous et dans le monde,<\/p>\n<p align=\"LEFT\">que la part de la population sous-aliment\u00e9e a \u00e9t\u00e9 r\u00e9duite comme jamais, de m\u00eame que celle de<\/p>\n<p align=\"LEFT\">l&rsquo;illettrisme, etc&#8230;<\/p>\n<p align=\"LEFT\">Alors oui il y a eu cette ann\u00e9e l&rsquo;irruption, soudaine et inattendue, de cette pand\u00e9mie li\u00e9e au Corona<\/p>\n<p align=\"LEFT\">virus. Elle nous a g\u00e2ch\u00e9 la vie au printemps et \u00e0 nouveau cet hiver, un peu de m\u00e9moire et un peu de<\/p>\n<p align=\"LEFT\">pudeur ne feraient pas de mal&#8230;<\/p>\n<p align=\"LEFT\">Cela ne veut pas dire que toute notre compassion ne doit pas aller \u00e0 ceux qui ont \u00e9t\u00e9 touch\u00e9s par la<\/p>\n<p align=\"LEFT\">maladie, ou plus encore par la perte d&rsquo;un \u00eatre cher. A ceux l\u00e0 nous devons toujours penser et<\/p>\n<p align=\"LEFT\">apporter aide et soutien. A ceux qui ont \u00e9t\u00e9 emp\u00each\u00e9 de travailler, de gagner leur vie, de faire vivre<\/p>\n<p align=\"LEFT\">leur entreprise, la solidarit\u00e9 nationale apporte son soutien, c&rsquo;est normal et c&rsquo;est la moindre des<\/p>\n<p align=\"LEFT\">choses ; soyons aussi conscients que notre pays est probablement un de ceux qui a fait le plus en ce<\/p>\n<p align=\"LEFT\">domaine.<\/p>\n<p align=\"LEFT\">Souhaitons toutefois que les invraisemblables lourdeurs de notre syst\u00e8me administratif, qui s&rsquo;est<\/p>\n<p align=\"LEFT\">av\u00e9r\u00e9 une fois encore une entrave majeure \u00e0 l&rsquo;adaptation \u00e0 une situation impr\u00e9vue, soient enfin<\/p>\n<p align=\"LEFT\">profond\u00e9ment et durablement r\u00e9form\u00e9es \u00e0 cette issue. Notre formidable stock de comp\u00e9tences<\/p>\n<p align=\"LEFT\">cesserait d&rsquo;en \u00eatre p\u00e9nalis\u00e9 afin d&rsquo;exprimer son immense potentiel.<\/p>\n<p align=\"LEFT\">Cette malheureuse exp\u00e9rience nous a cependant montr\u00e9 qu&rsquo;il existe un int\u00e9r\u00eat commun sup\u00e9rieur<\/p>\n<p align=\"LEFT\">aux int\u00e9r\u00eats nationaux ou cat\u00e9goriels, et a parall\u00e8lement suscit\u00e9 un r\u00e9flexe d&rsquo;union et de solidarit\u00e9.<\/p>\n<p align=\"LEFT\">La d\u00e9mocratie, la coop\u00e9ration internationale et les droits de l&rsquo;homme devraient en sortir renforc\u00e9s.<\/p>\n<p align=\"LEFT\">Les populistes, de droite comme de gauche, une fois de plus sur la m\u00eame longueur d&rsquo;onde, avec<\/p>\n<p align=\"LEFT\">leurs id\u00e9es de replis sur soi, de fermeture des fronti\u00e8res, du contr\u00f4le de tout par l&rsquo;\u00e9tat, ont eu tout<\/p>\n<p align=\"LEFT\">faux, et les quelques pays ayant eu ces r\u00e9flexes ont \u00e9t\u00e9 les plus atteints. Au contraire, les \u00e9changes et<\/p>\n<p align=\"LEFT\">la coop\u00e9ration internationales ont permis de r\u00e9agir plus vite et plus fort que pour toutes les<\/p>\n<p align=\"LEFT\">pand\u00e9mies pr\u00e9c\u00e9dentes, et d&rsquo;acc\u00e9l\u00e9rer la r\u00e9ponse scientifique comme jamais auparavant. Les<\/p>\n<p align=\"LEFT\">institutions communautaires Europ\u00e9ennes ont de m\u00eame assur\u00e9 une aide essentielle, si ce n&rsquo;est m\u00eame<\/p>\n<p align=\"LEFT\">le sauvetage des \u00e9conomies nationales.<\/p>\n<p align=\"LEFT\">La vaccination est aujourd&rsquo;hui \u00e0 notre port\u00e9e, gr\u00e2ce aux \u00e9changes des scientifiques et des progr\u00e8s<\/p>\n<p align=\"LEFT\">technologiques, pass\u00e9s eux aussi par del\u00e0 les fronti\u00e8res, qui ont permis d&rsquo;en acc\u00e9l\u00e9rer la mise au<\/p>\n<p align=\"LEFT\">point et la production. N&rsquo;en d\u00e9plaise aux obscurantistes et complotistes de tout bord, elle va assurer,<\/p>\n<p align=\"LEFT\">comme elle l&rsquo;a fait pour la plupart des irruptions virales pr\u00e9c\u00e9dentes, une protection immunitaire<\/p>\n<p align=\"LEFT\">efficace qui sera ensuite, comme c&rsquo;est le cas pour la grippe, adapt\u00e9e aux \u00e9volutions des temps \u00e0<\/p>\n<p align=\"LEFT\">venir.<\/p>\n<p align=\"LEFT\">Pour cette nouvelle ann\u00e9e, ici \u00e0 La Tour d&rsquo;Aigues comme ailleurs, souhaitons nous donc de garder<\/p>\n<p align=\"LEFT\">confiance dans les formidables atouts que notre \u00e9poque nous octroie et de garder foi dans l&rsquo;avenir.<\/p>\n<p>Bonne ann\u00e9e 2021 \u00e0 toutes et \u00e0 tous !<\/p>\n<p>&nbsp;<\/p>\n","protected":false},"excerpt":{"rendered":"<p>BONNE ANNEE 2021 ! Chers Amis, Certains viennent d&rsquo;\u00e9crire que l&rsquo;ann\u00e9e 2020 aura \u00e9t\u00e9 la pire de l&rsquo;histoire de l&rsquo;humanit\u00e9 ! Diable ! Il est vrai que les tonnes de mauvaises informations, parfois fausses, qui nous ont \u00e9t\u00e9 d\u00e9vers\u00e9es par les m\u00e9dias jours apr\u00e8s jours, soir apr\u00e8s soir, ont eu de quoi d\u00e9sesp\u00e9rer les plus&hellip;&nbsp;<a href=\"https:\/\/www.latourpourtous.fr\/index.php\/2021\/01\/02\/bonne-annee\/\" rel=\"bookmark\"><span class=\"screen-reader-text\">BONNE ANNEE<\/span><\/a><\/p>\n","protected":false},"author":1,"featured_media":0,"comment_status":"closed","ping_status":"open","sticky":false,"template":"","format":"standard","meta":{"neve_meta_sidebar":"","neve_meta_container":"","neve_meta_enable_content_width":"","neve_meta_content_width":0,"neve_meta_title_alignment":"","neve_meta_author_avatar":"","neve_post_elements_order":"","neve_meta_disable_header":"","neve_meta_disable_footer":"","neve_meta_disable_title":"","footnotes":""},"categories":[5],"tags":[],"class_list":["post-1875","post","type-post","status-publish","format-standard","hentry","category-editos"],"_links":{"self":[{"href":"https:\/\/www.latourpourtous.fr\/index.php\/wp-json\/wp\/v2\/posts\/1875","targetHints":{"allow":["GET"]}}],"collection":[{"href":"https:\/\/www.latourpourtous.fr\/index.php\/wp-json\/wp\/v2\/posts"}],"about":[{"href":"https:\/\/www.latourpourtous.fr\/index.php\/wp-json\/wp\/v2\/types\/post"}],"author":[{"embeddable":true,"href":"https:\/\/www.latourpourtous.fr\/index.php\/wp-json\/wp\/v2\/users\/1"}],"replies":[{"embeddable":true,"href":"https:\/\/www.latourpourtous.fr\/index.php\/wp-json\/wp\/v2\/comments?post=1875"}],"version-history":[{"count":1,"href":"https:\/\/www.latourpourtous.fr\/index.php\/wp-json\/wp\/v2\/posts\/1875\/revisions"}],"predecessor-version":[{"id":1876,"href":"https:\/\/www.latourpourtous.fr\/index.php\/wp-json\/wp\/v2\/posts\/1875\/revisions\/1876"}],"wp:attachment":[{"href":"https:\/\/www.latourpourtous.fr\/index.php\/wp-json\/wp\/v2\/media?parent=1875"}],"wp:term":[{"taxonomy":"category","embeddable":true,"href":"https:\/\/www.latourpourtous.fr\/index.php\/wp-json\/wp\/v2\/categories?post=1875"},{"taxonomy":"post_tag","embeddable":true,"href":"https:\/\/www.latourpourtous.fr\/index.php\/wp-json\/wp\/v2\/tags?post=1875"}],"curies":[{"name":"wp","href":"https:\/\/api.w.org\/{rel}","templated":true}]}}