{"id":1837,"date":"2020-07-16T20:09:44","date_gmt":"2020-07-16T18:09:44","guid":{"rendered":"localhost:8888\/?p=1837"},"modified":"2021-02-02T14:44:55","modified_gmt":"2021-02-02T13:44:55","slug":"compte-rendu-de-lassemblee-generale-annuelle-2020-de-la-tour-pour-tous","status":"publish","type":"post","link":"https:\/\/www.latourpourtous.fr\/index.php\/2020\/07\/16\/compte-rendu-de-lassemblee-generale-annuelle-2020-de-la-tour-pour-tous\/","title":{"rendered":"COMPTE RENDU DE L&rsquo;ASSEMBLEE GENERALE ANNUELLE 2020 DE LA TOUR POUR TOUS"},"content":{"rendered":"<p><span style=\"font-size: large;\">La 7\u00e8me Assembl\u00e9e G\u00e9n\u00e9rale de La Tour Pour Tous a eu lieu le Vendredi 18 Juin dans la cour du Domaine de La Castelette chez notre ami Fran\u00e7ois LACHAL.<\/span><\/p>\n<p><span style=\"font-size: large;\">Une trentaine d&rsquo;adh\u00e9rents \u00e9taient pr\u00e9sents pour cette douce soir\u00e9e estivale.<\/span><\/p>\n<p><span style=\"font-size: large;\">I\/ Le rapport de Madame la Tr\u00e9sori\u00e8re Claudette GASTALDI a d&rsquo;abord \u00e9t\u00e9 pr\u00e9sent\u00e9 avec un r\u00e9sultat d&rsquo;exercice positif laissant un fond de roulement appr\u00e9ciable de quelques centaines d&rsquo;euros. <\/span><\/p>\n<p><span style=\"font-size: large;\">Adopt\u00e9 \u00e0 l&rsquo;unanimit\u00e9.<\/span><\/p>\n<p><span style=\"font-size: large;\">II\/ Le rapport Moral du Pr\u00e9sident Antoine MEDVEDOWSKY a ensuite \u00e9t\u00e9 d\u00e9roul\u00e9\u00a0:<\/span><\/p>\n<p><span style=\"font-size: large;\">Avant de commencer je voudrais que nous remercions tous ensemble nos 4 \u00e9lus sortants Romain, Laurence, Guigui et Anne Marie pour le parcours et le travail accompli pendant les 6 ann\u00e9es qui viennent de passer. Ils auront \u00e9t\u00e9 les premiers \u00e9lus d&rsquo;opposition depuis 40 ans dans ce village et \u00e7a restera dans les annales. Ils sortent la t\u00eate haute et peuvent \u00eatre fiers car ils n&rsquo;ont pli\u00e9s devant rien et l&rsquo;honneur est de leur c\u00f4t\u00e9.<\/span><\/p>\n<p><span style=\"font-size: large;\">Rappelez vous il y a un an, nous nous disions \u00e0 un an des \u00e9lections municipales que faire du 1\/3 des voix que nous avions eu la fois d&rsquo;avant\u00a0? <\/span><\/p>\n<p><span style=\"font-size: large;\">Nous avions act\u00e9 l&rsquo;impossibilit\u00e9 de gagner seuls et la n\u00e9cessit\u00e9 d&rsquo;accepter de faire le chemin avec d&rsquo;autres, avec lesquels nous ne sommes pas forc\u00e9ment d&rsquo;accord sur tout en politique, mais qui veulent comme nous que \u00e7a change et que le clan au pouvoir depuis 40 ans arr\u00eate de croire qu&rsquo;il est ici chez lui\u00a0.<\/span><\/p>\n<p><span style=\"font-size: large;\">A 9 mois des \u00e9lections comme nous l&rsquo;avions d\u00e9cid\u00e9 ensemble nous avons donc propos\u00e9 \u00e0 d&rsquo;autres, tous ceux qui semblaient motiv\u00e9s par le seul int\u00e9r\u00eat du village, et de notre communaut\u00e9 de communes, surtout ceux qui critiquaient haut et fort les sortants, de faire une liste commune avec nous afin d&rsquo;augmenter les chances de gagner. <\/span><\/p>\n<p><span style=\"font-size: large;\">La suite a malheureusement \u00e9t\u00e9 assez d\u00e9sastreuse puisque tous ceux sur lesquels nous esp\u00e9rions pouvoir compter ont courb\u00e9 l&rsquo;\u00e9chine devant le clan au pouvoir et, avant m\u00eame que nous ayons pu travailler ensemble, se sont laiss\u00e9s acheter les uns pour une seule place d&rsquo;adjoint, sans rien d&rsquo;autre malgr\u00e9 des tas de promesses, tant pis pour eux!; un autre, qui voulait renverser la table, pour une simple place de conseiller municipal\u00a0; une autre parce que un terrain constructible lui avait \u00e9t\u00e9 opportun\u00e9ment accord\u00e9.<\/span><\/p>\n<p><span style=\"font-size: large;\">La constitution de notre liste s&rsquo;est donc obligatoirement limit\u00e9e aux membres de notre association, et la conduite de la campagne aussi. Le r\u00e9sultat a naturellement \u00e9t\u00e9 le reflet de cet \u00e9tat de fait.<\/span><\/p>\n<p><span style=\"font-size: large;\">Les \u00e9lections municipales ont eu lieu et leur d\u00e9roulement a \u00e9t\u00e9, c\u2019est le moins qu\u2019on puisse dire, un peu particulier, troubl\u00e9 par le d\u00e9but de la pand\u00e9mie du Covid 19. L\u2019ambiance d\u2019ins\u00e9curit\u00e9 qui pr\u00e9valait soudain a g\u00e9n\u00e9r\u00e9 la plus forte abstention qu\u2019on ait connue depuis longtemps et a, sans aucun doute, naturellement profit\u00e9, ici comme ailleurs, aux \u00e9lus sortants, la crainte \u00e9tant peu propice au changement par rapport a une situation acquise. <\/span><\/p>\n<p><span style=\"font-size: large;\">Dans notre village, sans surprise, l\u2019\u00e9quipe sortante a donc \u00e9t\u00e9 largement reconduite et on peut raisonnablement consid\u00e9rer que le rapport de forces est rest\u00e9 le m\u00eame avec deux tiers des \u00e9lecteurs satisfaits de la fa\u00e7on dont notre village est g\u00e9r\u00e9 et un tiers qui continuent \u00e0 souhaiter que ce soit mieux ou diff\u00e9rent. Remercions chaleureusement ce tiers de Tourains qui ont soutenu les propositions nouvelles de La Tour d\u2019Aigues Pour Tous. F\u00e9licitons ensuite les gagnants, le r\u00f4le du Maire r\u00e9\u00e9lu \u00e9tant maintenant \u00e0 nouveau d\u2019\u00eatre celui de tous les Tourains. <\/span><\/p>\n<p><span style=\"font-size: large;\">Nous pouvons \u00eatre en tout cas satisfaits que plusieurs des id\u00e9es et propositions que nous avons port\u00e9es pendant cette courte campagne aient \u00e9t\u00e9 reprises vers la fin de la campagne par nos concurrents quand m\u00eame un peu inquiets! Ainsi a-t-on pu lire que: le rond point d\u2019entr\u00e9e dans le village va \u00eatre mieux am\u00e9nag\u00e9 ; la voie de contournement le long de l\u2019Ourgouze sera commenc\u00e9e avant la fin de l\u2019ann\u00e9e et termin\u00e9e en 2021 avec une voie cyclable et une voie pi\u00e9tonne ind\u00e9pendantes ; le transfert du stade Gar\u00e7in ne se fera pas de l&rsquo;autre c\u00f4t\u00e9 de l\u2019Eze afin de r\u00e9duire les co\u00fbts et l\u2019emprise \u00e9cologique ; il n\u2019y aura pas de construction sur l\u2019emplacement du stade actuel mais un net agrandissement du parking et un grand parc de verdure am\u00e9nag\u00e9 pour adultes et enfants ; enfin la place du Ch\u00e2teau sera requalifi\u00e9e. <\/span><\/p>\n<p><span style=\"font-size: large;\">Nous pouvons \u00eatre fiers d\u2019avoir ainsi converti les sortants et de les avoir amen\u00e9s \u00e0 prendre ces bons engagements. Nous les leur rappelleront soyez en s\u00fbr\u00a0!<\/span><\/p>\n<p><span style=\"font-size: large;\">Pendant ce nouveau mandat les trois \u00e9lus du groupe La Tour d\u2019Aigues Pour Tous, et notre association, seront vigilants sur la r\u00e9alisation des promesses faites et resteront \u00e0 votre service pour vous informer, recueillir vos souhaits et dol\u00e9ances, et pour d\u00e9fendre vos int\u00e9r\u00eats.<\/span><\/p>\n<p><span style=\"font-size: large;\">Maintenant je voudrais remercier chaleureusement les 26 d&rsquo;entre vous qui ont accept\u00e9 d&rsquo;\u00eatre sur cette liste et Romain notamment d&rsquo;en avoir \u00e9t\u00e9 le premier.<\/span><\/p>\n<p><span style=\"font-size: large;\">Vous n&rsquo;avez rien \u00e0 regretter, nous avons \u00e9t\u00e9 honorables, dignes et honn\u00eates, et je peux vous assurer que c&rsquo;est comme cela que nous sommes per\u00e7us, m\u00eame par beaucoup de ceux de l&rsquo;autre camp. C&rsquo;est une exp\u00e9rience que vous vous \u00eates donn\u00e9 et elle n&rsquo;est pas perdue, ni pour ceux qui ne la renouvelleront pas, ni encore moins pour ceux qui y retourneront et en engrangeront un jour les r\u00e9sultats. Notre ami Robert TCHOBDRENOVITCH a \u00e9t\u00e9 \u00e9lu maire de Mirabeau \u00e0 sa 4\u00e8me tentative&#8230;<\/span><\/p>\n<p><span style=\"font-size: large;\">En attendant nous avons 3 \u00e9lus qui constituent une opposition au conseil municipal et c&rsquo;est la seule. Il faut donc f\u00e9liciter Romain, Martine et Pierre que je vous demande d&rsquo;applaudir et il faudra les aider s&rsquo;ils en ont besoin.<\/span><\/p>\n<p><span style=\"font-size: large;\">Alors maintenant que devient l&rsquo;association\u00a0? Eh bien si vous \u00eates d&rsquo;accord ON CONTINUE\u00a0! Il faudra aider nos 3 \u00e9lus pendant 6 ans, faire vivre nos moyens d&rsquo;information, site internet et compte facebook, les moderniser et les dynamiser, et rajeunir les cadres.<\/span><\/p>\n<p><span style=\"font-size: large;\">Le Rapport Moral\u00a0est adopt\u00e9 \u00e0 l&rsquo;unanimit\u00e9.<\/span><\/p>\n<p><span style=\"font-size: large;\">III\/ Election du Bureau<\/span><\/p>\n<p><span style=\"font-size: large;\">Outre les \u00e9lus qui en sont membres statutaires, le bureau sortant \u00e9tait compos\u00e9 de\u00a0:<\/span><\/p>\n<p><span style=\"font-size: large;\">Francine Ravoire<\/span><\/p>\n<p><span style=\"font-size: large;\">Claudette Gastaldi<\/span><\/p>\n<p><span style=\"font-size: large;\">Andr\u00e9 Haguet<\/span><\/p>\n<p><span style=\"font-size: large;\">Jean Luc ORSAL<\/span><\/p>\n<p><span style=\"font-size: large;\">Anne Marie REYNAUD, issue des \u00e9lus,<\/span><\/p>\n<p><span style=\"font-size: large;\">et Antoine MEDVEDOWSKY<\/span><\/p>\n<p><span style=\"font-size: large;\">Jean Luc ORSAL \u00e9tant candidat pour poursuivre sa tache au secr\u00e9tariat, il y avait donc 5 postes \u00e0 pouvoir et les plus jeunes du d\u00e9but de la liste\u00a0: Isabelle CHALON, Jean Paul DESSAUD, Julie CLOUPET, ont accept\u00e9s d&rsquo;\u00eatre candidats, Martine ARNIAUD a \u00e9galement donn\u00e9 son accord. <\/span><\/p>\n<p><span style=\"font-size: large;\">1\/ Etes vous d&rsquo;accord pour les candidatures pr\u00e9sent\u00e9es pour le nouveau bureau\u00a0: Isabelle CHALON, Julie CLOUPET, Martine ARNIAUD, Jean Paul DESSAUD, Jean Luc ORSAL, et Antoine MEDVEDOWSKY<\/span><\/p>\n<p><span style=\"font-size: large;\">Le nouveau bureau est \u00e9lu \u00e0 l&rsquo;unanimit\u00e9.<\/span><\/p>\n<p><span style=\"font-size: large;\">2\/ Etes vous d&rsquo;accord pour que le bureau \u00e9lu prenne une motion de r\u00e8glement int\u00e9rieur autorisant les sortants du bureau Francine RAVOIRE, Claudette GASTALDI, Guigui OLIVE, et Gilbert BLANC \u00e0 y poursuivre leur action au titre de conseillers\u00a0?<\/span><\/p>\n<p><span style=\"font-size: large;\">Motion adopt\u00e9 \u00e0 l&rsquo;unanimit\u00e9.<\/span><\/p>\n<p><span style=\"font-size: large;\">IV\/ Questions aux \u00e9lus<\/span><\/p>\n<p><span style=\"font-size: large;\">La parole a ensuite \u00e9t\u00e9 donn\u00e9e \u00e0 nos 3 \u00e9lus pour dire dans quel \u00e9tat d&rsquo;esprit dans ils comptaient nous repr\u00e9senter et repr\u00e9senter l&rsquo;association, et donc l&rsquo;opposition au conseil municipal, et dans quelles commissions ils allaient si\u00e9ger ce qui est tr\u00e8s important.<\/span><\/p>\n<p><span style=\"font-size: large;\">Nous avons enfin cl\u00f4tur\u00e9 cette AG 2020 autour d&rsquo;un ap\u00e9ritif convivial en rappelant \u00e0 tous de ne pas oublier de convaincre le plus possible de nouveaux adh\u00e9rants. <\/span><\/p>\n","protected":false},"excerpt":{"rendered":"<p>La 7\u00e8me Assembl\u00e9e G\u00e9n\u00e9rale de La Tour Pour Tous a eu lieu le Vendredi 18 Juin dans la cour du Domaine de La Castelette chez notre ami Fran\u00e7ois LACHAL. Une trentaine d&rsquo;adh\u00e9rents \u00e9taient pr\u00e9sents pour cette douce soir\u00e9e estivale. I\/ Le rapport de Madame la Tr\u00e9sori\u00e8re Claudette GASTALDI a d&rsquo;abord \u00e9t\u00e9 pr\u00e9sent\u00e9 avec un r\u00e9sultat&hellip;&nbsp;<a href=\"https:\/\/www.latourpourtous.fr\/index.php\/2020\/07\/16\/compte-rendu-de-lassemblee-generale-annuelle-2020-de-la-tour-pour-tous\/\" rel=\"bookmark\"><span class=\"screen-reader-text\">COMPTE RENDU DE L&rsquo;ASSEMBLEE GENERALE ANNUELLE 2020 DE LA TOUR POUR TOUS<\/span><\/a><\/p>\n","protected":false},"author":1,"featured_media":0,"comment_status":"closed","ping_status":"open","sticky":false,"template":"","format":"standard","meta":{"neve_meta_sidebar":"","neve_meta_container":"","neve_meta_enable_content_width":"","neve_meta_content_width":0,"neve_meta_title_alignment":"","neve_meta_author_avatar":"","neve_post_elements_order":"","neve_meta_disable_header":"","neve_meta_disable_footer":"","neve_meta_disable_title":"","footnotes":""},"categories":[5,9,3],"tags":[],"class_list":["post-1837","post","type-post","status-publish","format-standard","hentry","category-editos","category-vie-de-lassociation","category-vie-municipale"],"_links":{"self":[{"href":"https:\/\/www.latourpourtous.fr\/index.php\/wp-json\/wp\/v2\/posts\/1837","targetHints":{"allow":["GET"]}}],"collection":[{"href":"https:\/\/www.latourpourtous.fr\/index.php\/wp-json\/wp\/v2\/posts"}],"about":[{"href":"https:\/\/www.latourpourtous.fr\/index.php\/wp-json\/wp\/v2\/types\/post"}],"author":[{"embeddable":true,"href":"https:\/\/www.latourpourtous.fr\/index.php\/wp-json\/wp\/v2\/users\/1"}],"replies":[{"embeddable":true,"href":"https:\/\/www.latourpourtous.fr\/index.php\/wp-json\/wp\/v2\/comments?post=1837"}],"version-history":[{"count":4,"href":"https:\/\/www.latourpourtous.fr\/index.php\/wp-json\/wp\/v2\/posts\/1837\/revisions"}],"predecessor-version":[{"id":1852,"href":"https:\/\/www.latourpourtous.fr\/index.php\/wp-json\/wp\/v2\/posts\/1837\/revisions\/1852"}],"wp:attachment":[{"href":"https:\/\/www.latourpourtous.fr\/index.php\/wp-json\/wp\/v2\/media?parent=1837"}],"wp:term":[{"taxonomy":"category","embeddable":true,"href":"https:\/\/www.latourpourtous.fr\/index.php\/wp-json\/wp\/v2\/categories?post=1837"},{"taxonomy":"post_tag","embeddable":true,"href":"https:\/\/www.latourpourtous.fr\/index.php\/wp-json\/wp\/v2\/tags?post=1837"}],"curies":[{"name":"wp","href":"https:\/\/api.w.org\/{rel}","templated":true}]}}