{"id":1772,"date":"2020-03-02T17:15:22","date_gmt":"2020-03-02T16:15:22","guid":{"rendered":""},"modified":"2025-12-26T17:46:29","modified_gmt":"2025-12-26T16:46:29","slug":"un-ensemble-de-citoyens-et-une-nouvelle-ambition-pour-la-tour-daigues","status":"publish","type":"post","link":"https:\/\/www.latourpourtous.fr\/index.php\/2020\/03\/02\/un-ensemble-de-citoyens-et-une-nouvelle-ambition-pour-la-tour-daigues\/","title":{"rendered":"UN ENSEMBLE DE CITOYENS ET UNE NOUVELLE AMBITION POUR LA TOUR D\u2019AIGUES"},"content":{"rendered":"<h2 style=\"text-align: center;\"><span class=\"Apple-converted-space\">Election municipale , le 15 mars<\/span><\/h2>\n<p><a href=\"localhost:8888\/?attachment_id=1790\" rel=\"attachment wp-att-1789\"><img loading=\"lazy\" decoding=\"async\" class=\"alignleft wp-image-1790 size-large\" src=\"localhost:8888\/wp-content\/uploads\/2020\/03\/ListeLTPT-1024x222.jpg\" alt=\"\" width=\"1024\" height=\"222\" srcset=\"https:\/\/www.latourpourtous.fr\/wp-content\/uploads\/2020\/03\/ListeLTPT-1024x222.jpg 1024w, https:\/\/www.latourpourtous.fr\/wp-content\/uploads\/2020\/03\/ListeLTPT-300x65.jpg 300w, https:\/\/www.latourpourtous.fr\/wp-content\/uploads\/2020\/03\/ListeLTPT-768x166.jpg 768w, https:\/\/www.latourpourtous.fr\/wp-content\/uploads\/2020\/03\/ListeLTPT.jpg 1847w\" sizes=\"auto, (max-width: 1024px) 100vw, 1024px\" \/><\/a><\/p>\n<h5><span class=\"Apple-converted-space\">\u00a0<\/span>&#8211; Pour remplacer l\u2019\u00e9quipe qui g\u00e8re sans partage la commune de La Tour d\u2019Aigues depuis plus de 40 ans.<span class=\"Apple-converted-space\">\u00a0<\/span><\/h5>\n<h5>&#8211; Parce que nous sommes choqu\u00e9s par l\u2019alliance locale de circonstance entre PS et LREM.<span class=\"Apple-converted-space\">\u00a0<\/span><\/h5>\n<h5>&#8211; Pour garantir un d\u00e9bat participatif ouvert avec les citoyens et pour plus de d\u00e9mocratie au Conseil Municipal.<span class=\"Apple-converted-space\">\u00a0<\/span><\/h5>\n<p>&nbsp;<\/p>\n<h2><span style=\"color: #000080;\"><strong><span class=\"Apple-converted-space\">\u00a0<\/span><span style=\"color: #000080;\">NOS ENGAGEMENTS<span class=\"Apple-converted-space\">\u00a0<\/span><\/span><\/strong><\/span><\/h2>\n<p><span class=\"Apple-converted-space\">\u00a0<\/span>1\/ Instauration, pour plus de transparence, <span style=\"color: #000080;\"><b>de commissions municipales d\u2019Urbanisme et de March\u00e9s Publics<\/b><\/span>.<span class=\"Apple-converted-space\">\u00a0<a href=\"localhost:8888\/wp-content\/uploads\/2020\/03\/affiche-2br.pdf\" target=\"_blank\" rel=\"attachment noopener wp-att-1788\"><img loading=\"lazy\" decoding=\"async\" class=\"alignright wp-image-1788\" title=\"Affiche de la liste La Tour d'Aigues pour Tous\" src=\"localhost:8888\/wp-content\/uploads\/2020\/03\/affiche-2br-212x300.jpg\" alt=\"\" width=\"150\" height=\"209\" \/><\/a><\/span><\/p>\n<p>2\/ Cr\u00e9ation d\u2019une <span style=\"color: #000080;\"><b>commission de gouvernance municipale participative permanente <\/b><\/span>avec les associations de quartier, de commer\u00e7ants et de parents d\u2019\u00e9l\u00e8ves.<span class=\"Apple-converted-space\">\u00a0<\/span><\/p>\n<p>3\/ Mise en place, avec les associations locales, d\u2019un <span style=\"color: #000080;\"><b>service d\u2019assistance \u00e0 domicile aux personnes <\/b><\/span>isol\u00e9es ou en difficult\u00e9, pour toutes les d\u00e9marches et l\u2019aide au d\u00e9placement.<span class=\"Apple-converted-space\">\u00a0<\/span><\/p>\n<p>4\/ <span style=\"color: #000080;\"><b>Aucune augmentation des imp\u00f4ts communaux <\/b><\/span>pendant la dur\u00e9e de la mandature.<span class=\"Apple-converted-space\">\u00a0<\/span><\/p>\n<h2><span class=\"Apple-converted-space\">\u00a0<\/span><\/h2>\n<h2><span style=\"color: #000080;\">NOS PROPOSITIONS<\/span><\/h2>\n<p><span class=\"Apple-converted-space\"><a href=\"localhost:8888\/wp-content\/uploads\/2020\/03\/trombinoscope2020.pdf\" target=\"_blank\" rel=\"attachment noopener wp-att-1783\"><img loading=\"lazy\" decoding=\"async\" class=\"alignright wp-image-1783\" title=\"Les candidats de l'Equipe La Tour d'Aigues Pour Tous\" src=\"localhost:8888\/wp-content\/uploads\/2020\/03\/trombinoscope2020-5_Page_1-189x300.jpg\" alt=\"\" width=\"150\" height=\"248\" \/><\/a>\u00a0<\/span>1\/ <span style=\"color: #000080;\"><b>Mise en place d\u2019une commission mixte<\/b><\/span>, gendarmes, policiers municipaux, pompiers, Voisins Vigilants, pour \u00e9laborer des solutions <span style=\"color: #000080;\"><b>adapt\u00e9es \u00e0 l\u2019ordre public et la s\u00e9curit\u00e9 civile du village<\/b><\/span>.<span class=\"Apple-converted-space\">\u00a0<\/span><\/p>\n<p>2\/ <span style=\"color: #000080;\"><b>Elaboration d\u2019un plan de circulation et d\u2019am\u00e9nagement concert\u00e9 <\/b><\/span>r\u00e9duisant fortement le passage de v\u00e9hicules dans les principales rues du village, diminuant bruit et pollution, au profit d\u2019espaces pi\u00e9tonniers \u00e9largis et s\u00e9curis\u00e9s, d\u2019un acc\u00e8s facilit\u00e9 aux commerces et artisans de proximit\u00e9, et de pistes cyclables.<span class=\"Apple-converted-space\">\u00a0<\/span><\/p>\n<p>3\/ <span style=\"color: #000080;\"><b>Am\u00e9nagement de la place du Ch\u00e2teau <\/b><\/span>pour qu\u2019elle ne soit plus seulement un parking mais aussi un espace de vie sociale, v\u00e9g\u00e9talis\u00e9, am\u00e9nag\u00e9 et anim\u00e9 pour les adultes et les enfants, tout en conservant le march\u00e9 du mardi et les autres activit\u00e9s festives, commerciales et culturelles.<span class=\"Apple-converted-space\">\u00a0<\/span><\/p>\n<p>4\/ <span style=\"color: #000080;\"><b>D\u00e9placement du stade Garcin <\/b><\/span>du c\u00f4t\u00e9 du camping, et non pas de l\u2019autre c\u00f4t\u00e9 de l\u2019Eze, pour diminuer les co\u00fbts et pr\u00e9server des terres viticoles. <b>Am\u00e9nagement du stade actuel <\/b>en un espace de stationnement v\u00e9g\u00e9talis\u00e9 et arbor\u00e9, non constructible, r\u00e9duisant les nuisances pour les riverains tout en augmentant le nombre de places au centre du village.<span class=\"Apple-converted-space\">\u00a0<\/span><\/p>\n<p>5\/ <span style=\"color: #000080;\"><b>Programmation exclusive de logements \u00e0 loyers mod\u00e9r\u00e9s, pour les plus jeunes et les plus modestes <\/b><\/span>surtout, au quartier des Aires d\u2019abord, et dans les locaux du coll\u00e8ge Notre- Dame ensuite.<span class=\"Apple-converted-space\">\u00a0<\/span><\/p>\n<p>6\/ <span style=\"color: #000080;\"><b>Demande de remplacement des grands bus <\/b><\/span>des Conseils R\u00e9gional et D\u00e9partemental, souvent \u00e0 moiti\u00e9 vides, <span style=\"color: #000080;\"><b>par de petits bus plus \u00e9conomes, moins polluants et mieux adapt\u00e9s <\/b><\/span>\u00e0 nos rues de village, en r\u00e9visant fr\u00e9quences et horaires <span style=\"color: #000080;\"><b>pour une aide plus efficace \u00e0 la mobilit\u00e9<\/b><\/span>.<span class=\"Apple-converted-space\">\u00a0<\/span><\/p>\n<p>7\/ <span style=\"color: #000080;\"><b>Cr\u00e9ation de parkings de covoiturage prot\u00e9g\u00e9s et am\u00e9nag\u00e9s aux extr\u00e9mit\u00e9s du village<\/b><\/span>, et panneaux signal\u00e9tiques lisibles indiquant les commerces, services et points d\u2019int\u00e9r\u00eats.<span class=\"Apple-converted-space\">\u00a0<\/span><\/p>\n<p>8\/ <span style=\"color: #000080;\"><b>Mise en pratique <\/b><\/span>des propositions favorisant la <span style=\"color: #000080;\"><b>r\u00e9duction de l\u2019empreinte carbone, le tri s\u00e9lectif, la propret\u00e9 de nos rues, et donnant la pr\u00e9f\u00e9rence aux producteurs locaux<\/b><\/span>, notamment bio, dans les achats publics.<span class=\"Apple-converted-space\">\u00a0<\/span><\/p>\n<p>9\/ <span style=\"color: #000080;\"><b>Encouragement des d\u00e9placements \u00e0 pied, notamment avec l\u2019aide des parents d\u2019\u00e9l\u00e8ves <\/b><\/span>;<span class=\"Apple-converted-space\">\u00a0<\/span><\/p>\n<p>cr\u00e9ation de promenades p\u00e9destres et d\u2019espaces verts de d\u00e9tente, am\u00e9nag\u00e9s pour adultes et pour enfants ; remise en service des principales fontaines du village.<span class=\"Apple-converted-space\">\u00a0<\/span><\/p>\n<p>10\/ <span style=\"color: #000080;\"><b>Revalorisation du village <\/b><\/span>en investissant <span style=\"color: #000080;\"><b>dans le d\u00e9veloppement de ses attraits touristiques et en accompagnant les efforts de la viticulture, notamment par l\u2019oenotourisme<\/b><\/span>.<span class=\"Apple-converted-space\">\u00a0<\/span><\/p>\n<p>Votez !<span class=\"Apple-converted-space\">\u00a0<\/span><\/p>\n<p><a href=\"localhost:8888\/index.php\/2020\/03\/02\/un-ensemble-de-citoyens-et-une-nouvelle-ambition-pour-la-tour-daigues\/equipeltpt2\/\" rel=\"attachment wp-att-1786\"><img loading=\"lazy\" decoding=\"async\" class=\"alignleft wp-image-1786 size-large\" src=\"localhost:8888\/wp-content\/uploads\/2020\/03\/EquipeLTPT2-1024x712.jpg\" alt=\"\" width=\"1024\" height=\"712\" \/><\/a><\/p>\n<p>&nbsp;<\/p>\n","protected":false},"excerpt":{"rendered":"<p>Election municipale , le 15 mars \u00a0&#8211; Pour remplacer l\u2019\u00e9quipe qui g\u00e8re sans partage la commune de La Tour d\u2019Aigues depuis plus de 40 ans.\u00a0 &#8211; Parce que nous sommes choqu\u00e9s par l\u2019alliance locale de circonstance entre PS et LREM.\u00a0 &#8211; Pour garantir un d\u00e9bat participatif ouvert avec les citoyens et pour plus de d\u00e9mocratie&hellip;&nbsp;<a href=\"https:\/\/www.latourpourtous.fr\/index.php\/2020\/03\/02\/un-ensemble-de-citoyens-et-une-nouvelle-ambition-pour-la-tour-daigues\/\" rel=\"bookmark\"><span class=\"screen-reader-text\">UN ENSEMBLE DE CITOYENS ET UNE NOUVELLE AMBITION POUR LA TOUR D\u2019AIGUES<\/span><\/a><\/p>\n","protected":false},"author":1,"featured_media":0,"comment_status":"closed","ping_status":"open","sticky":false,"template":"","format":"standard","meta":{"neve_meta_sidebar":"","neve_meta_container":"","neve_meta_enable_content_width":"","neve_meta_content_width":0,"neve_meta_title_alignment":"","neve_meta_author_avatar":"","neve_post_elements_order":"","neve_meta_disable_header":"","neve_meta_disable_footer":"","neve_meta_disable_title":"","footnotes":""},"categories":[4,1],"tags":[],"class_list":["post-1772","post","type-post","status-publish","format-standard","hentry","category-campagne-electorale","category-non-classe"],"_links":{"self":[{"href":"https:\/\/www.latourpourtous.fr\/index.php\/wp-json\/wp\/v2\/posts\/1772","targetHints":{"allow":["GET"]}}],"collection":[{"href":"https:\/\/www.latourpourtous.fr\/index.php\/wp-json\/wp\/v2\/posts"}],"about":[{"href":"https:\/\/www.latourpourtous.fr\/index.php\/wp-json\/wp\/v2\/types\/post"}],"author":[{"embeddable":true,"href":"https:\/\/www.latourpourtous.fr\/index.php\/wp-json\/wp\/v2\/users\/1"}],"replies":[{"embeddable":true,"href":"https:\/\/www.latourpourtous.fr\/index.php\/wp-json\/wp\/v2\/comments?post=1772"}],"version-history":[{"count":10,"href":"https:\/\/www.latourpourtous.fr\/index.php\/wp-json\/wp\/v2\/posts\/1772\/revisions"}],"predecessor-version":[{"id":1803,"href":"https:\/\/www.latourpourtous.fr\/index.php\/wp-json\/wp\/v2\/posts\/1772\/revisions\/1803"}],"wp:attachment":[{"href":"https:\/\/www.latourpourtous.fr\/index.php\/wp-json\/wp\/v2\/media?parent=1772"}],"wp:term":[{"taxonomy":"category","embeddable":true,"href":"https:\/\/www.latourpourtous.fr\/index.php\/wp-json\/wp\/v2\/categories?post=1772"},{"taxonomy":"post_tag","embeddable":true,"href":"https:\/\/www.latourpourtous.fr\/index.php\/wp-json\/wp\/v2\/tags?post=1772"}],"curies":[{"name":"wp","href":"https:\/\/api.w.org\/{rel}","templated":true}]}}