{"id":1478,"date":"2019-06-28T17:57:05","date_gmt":"2019-06-28T15:57:05","guid":{"rendered":"localhost:8888\/?p=1478"},"modified":"2021-02-02T14:44:07","modified_gmt":"2021-02-02T13:44:07","slug":"1478","status":"publish","type":"post","link":"https:\/\/www.latourpourtous.fr\/index.php\/2019\/06\/28\/1478\/","title":{"rendered":"Assembl\u00e9e G\u00e9n\u00e9rale de l&rsquo; Association La Tour d&rsquo;Aigues Pour Tous 2019"},"content":{"rendered":"<p><span style=\"font-size: large;\"><img loading=\"lazy\" decoding=\"async\" class=\"size-medium wp-image-1351 aligncenter\" src=\"localhost:8888\/wp-content\/uploads\/2018\/08\/castelette-300x104.jpg\" alt=\"\" width=\"300\" height=\"104\" srcset=\"https:\/\/www.latourpourtous.fr\/wp-content\/uploads\/2018\/08\/castelette-300x104.jpg 300w, https:\/\/www.latourpourtous.fr\/wp-content\/uploads\/2018\/08\/castelette-768x267.jpg 768w, https:\/\/www.latourpourtous.fr\/wp-content\/uploads\/2018\/08\/castelette-1024x356.jpg 1024w, https:\/\/www.latourpourtous.fr\/wp-content\/uploads\/2018\/08\/castelette.jpg 1440w\" sizes=\"auto, (max-width: 300px) 100vw, 300px\" \/><\/span><\/p>\n<p><span style=\"font-size: large;\">La sixi\u00e8me Assembl\u00e9e G\u00e9n\u00e9rale de l&rsquo; association La Tour d&rsquo;Aigues Pour Tous s&rsquo;est tenue Vendredi 9 Juin 2019 au Domaine de La Castelette.<\/span><\/p>\n<p><span style=\"font-size: large;\">Voici en guise d&rsquo;\u00e9ditorial le texte du Rapport Moral du Pr\u00e9sident Antoine MEDVEDOWSKY<\/span><\/p>\n<p><span style=\"font-size: large;\">Chers Amis,<\/span><\/p>\n<p><span style=\"font-size: large;\">Quoi de neuf depuis l&rsquo;ann\u00e9e derni\u00e8re dans notre village? <\/span><\/p>\n<p><span style=\"font-size: large;\">Personne ne r\u00e9pond&#8230;. C&rsquo;est normal, la r\u00e9ponse est RIEN. Car rien n&rsquo;a \u00e9t\u00e9 fait dans notre village depuis un an et \u00e7a c&rsquo;est extraordinaire\u00a0! Alors que dans toutes les communes les \u00e9quipes redoublent d&rsquo;id\u00e9es et de r\u00e9alisations \u00e0 l&rsquo;approche de la fin de mandat&#8230;\u00e0 La Tour d&rsquo;Aigues, rien.<\/span><\/p>\n<p><span style=\"font-size: large;\">Le Maire le soir des v\u0153ux a d\u00e9crit tout un tas d&rsquo;actions et de r\u00e9alisations mais ce n&rsquo;\u00e9tait que le catalogue de l&rsquo;entretien courant des rues, des routes, de l&rsquo;\u00e9clairage, tout ce qui est normal et la moindre des actions courantes et obligatoires de la part de g\u00e9rants d&rsquo;une commune. En dehors de \u00e7a, l&rsquo;auto-satisfaction des actions men\u00e9es par les associations et non par la Municipalit\u00e9 mais dont celle-ci s&rsquo;auto f\u00e9licite alors qu&rsquo;elle n&rsquo;y est pour rien, les subventions vers\u00e9es n&rsquo;\u00e9tant l\u00e0 encore qu&rsquo;une chose normale et un juste retour puisque c&rsquo;est de notre argent dont il s&rsquo;agit.<\/span><\/p>\n<p><span style=\"font-size: large;\">Mais les grandes r\u00e9alisations, la modernisation durable des structures du village pour notre confort d&rsquo;aujourd&rsquo;hui, les investissements qui permettent de pr\u00e9parer l&rsquo;avenir, de pr\u00e9voir ce dont nous, et surtout nos enfants, auront besoin, rien&#8230;<\/span><\/p>\n<p><span style=\"font-size: large;\">En 5 ans on aura certes vu se faire les places de parking le long du stade avenue de Verdun, la place de l&rsquo;\u00e9glise, les nouveaux lampadaires, et le Rond Point (et quel Rond Point, bien am\u00e9nag\u00e9, bien accueillant pour tous, embl\u00e9matique de l&rsquo;entr\u00e9e dans notre village!). Mais ces r\u00e9alisations , pour honorables qu&rsquo;elles soient, devraient correspondre \u00e0 un an de travail d&rsquo;une municipalit\u00e9 basique. Et sur le reste du programme annonc\u00e9 il y a 5 ans, rien&#8230;<\/span><\/p>\n<p><span style=\"font-size: large;\">De l&rsquo;utilisation de Vitifruits, achet\u00e9 550.000 \u20ac, rien&#8230;pour en faire quoi d&rsquo;ailleurs, personne ne sait\u00a0!<br \/>\n<\/span><span style=\"font-size: large;\">La Gendarmerie, que son ami le ministre de l&rsquo;int\u00e9rieur Manuel Valls lui avait promis-sign\u00e9, rien&#8230;<br \/>\n<\/span><span style=\"font-size: large;\">La voie de d\u00e9rivation le long de l&rsquo;Ourgouze qui devait \u00eatre termin\u00e9 avant la fin de l&rsquo;ann\u00e9e, rien&#8230;<br \/>\n<\/span><span style=\"font-size: large;\">Le programme des logements sociaux des Aires, rien&#8230;<\/span><\/p>\n<p><span style=\"font-size: large;\">Alors on a beau jeu de proclamer qu&rsquo;on a un super budget en \u00e9quilibre avec z\u00e9ro emprunt\u00a0! Mais c&rsquo;est nul et archinul\u00a0! qu&rsquo;il soit en \u00e9quilibre \u00e7a n&rsquo;est pas une gloire, m\u00eame pas une satisfaction, c&rsquo;est une OBLIGATION. <\/span><\/p>\n<p><span style=\"font-size: large;\">Le seul int\u00e9r\u00eat d&rsquo;un budget c&rsquo;est justement ce qu&rsquo;il contient d&rsquo;autre que cet \u00e9quilibre, c&rsquo;est ce qu&rsquo;il permet de r\u00e9aliser, ce sont les projets \u00e0 venir qui y sont budg\u00e9t\u00e9s, ce sont les investissements pr\u00e9vu pour le devenir de notre village et de ses enfants, leurs emplois, leurs logements, c&rsquo;est son ambition, tout ce qui est absent de notre budget. <\/span><\/p>\n<p><span style=\"font-size: large;\">Et se glorifier de ne pas faire d&#8217;emprunt, surtout \u00e0 notre \u00e9poque ou les int\u00e9r\u00eats sont quasiment \u00e0 z\u00e9ro, c&rsquo;est encore plus nul. C&rsquo;est ne rien conna\u00eetre ni comprendre \u00e0 la gestion d&rsquo;une entreprise ou d&rsquo;une commune, c&rsquo;est ne pas faire son travail et laisser p\u00e9ricliter notre village, c&rsquo;est surtout laisser aux suivants le soin de reconstruire tout ce qui sera p\u00e9rim\u00e9 et d&rsquo;avoir \u00e0 faire de plus gros emprunts encore (voir tous les travaux n\u00e9cessaires, et pour le coup r\u00e9alis\u00e9s, \u00e0 Pertuis depuis 10 ans).<\/span><\/p>\n<p><span style=\"font-size: large;\">Comment vous m\u00eame feriez vous pour acheter une maison, pr\u00e9voir le changement de votre voiture , envisager des \u00e9tudes sup\u00e9rieures pour vos enfants, sans envisager d&#8217;emprunts\u00a0? <\/span><\/p>\n<p><span style=\"font-size: large;\">Pas n&rsquo;importe lesquels bien s\u00fbr, nous ne sommes pas idiots, mais des emprunts productifs s&rsquo;entend, ceux qui sont utiles et rentables pour l&rsquo;avenir, et aussi ceux qui am\u00e9liorent d&#8217;embl\u00e9e la qualit\u00e9 de vie des habitants et dont vous avez bien le droit de profiter maintenant puisque c&rsquo;est vous qui payez ces imp\u00f4ts.<\/span><\/p>\n<p><span style=\"font-size: large;\">Promenez vous \u00e0 Grambois, \u00e0 Ansouis, \u00e0 Mirabeau, \u00e0 Vaugines, \u00e0 Peypin d&rsquo;Aigues m\u00eame, sans parler de Cucuron et encore moins de Lourmarin ni de Pertuis (le gros mot!). Que voyez vous\u00a0? Partout des villages embellis, rajeunis, de nouveaux espaces de d\u00e9ambulation et de rencontre, des lieux de vie paysagers gagn\u00e9s sur le tout circulant et le tout polluant, des mises en valeur au profit des habitants, attirants pour les touristes, sources de revenus pour tous les commerces et de valorisation de l&rsquo;ensemble du territoire communal.<\/span><\/p>\n<p><span style=\"font-size: large;\">Et en m\u00eame temps ou sont les logements sociaux dont La Tour d&rsquo;Aigues manquent cruellement pour ceux qui ont le moins\u00a0?<\/span><\/p>\n<p><span style=\"font-size: large;\">Franchement, \u00e0 ce sujet, vous ne trouvez pas que l&#8217;emplacement de la caserne actuelle des pompiers en plein milieu du village serait plus adapt\u00e9 \u00e0 une demi-douzaine de logements sociaux, et la nouvelle caserne plus \u00e0 son aise et moins enclav\u00e9e \u00e0 Vitifruits. On avez vous vu qu&rsquo;on implantait les nouvelles casernes en plein milieu des villages\u00a0? Nous l&rsquo;avions programm\u00e9 \u00e0 Vitifruits ce qui \u00e9tait pour le Maire et son premier adjoint une idiotie\u00a0! Et ou sont les pompiers en attendant la fin des travaux?&#8230;\u00e0 Vitifruits\u00a0! Et de l&rsquo;aveu m\u00eame du chef de corps les travaux actuel seront d\u00e9pass\u00e9s dans \u00e0 peine 10 ans\u00a0! Et pendant ce temps les 550.00\u20ac de l&rsquo;achat de Vitifruits ne servent \u00e0 rien. Voil\u00e0 bien l&rsquo;exemple d&rsquo;une gestion budg\u00e9taire archinulle\u00a0!<\/span><\/p>\n<p><span style=\"font-size: large;\">Et l&rsquo;achat de locaux de l&rsquo;entreprise JOLY sur la zone du Revol pour y mettre les services techniques de la Mairie\u00a0? Au lieu de laisser s&rsquo;implanter une soci\u00e9t\u00e9 cr\u00e9atrice d&#8217;emploi comme en a besoin&#8230;. c&rsquo;est intelligent \u00e7a\u00a0? Une double d\u00e9pense pour le budget de commune et z\u00e9ro gain, alors qu&rsquo;on pouvait tr\u00e8s bien et \u00e0 peu de frais mettre les services techniques dans une autre partie de Vitifruits et laisser une nouvelle entreprise s&rsquo;installer au Revol dans les locaux Joly.<\/span><\/p>\n<p><span style=\"font-size: large;\">Les non-dits de la Mairie doivent aussi \u00eatre soulev\u00e9s: <\/span><\/p>\n<p><span style=\"font-size: large;\">Sur quoi va aboutir la voie de d\u00e9rivation de l&rsquo;Ourgouse? Est ce une d\u00e9viation secr\u00e8te par la voie du long mur qui sera alors requalifi\u00e9e? Est ce qu&rsquo;on ne le dit pas pour ne pas se mettre \u00e0 dos des \u00e9lecteurs? Si non alors \u00e0 quoi sert la voie de d\u00e9rivation? Et si oui quel est le plan de circulation pr\u00e9vu? si il y en a un; \u00e0 moins que personne n&rsquo;y pense et n&rsquo;ai travaill\u00e9 la question.<\/span><\/p>\n<p><span style=\"font-size: large;\">Pourquoi le maire actuel refuse toujours obstin\u00e9ment notre demande de Commission d&rsquo;Urbanisme et d&rsquo;Appels d&rsquo;offres et March\u00e9s publics? Y a-t-il quelque chose \u00e0 cacher?<\/span><\/p>\n<p><span style=\"font-size: large;\">A ce sujet je vous signale que notre critique majeure concernant le PLU pour le transfert du stade Garcin a \u00e9t\u00e9 retenue par le Pr\u00e9fet qui a retoqu\u00e9 ce chapitre du PLU (voir le texte sur notre site latourpourtous.fr). Il faut vous dire que les terres agricoles, actuellement cultiv\u00e9es, retenues pour ce nouveau stade, de l&rsquo;autre c\u00f4t\u00e9 de l&rsquo;Eze (on se demande pourquoi, et on ne le sait pas!) repr\u00e9sentaient 7 ha, et apr\u00e8s un premier avis n\u00e9gatif, encore 5,5 ha, sachant que pour le nouveau stade de 50.000 places \u00e0 Bordeaux 4 ha seulement ont \u00e9t\u00e9 n\u00e9cessaires&#8230;<\/span><\/p>\n<p><span style=\"font-size: large;\">Enfin Il n&rsquo;y a toujours pas de projet d&rsquo;am\u00e9nagement de la Place du Ch\u00e2teau.<\/span><\/p>\n<p><span style=\"font-size: large;\">Et ou sont les transports publics de proximit\u00e9 pour emmener les plus \u00e2g\u00e9s, les tout seuls, les plus d\u00e9munis, les handicap\u00e9s, au march\u00e9 le mardi, au foyer des anciens, \u00e0 la biblioth\u00e8que, voir les services sociaux si besoin? etc&#8230;etc&#8230;<\/span><\/p>\n<p><span style=\"font-size: large;\">Alors maintenant que faire?<\/span><\/p>\n<p><span style=\"font-size: large;\">Rappelez vous que:<br \/>\n<\/span><span style=\"font-size: large;\">1\/ Des 31% que nous avons eu \u00e0 la majorit\u00e9 il n&rsquo;y a que 300 voix.<br \/>\n<\/span><span style=\"font-size: large;\">2\/ Nous avons propos\u00e9 d\u00e8s le d\u00e9but \u00e0 tous ceux qui n&rsquo;\u00e9taient motiv\u00e9s que par le seul int\u00e9r\u00eat du village, et de notre communaut\u00e9 de communes, de nous rejoindre, qu&rsquo;ils soient de gauche mais pas d&rsquo;extr\u00eame, de droite, mais pas d&rsquo;extr\u00eame, ou du centre. Nous avons ainsi fait du \u00abMacron\u00bb 3 ans avant l&rsquo;heure et beaucoup veulent faire pareil maintenant. <\/span><\/p>\n<p><span style=\"font-size: large;\">Il faut donc continuer \u00e0 s&rsquo;ouvrir \u00e0 tous car nous ne gagnerons jamais seuls et il va falloir accepter de faire ce chemin avec d&rsquo;autres, avec lesquels nous ne sommes pas forc\u00e9ment d&rsquo;accord sur tout en politique par ailleurs, mais qui veulent comme nous que \u00e7a change ici. <\/span><\/p>\n<p><span style=\"font-size: large;\">La question cruciale est donc de savoir si c&rsquo;est vraiment ce que nous voulons.<\/span><\/p>\n<p><span style=\"font-size: large;\">A 10 mois des prochaines \u00e9lections il n&rsquo;y a que 3 r\u00e9ponses possibles\u00a0:<\/span><\/p>\n<p><span style=\"font-size: large;\">1\/ Ou nous choisissons de ne rien faire et de laisser \u00e0 nouveau une liste unique \u00e0 La Tour d&rsquo;Aigues et le choix d\u00e9mocratique que nous avons r\u00e9tabli dispara\u00eetre.<br \/>\n<\/span><span style=\"font-size: large;\">2\/ Ou nous refaisons tous seuls une liste La Tour d&rsquo;Aigues pour tous en esp\u00e9rant faire mieux que la derni\u00e8re fois. Mais le corollaire est qu&rsquo;il faut que d\u00e8s ce soir une vingtaine d&rsquo;entre vous se l\u00e8vent pour dire qu&rsquo;ils sont d&rsquo;accord pour y aller.<br \/>\n<\/span><span style=\"font-size: large;\">3\/ Ou nous proposons \u00e0 d&rsquo;autres groupes ou associations s&rsquo;\u00e9tant constitu\u00e9s depuis la derni\u00e8re \u00e9lection de faire une liste commune afin d&rsquo;augmenter les chances de gagner. A condition bien s\u00fbr qu&rsquo;ils ne d\u00e9naturent pas l&rsquo;\u00e9tat d&rsquo;esprit qui est le n\u00f4tre depuis le d\u00e9but c&rsquo;est \u00e0 dire tous sauf les extr\u00eames.<\/span><\/p>\n<p><span style=\"font-size: large;\">Dans ce cas il faut mandater le bureau pour mener cette n\u00e9gociation et \u00e0 la fin de l&rsquo;\u00e9t\u00e9 une AG extraordinaire validera, ou pas, l&rsquo;accord obtenu.<\/span><\/p>\n<p><span style=\"font-size: large;\">Ce rapport Moral a \u00e9t\u00e9 adopt\u00e9 \u00e0 l&rsquo;unanimit\u00e9.<\/span><\/p>\n<p><span style=\"font-size: large;\">L&rsquo;assembl\u00e9e a alors valid\u00e9 \u00e0 l&rsquo;unanimit\u00e9 la troisi\u00e8me option\u00a0:<\/span><\/p>\n<p><span style=\"font-size: large;\">\u00ab\u00a0Nous proposons \u00e0 d&rsquo;autre groupes ou associations citoyennes s&rsquo;\u00e9tant constitu\u00e9 depuis la derni\u00e8re \u00e9lection municipale de faire une liste commune afin d&rsquo;augmenter les chances de gagner. A condition bien s\u00fbr de ne pas d\u00e9naturer l&rsquo;esprit qui est le n\u00f4tre depuis le d\u00e9but, c&rsquo;est \u00e0 dire l&rsquo;union de tous ceux qui veulent une alternance municipale \u00e0 La Tour d&rsquo;Aigues, sauf les extr\u00eames. Le bureau est mandat\u00e9 pour mener cette n\u00e9gociation d&rsquo;ici la fin de l&rsquo;\u00e9t\u00e9 et une AG extraordinaire la validera alors.\u00a0\u00bb<\/span><\/p>\n","protected":false},"excerpt":{"rendered":"<p>La sixi\u00e8me Assembl\u00e9e G\u00e9n\u00e9rale de l&rsquo; association La Tour d&rsquo;Aigues Pour Tous s&rsquo;est tenue Vendredi 9 Juin 2019 au Domaine de La Castelette. Voici en guise d&rsquo;\u00e9ditorial le texte du Rapport Moral du Pr\u00e9sident Antoine MEDVEDOWSKY Chers Amis, Quoi de neuf depuis l&rsquo;ann\u00e9e derni\u00e8re dans notre village? Personne ne r\u00e9pond&#8230;. C&rsquo;est normal, la r\u00e9ponse est&hellip;&nbsp;<a href=\"https:\/\/www.latourpourtous.fr\/index.php\/2019\/06\/28\/1478\/\" rel=\"bookmark\"><span class=\"screen-reader-text\">Assembl\u00e9e G\u00e9n\u00e9rale de l&rsquo; Association La Tour d&rsquo;Aigues Pour Tous 2019<\/span><\/a><\/p>\n","protected":false},"author":1,"featured_media":0,"comment_status":"closed","ping_status":"open","sticky":false,"template":"","format":"standard","meta":{"neve_meta_sidebar":"","neve_meta_container":"","neve_meta_enable_content_width":"","neve_meta_content_width":0,"neve_meta_title_alignment":"","neve_meta_author_avatar":"","neve_post_elements_order":"","neve_meta_disable_header":"","neve_meta_disable_footer":"","neve_meta_disable_title":"","footnotes":""},"categories":[5,1],"tags":[],"class_list":["post-1478","post","type-post","status-publish","format-standard","hentry","category-editos","category-non-classe"],"_links":{"self":[{"href":"https:\/\/www.latourpourtous.fr\/index.php\/wp-json\/wp\/v2\/posts\/1478","targetHints":{"allow":["GET"]}}],"collection":[{"href":"https:\/\/www.latourpourtous.fr\/index.php\/wp-json\/wp\/v2\/posts"}],"about":[{"href":"https:\/\/www.latourpourtous.fr\/index.php\/wp-json\/wp\/v2\/types\/post"}],"author":[{"embeddable":true,"href":"https:\/\/www.latourpourtous.fr\/index.php\/wp-json\/wp\/v2\/users\/1"}],"replies":[{"embeddable":true,"href":"https:\/\/www.latourpourtous.fr\/index.php\/wp-json\/wp\/v2\/comments?post=1478"}],"version-history":[{"count":5,"href":"https:\/\/www.latourpourtous.fr\/index.php\/wp-json\/wp\/v2\/posts\/1478\/revisions"}],"predecessor-version":[{"id":1483,"href":"https:\/\/www.latourpourtous.fr\/index.php\/wp-json\/wp\/v2\/posts\/1478\/revisions\/1483"}],"wp:attachment":[{"href":"https:\/\/www.latourpourtous.fr\/index.php\/wp-json\/wp\/v2\/media?parent=1478"}],"wp:term":[{"taxonomy":"category","embeddable":true,"href":"https:\/\/www.latourpourtous.fr\/index.php\/wp-json\/wp\/v2\/categories?post=1478"},{"taxonomy":"post_tag","embeddable":true,"href":"https:\/\/www.latourpourtous.fr\/index.php\/wp-json\/wp\/v2\/tags?post=1478"}],"curies":[{"name":"wp","href":"https:\/\/api.w.org\/{rel}","templated":true}]}}