{"id":1471,"date":"2019-04-03T11:22:37","date_gmt":"2019-04-03T09:22:37","guid":{"rendered":"localhost:8888\/?p=1471"},"modified":"2021-02-02T14:45:20","modified_gmt":"2021-02-02T13:45:20","slug":"le-prefet-donne-une-suite-favorable-aux-reserves-de-la-tour-pour-tous-sur-le-plu","status":"publish","type":"post","link":"https:\/\/www.latourpourtous.fr\/index.php\/2019\/04\/03\/le-prefet-donne-une-suite-favorable-aux-reserves-de-la-tour-pour-tous-sur-le-plu\/","title":{"rendered":"Le pr\u00e9fet donne une suite favorable aux r\u00e9serves de La Tour pour Tous sur le PLU"},"content":{"rendered":"<p><a href=\"localhost:8888\/wp-content\/uploads\/2019\/04\/LTPT-PLU-PREFET.pdf\" target=\"_blank\" rel=\"noopener\"><img loading=\"lazy\" decoding=\"async\" class=\"alignright wp-image-1478 size-medium\" src=\"localhost:8888\/wp-content\/uploads\/2019\/03\/Lettre-Prefet-\u00e0-LaTourPourTous-sur-le-PLU-212x300.jpg\" alt=\"\" width=\"212\" height=\"300\" \/><\/a>L&rsquo;association La Tour d&rsquo;Aigues pour tous avait \u00e9mis de fortes r\u00e9serves lors du vote du PLU par le conseil municipal du 12\/10\/2018, et saisie Monsieur le Pr\u00e9fet aux motifs que ce PLU ne respecte pas les articles L151-4 et L101-2 du code de l&rsquo;urbanisme, et que la municipalit\u00e9 ne respectait pas les engagements pris aupr\u00e8s du commissaire enqu\u00eateur pour obtenir un avis positif sur son projet.<\/p>\n<p>Ces remarques concernaient notamment les choix faits pour le d\u00e9placement du stade Garcin, en face du Ch\u00e2teau, et la r\u00e9servation pr\u00e9vue pour cela de 5,7 hectares de terres agricoles en activit\u00e9.<\/p>\n<p>Notre avis allait dans le sens des remarques faites par le Conseil D\u00e9partemental et par la Chambre R\u00e9gionale d&rsquo;Agriculture.<\/p>\n<p>Nous avons la satisfaction de recevoir de la part de madame la Sous-Pr\u00e9f\u00e8te (voir lettre ci-contre) confirmation du bien fond\u00e9 de notre requ\u00eate, reprise par Monsieur le Pr\u00e9fet dans le cadre du contr\u00f4le de l\u00e9galit\u00e9 dont observation a \u00e9t\u00e9 adress\u00e9e au Maire le 20\/12\/2018.<\/p>\n<p>La Tour d&rsquo;Aigues Pour Tous avait donc raison et la copie devra bien \u00eatre revue\u00a0!<\/p>\n<p>&nbsp;<\/p>\n","protected":false},"excerpt":{"rendered":"<p>L&rsquo;association La Tour d&rsquo;Aigues pour tous avait \u00e9mis de fortes r\u00e9serves lors du vote du PLU par le conseil municipal du 12\/10\/2018, et saisie Monsieur le Pr\u00e9fet aux motifs que ce PLU ne respecte pas les articles L151-4 et L101-2 du code de l&rsquo;urbanisme, et que la municipalit\u00e9 ne respectait pas les engagements pris aupr\u00e8s&hellip;&nbsp;<a href=\"https:\/\/www.latourpourtous.fr\/index.php\/2019\/04\/03\/le-prefet-donne-une-suite-favorable-aux-reserves-de-la-tour-pour-tous-sur-le-plu\/\" rel=\"bookmark\"><span class=\"screen-reader-text\">Le pr\u00e9fet donne une suite favorable aux r\u00e9serves de La Tour pour Tous sur le PLU<\/span><\/a><\/p>\n","protected":false},"author":1,"featured_media":0,"comment_status":"closed","ping_status":"open","sticky":false,"template":"","format":"standard","meta":{"neve_meta_sidebar":"","neve_meta_container":"","neve_meta_enable_content_width":"","neve_meta_content_width":0,"neve_meta_title_alignment":"","neve_meta_author_avatar":"","neve_post_elements_order":"","neve_meta_disable_header":"","neve_meta_disable_footer":"","neve_meta_disable_title":"","footnotes":""},"categories":[1,11],"tags":[15],"class_list":["post-1471","post","type-post","status-publish","format-standard","hentry","category-non-classe","category-urbanisme","tag-plu"],"_links":{"self":[{"href":"https:\/\/www.latourpourtous.fr\/index.php\/wp-json\/wp\/v2\/posts\/1471","targetHints":{"allow":["GET"]}}],"collection":[{"href":"https:\/\/www.latourpourtous.fr\/index.php\/wp-json\/wp\/v2\/posts"}],"about":[{"href":"https:\/\/www.latourpourtous.fr\/index.php\/wp-json\/wp\/v2\/types\/post"}],"author":[{"embeddable":true,"href":"https:\/\/www.latourpourtous.fr\/index.php\/wp-json\/wp\/v2\/users\/1"}],"replies":[{"embeddable":true,"href":"https:\/\/www.latourpourtous.fr\/index.php\/wp-json\/wp\/v2\/comments?post=1471"}],"version-history":[{"count":1,"href":"https:\/\/www.latourpourtous.fr\/index.php\/wp-json\/wp\/v2\/posts\/1471\/revisions"}],"predecessor-version":[{"id":1473,"href":"https:\/\/www.latourpourtous.fr\/index.php\/wp-json\/wp\/v2\/posts\/1471\/revisions\/1473"}],"wp:attachment":[{"href":"https:\/\/www.latourpourtous.fr\/index.php\/wp-json\/wp\/v2\/media?parent=1471"}],"wp:term":[{"taxonomy":"category","embeddable":true,"href":"https:\/\/www.latourpourtous.fr\/index.php\/wp-json\/wp\/v2\/categories?post=1471"},{"taxonomy":"post_tag","embeddable":true,"href":"https:\/\/www.latourpourtous.fr\/index.php\/wp-json\/wp\/v2\/tags?post=1471"}],"curies":[{"name":"wp","href":"https:\/\/api.w.org\/{rel}","templated":true}]}}