{"id":1469,"date":"2019-03-25T13:51:10","date_gmt":"2019-03-25T12:51:10","guid":{"rendered":"localhost:8888\/?p=1469"},"modified":"2021-02-02T14:45:20","modified_gmt":"2021-02-02T13:45:20","slug":"edito-mars-2019-le-grand-debat","status":"publish","type":"post","link":"https:\/\/www.latourpourtous.fr\/index.php\/2019\/03\/25\/edito-mars-2019-le-grand-debat\/","title":{"rendered":"Edito Mars 2019 : Le Grand D\u00e9bat."},"content":{"rendered":"<p>Chers Amis,<\/p>\n<p>C&rsquo;en est donc termin\u00e9 pour le Grand D\u00e9bat, la premi\u00e8re phase s&rsquo;entend, celle des propositions, car<br \/>\ncelle des r\u00e9sultats et de ce qui en r\u00e9sultera reste \u00e0 \u00e9crire.<br \/>\nNotre association La Tour Pour Tous \u00e0 pris sa part \u00e0 diff\u00e9rentes r\u00e9unions, individuellement pour ses<br \/>\nadh\u00e9rents, et par une r\u00e9union de synth\u00e8se pour le bureau. Il est difficile devant la multitude des<br \/>\nquestions soulev\u00e9es de faire une retranscription exhaustive de toutes les propositions \u00e9nonc\u00e9es ou<br \/>\ndes r\u00e9ponses souhait\u00e9es, mais on peut essayer de r\u00e9sumer ici les r\u00e9flexions d\u00e9velopp\u00e9es sur les<br \/>\nquatre grands th\u00e8mes.<\/p>\n<p>Sur Fiscalit\u00e9 et D\u00e9penses Publiques:<br \/>\n&#8211; Pour r\u00e9tablir les finances la r\u00e9ponse est de r\u00e9duire la d\u00e9pense publique plut\u00f4t que d&rsquo;augmenter les<br \/>\nimp\u00f4ts ( sauf l&rsquo;ISF mais il ne r\u00e9sout qu&rsquo;1% du probl\u00e8me&#8230;).<br \/>\n&#8211; Pour r\u00e9duire la dette et ne pas augmenter les imp\u00f4ts la pr\u00e9f\u00e9rence va donc \u00e0 la r\u00e9duction des<br \/>\nd\u00e9penses de l&rsquo;\u00e9tat, des collectivit\u00e9s locales et, de fait aussi, des d\u00e9penses sociales.<br \/>\n&#8211; Lesquelles? Pas celle de l&rsquo;\u00e9ducation et de la recherche; pas celle de la s\u00e9curit\u00e9 et de la d\u00e9fense; pas celle des transports et de l&rsquo;environnement; restent les aides sociales et les aides au logement!<br \/>\n&#8211; Les \u00e9conomies r\u00e9alis\u00e9es \u00e9tant alors insuffisantes restent l&rsquo;augmentation du temps de travail (c&rsquo;est<br \/>\npossible selon l&rsquo;\u00e2ge pour certains!) ou le recul de l&rsquo;\u00e2ge de la retraite (c&rsquo;est forc\u00e9ment et de fait<br \/>\nobligatoirement oui !).<\/p>\n<p>Sur Organisation de l&rsquo;Etat et des ses services:<br \/>\n&#8211; Il y a bien s\u00fbr trop d&rsquo;\u00e9chelons administratifs. A choisir la commune et l&rsquo;intercommunalit\u00e9 sont<br \/>\npr\u00e9f\u00e9r\u00e9s de m\u00eame que la r\u00e9gion. Le d\u00e9partement fait donc les frais de la r\u00e9duction souhait\u00e9 du<br \/>\n\u00abmille-feuille\u00bb, \u00e0 garder quand m\u00eame pour certains comme identification g\u00e9ographique, touristique<br \/>\net postale.<br \/>\n&#8211; Des services devraient pouvoir \u00eatre disponibles avec plus de proximit\u00e9, au niveau des Mairies,<br \/>\navec par exemple des guichets de poste \u00e0 fonctions renouvel\u00e9es, ou dans un maximum de 20km<br \/>\nc&rsquo;est \u00e0 dire le rayon de l&rsquo;intercommunalit\u00e9.<\/p>\n<p>Sur Transition \u00e9cologique:<br \/>\n&#8211; Tous les probl\u00e8mes sont importants (pollutions air et bruit, biodiversit\u00e9,climat).<br \/>\n&#8211; Mais la biodiversit\u00e9 ne doit pas p\u00e9naliser l&rsquo;agriculture et les industries nationales, sa protection devant plut\u00f4t passer par des modifications d&rsquo;accords commerciaux et surtout la taxation des produits import\u00e9s non conformes \u00e0 nos r\u00e8gles. L&rsquo;agriculture progresse beaucoup et les gens ne le savent pas.<br \/>\n&#8211; Financement \u00e0 prendre sur le budget de l&rsquo;\u00e9tat plus que par une fiscalit\u00e9 sp\u00e9cifique (voir l&rsquo;effet de la taxe diesel&#8230;) et par des incitations Nationales \u00e0 l&rsquo;am\u00e9lioration et au d\u00e9veloppement de nouvelles solutions techniques.<br \/>\n&#8211; Am\u00e9lioration des transports locaux \u00e0 privil\u00e9gier, plus petits, plus l\u00e9gers, plus \u00e9conomiques, plus<br \/>\npropres, mais aussi plus nombreux, plus fr\u00e9quents, mieux r\u00e9partis.<\/p>\n<p>Sur D\u00e9mocratie et Citoyennet\u00e9:<br \/>\n&#8211; Les syndicats sont jug\u00e9s peu repr\u00e9sentatifs, trop nombreux.<br \/>\n&#8211; Le maintien du non cumul de mandats pour les \u00e9lus est souhait\u00e9, dans le nombre mais aussi dans<br \/>\nle temps (pas plus de 2 ou 3 \u00e0 la suite).<br \/>\n&#8211; Proportionnelle souhait\u00e9e pour les \u00e9lections locales et r\u00e9gionales, par certains seulement au niveau<br \/>\nnational.<br \/>\n&#8211; La r\u00e9duction du nombre de parlementaires est souhait\u00e9e par beaucoup mais aussi la diminution des<br \/>\nassembl\u00e9es, par exemple fusion avec le S\u00e9nat du Conseil \u00e9conomique, social et environnemental, ou<br \/>\nde ce dernier et de tous les multiples Hauts conseils \u00e0&#8230;ou Hauts comit\u00e9s de&#8230;qui cr\u00e9ent un autre<br \/>\n\u00abmille-feuille\u00bb et multiplient les co\u00fbts.<br \/>\n&#8211; Pas de vote obligatoire pour la plupart, mais reconnaissance du vote blanc demand\u00e9. D&rsquo;accord<br \/>\npour le RIC pour la plupart, sous r\u00e9serve qu&rsquo;il soit bien encadr\u00e9 (risque de fr\u00e9quence d\u00e9motivantes<br \/>\nou de d\u00e9rives cat\u00e9gorielles&#8230;).<br \/>\n&#8211; La reprise de l&rsquo;\u00e9ducation civique \u00e0 l&rsquo;\u00e9cole et au coll\u00e8ge est pl\u00e9biscit\u00e9e.<br \/>\n&#8211; La contre partie des allocations de solidarit\u00e9 doit \u00eatre le strict respect de la loi par ceux qui les<br \/>\nre\u00e7oivent.<br \/>\n&#8211; Enfin l&rsquo;immigration devrait \u00eatre r\u00e9gul\u00e9e par des objectifs annuels fix\u00e9s par le parlement, et les<br \/>\nmodalit\u00e9s d&rsquo;int\u00e9gration inclure la pratique du civisme et toujours le strict respect de la loi.<\/p>\n","protected":false},"excerpt":{"rendered":"<p>Chers Amis, C&rsquo;en est donc termin\u00e9 pour le Grand D\u00e9bat, la premi\u00e8re phase s&rsquo;entend, celle des propositions, car celle des r\u00e9sultats et de ce qui en r\u00e9sultera reste \u00e0 \u00e9crire. Notre association La Tour Pour Tous \u00e0 pris sa part \u00e0 diff\u00e9rentes r\u00e9unions, individuellement pour ses adh\u00e9rents, et par une r\u00e9union de synth\u00e8se pour le&hellip;&nbsp;<a href=\"https:\/\/www.latourpourtous.fr\/index.php\/2019\/03\/25\/edito-mars-2019-le-grand-debat\/\" rel=\"bookmark\"><span class=\"screen-reader-text\">Edito Mars 2019 : Le Grand D\u00e9bat.<\/span><\/a><\/p>\n","protected":false},"author":1,"featured_media":0,"comment_status":"closed","ping_status":"open","sticky":false,"template":"","format":"standard","meta":{"neve_meta_sidebar":"","neve_meta_container":"","neve_meta_enable_content_width":"","neve_meta_content_width":0,"neve_meta_title_alignment":"","neve_meta_author_avatar":"","neve_post_elements_order":"","neve_meta_disable_header":"","neve_meta_disable_footer":"","neve_meta_disable_title":"","footnotes":""},"categories":[5,1],"tags":[29,26,25],"class_list":["post-1469","post","type-post","status-publish","format-standard","hentry","category-editos","category-non-classe","tag-environnement","tag-finances","tag-marche-public"],"_links":{"self":[{"href":"https:\/\/www.latourpourtous.fr\/index.php\/wp-json\/wp\/v2\/posts\/1469","targetHints":{"allow":["GET"]}}],"collection":[{"href":"https:\/\/www.latourpourtous.fr\/index.php\/wp-json\/wp\/v2\/posts"}],"about":[{"href":"https:\/\/www.latourpourtous.fr\/index.php\/wp-json\/wp\/v2\/types\/post"}],"author":[{"embeddable":true,"href":"https:\/\/www.latourpourtous.fr\/index.php\/wp-json\/wp\/v2\/users\/1"}],"replies":[{"embeddable":true,"href":"https:\/\/www.latourpourtous.fr\/index.php\/wp-json\/wp\/v2\/comments?post=1469"}],"version-history":[{"count":2,"href":"https:\/\/www.latourpourtous.fr\/index.php\/wp-json\/wp\/v2\/posts\/1469\/revisions"}],"predecessor-version":[{"id":1687,"href":"https:\/\/www.latourpourtous.fr\/index.php\/wp-json\/wp\/v2\/posts\/1469\/revisions\/1687"}],"wp:attachment":[{"href":"https:\/\/www.latourpourtous.fr\/index.php\/wp-json\/wp\/v2\/media?parent=1469"}],"wp:term":[{"taxonomy":"category","embeddable":true,"href":"https:\/\/www.latourpourtous.fr\/index.php\/wp-json\/wp\/v2\/categories?post=1469"},{"taxonomy":"post_tag","embeddable":true,"href":"https:\/\/www.latourpourtous.fr\/index.php\/wp-json\/wp\/v2\/tags?post=1469"}],"curies":[{"name":"wp","href":"https:\/\/api.w.org\/{rel}","templated":true}]}}