{"id":1456,"date":"2019-01-06T18:28:54","date_gmt":"2019-01-06T17:28:54","guid":{"rendered":"localhost:8888\/?p=1456"},"modified":"2021-02-02T14:45:49","modified_gmt":"2021-02-02T13:45:49","slug":"vous-avez-dit-village-propre","status":"publish","type":"post","link":"https:\/\/www.latourpourtous.fr\/index.php\/2019\/01\/06\/vous-avez-dit-village-propre\/","title":{"rendered":"Vous avez dit village propre\u00a0?"},"content":{"rendered":"<p>&nbsp;<\/p>\n<p align=\"LEFT\">Ces photos ont \u00e9t\u00e9 prises deux jours de semaine ordinaires, en journ\u00e9e. Elles illustrent la qualit\u00e9 (!) du service qui nous est factur\u00e9 par plus de 11% d&rsquo;augmentation de taxe cette ann\u00e9e. C&rsquo;est ce que les passants, habitants du village et visiteurs, peuvent admirer r\u00e9guli\u00e8rement&#8230;<\/p>\n<p align=\"LEFT\">Et que l&rsquo;on vienne pas accuser les touristes, ces dysfonctionnements se produisent toute l&rsquo;ann\u00e9e\u00a0!<img loading=\"lazy\" decoding=\"async\" class=\"alignnone size-medium wp-image-1457\" src=\"localhost:8888\/wp-content\/uploads\/2019\/02\/IMG_5737-e1549042023196-225x300.jpg\" alt=\"\" width=\"225\" height=\"300\" \/><img loading=\"lazy\" decoding=\"async\" class=\"wp-image-1458 alignleft\" src=\"localhost:8888\/wp-content\/uploads\/2019\/02\/IMG_5868-300x225.jpg\" alt=\"\" width=\"396\" height=\"294\" \/><\/p>\n","protected":false},"excerpt":{"rendered":"<p>&nbsp; Ces photos ont \u00e9t\u00e9 prises deux jours de semaine ordinaires, en journ\u00e9e. Elles illustrent la qualit\u00e9 (!) du service qui nous est factur\u00e9 par plus de 11% d&rsquo;augmentation de taxe cette ann\u00e9e. C&rsquo;est ce que les passants, habitants du village et visiteurs, peuvent admirer r\u00e9guli\u00e8rement&#8230; Et que l&rsquo;on vienne pas accuser les touristes, ces&hellip;&nbsp;<a href=\"https:\/\/www.latourpourtous.fr\/index.php\/2019\/01\/06\/vous-avez-dit-village-propre\/\" rel=\"bookmark\"><span class=\"screen-reader-text\">Vous avez dit village propre\u00a0?<\/span><\/a><\/p>\n","protected":false},"author":1,"featured_media":1458,"comment_status":"closed","ping_status":"open","sticky":false,"template":"","format":"standard","meta":{"neve_meta_sidebar":"","neve_meta_container":"","neve_meta_enable_content_width":"","neve_meta_content_width":0,"neve_meta_title_alignment":"","neve_meta_author_avatar":"","neve_post_elements_order":"","neve_meta_disable_header":"","neve_meta_disable_footer":"","neve_meta_disable_title":"","footnotes":""},"categories":[13,1,3],"tags":[28,27],"class_list":["post-1456","post","type-post","status-publish","format-standard","has-post-thumbnail","hentry","category-environnement","category-non-classe","category-vie-municipale","tag-proprete","tag-tri"],"_links":{"self":[{"href":"https:\/\/www.latourpourtous.fr\/index.php\/wp-json\/wp\/v2\/posts\/1456","targetHints":{"allow":["GET"]}}],"collection":[{"href":"https:\/\/www.latourpourtous.fr\/index.php\/wp-json\/wp\/v2\/posts"}],"about":[{"href":"https:\/\/www.latourpourtous.fr\/index.php\/wp-json\/wp\/v2\/types\/post"}],"author":[{"embeddable":true,"href":"https:\/\/www.latourpourtous.fr\/index.php\/wp-json\/wp\/v2\/users\/1"}],"replies":[{"embeddable":true,"href":"https:\/\/www.latourpourtous.fr\/index.php\/wp-json\/wp\/v2\/comments?post=1456"}],"version-history":[{"count":2,"href":"https:\/\/www.latourpourtous.fr\/index.php\/wp-json\/wp\/v2\/posts\/1456\/revisions"}],"predecessor-version":[{"id":1686,"href":"https:\/\/www.latourpourtous.fr\/index.php\/wp-json\/wp\/v2\/posts\/1456\/revisions\/1686"}],"wp:featuredmedia":[{"embeddable":true,"href":"https:\/\/www.latourpourtous.fr\/index.php\/wp-json\/"}],"wp:attachment":[{"href":"https:\/\/www.latourpourtous.fr\/index.php\/wp-json\/wp\/v2\/media?parent=1456"}],"wp:term":[{"taxonomy":"category","embeddable":true,"href":"https:\/\/www.latourpourtous.fr\/index.php\/wp-json\/wp\/v2\/categories?post=1456"},{"taxonomy":"post_tag","embeddable":true,"href":"https:\/\/www.latourpourtous.fr\/index.php\/wp-json\/wp\/v2\/tags?post=1456"}],"curies":[{"name":"wp","href":"https:\/\/api.w.org\/{rel}","templated":true}]}}