{"id":1426,"date":"2019-01-13T15:17:03","date_gmt":"2019-01-13T14:17:03","guid":{"rendered":"localhost:8888\/?p=1426"},"modified":"2021-02-02T14:44:55","modified_gmt":"2021-02-02T13:44:55","slug":"bonne-annee-2019","status":"publish","type":"post","link":"https:\/\/www.latourpourtous.fr\/index.php\/2019\/01\/13\/bonne-annee-2019\/","title":{"rendered":"Bonne ann\u00e9e 2019 !"},"content":{"rendered":"<p>\t\t\t\tChers Amis,<\/p>\n<p>Au premier jour de cette nouvelle ann\u00e9e, que nous souhaiter ?<\/p>\n<p>2018 s&rsquo;est achev\u00e9e dans la douleur d&rsquo;un mouvement regroupant un grand nombre de ceux qui, parmi nous, \u00e9prouvent de r\u00e9elles difficult\u00e9s \u00e0 joindre les deux bouts, mais aussi un petit nombre d&rsquo;extr\u00e9mistes instrumentalisant cette col\u00e8re pour faire passer des id\u00e9es haineuses, sans rapport avec la pr\u00e9carit\u00e9 sociale ou le pouvoir d&rsquo;achat.<\/p>\n<p>Souhaitons pour 2019 que nos gouvernants trouvent les bonnes r\u00e9ponses, que les violents et les vandales soient renvoy\u00e9s, et que la concorde nationale revienne.<\/p>\n<p>A la fin du printemps il nous faudra aussi sauver l&rsquo;Europe, ou la pr\u00e9server, de ces m\u00eames destructeurs. L&rsquo;Europe qui vient de nous offrir 60 ans de paix, ce que nous n&rsquo;avions pas connu depuis trois si\u00e8cles. L&rsquo;Europe de la r\u00e9duction des in\u00e9galit\u00e9s entre nos chers et vieux pays, et \u00e0 l&rsquo;int\u00e9rieur de chacun d&rsquo;eux, celle de la politique agricole commune, celle de la monnaie unique et du grand march\u00e9 europ\u00e9en qui seuls nous permettent, et nous permettront, d&rsquo;exister face \u00e0 la Chine, aux Am\u00e9riques, \u00e0 la Russie, et demain \u00e0 l&rsquo;Afrique.<\/p>\n<p>Souhaitons-nous de savoir pr\u00e9server ces grands acquis.<\/p>\n<p>Au-del\u00e0, souhaitons nous de ne pas sombrer devant les id\u00e9ologies meurtri\u00e8res toujours pr\u00e9sentes. Car il n&rsquo;est pas vrai que l&rsquo;orient est la cause de tout ce qui se fait de pire dans notre pays, ni que l&rsquo;occident est responsable de tous les maux des pays d&rsquo;o\u00f9 viennent les terroristes ou les migrants.<\/p>\n<p>Pour notre commune enfin, \u00e0 une ann\u00e9e des futures \u00e9lections municipales, souhaitons \u00e0 notre association La Tour d&rsquo;Aigues pour Tous, de pouvoir reb\u00e2tir une \u00e9quipe capable de proposer une alternance n\u00e9cessaire.<\/p>\n<p>Souhaitons nous, entre autres, une entr\u00e9e de village moins laide, des espaces de d\u00e9ambulation propices \u00e0 la vie sociale et \u00e0 celle de nos commerces de proximit\u00e9, un plan de circulation \u00e0 la mesure des enjeux, en fait tout ce qui contribue \u00e0 la qualit\u00e9 de la vie.<\/p>\n<p>Souhaitons nous que le plus beau des pays demeure l&rsquo;avenir.<\/p>\n<p>Bonne ann\u00e9e \u00e0 tous.<\/p>\n<p>Antoine\t\t<\/p>\n","protected":false},"excerpt":{"rendered":"<p>\t\t\t\tChers Amis,<\/p>\n<p>Au premier jour de cette nouvelle ann\u00e9e, que nous souhaiter?<\/p>\n<p>2018 s&rsquo;est achev\u00e9e dans la douleur d&rsquo;un mouvement regroupant un grand nombre de ceux qui, parmi nous, \u00e9prouvent de r\u00e9elles difficult\u00e9s \u00e0 joindre les deux bouts, mais aussi un petit nombre d&rsquo;extr\u00e9mistes instrumentalisant cette col\u00e8re pour faire passer des id\u00e9es haineuses, sans rapport avec la pr\u00e9carit\u00e9 sociale ou le pouvoir d&rsquo;achat.<\/p>\n<p>Souhaitons pour 2019 que nos gouvernants trouvent les bonnes r\u00e9ponses, que les violents et les vandales soient renvoy\u00e9s, et que la concorde nationale revienne.\t\t<\/p>\n","protected":false},"author":1,"featured_media":1430,"comment_status":"closed","ping_status":"open","sticky":false,"template":"","format":"standard","meta":{"neve_meta_sidebar":"","neve_meta_container":"","neve_meta_enable_content_width":"","neve_meta_content_width":0,"neve_meta_title_alignment":"","neve_meta_author_avatar":"","neve_post_elements_order":"","neve_meta_disable_header":"","neve_meta_disable_footer":"","neve_meta_disable_title":"","footnotes":""},"categories":[5,1],"tags":[],"class_list":["post-1426","post","type-post","status-publish","format-standard","has-post-thumbnail","hentry","category-editos","category-non-classe"],"_links":{"self":[{"href":"https:\/\/www.latourpourtous.fr\/index.php\/wp-json\/wp\/v2\/posts\/1426","targetHints":{"allow":["GET"]}}],"collection":[{"href":"https:\/\/www.latourpourtous.fr\/index.php\/wp-json\/wp\/v2\/posts"}],"about":[{"href":"https:\/\/www.latourpourtous.fr\/index.php\/wp-json\/wp\/v2\/types\/post"}],"author":[{"embeddable":true,"href":"https:\/\/www.latourpourtous.fr\/index.php\/wp-json\/wp\/v2\/users\/1"}],"replies":[{"embeddable":true,"href":"https:\/\/www.latourpourtous.fr\/index.php\/wp-json\/wp\/v2\/comments?post=1426"}],"version-history":[{"count":1,"href":"https:\/\/www.latourpourtous.fr\/index.php\/wp-json\/wp\/v2\/posts\/1426\/revisions"}],"predecessor-version":[{"id":1545,"href":"https:\/\/www.latourpourtous.fr\/index.php\/wp-json\/wp\/v2\/posts\/1426\/revisions\/1545"}],"wp:featuredmedia":[{"embeddable":true,"href":"https:\/\/www.latourpourtous.fr\/index.php\/wp-json\/"}],"wp:attachment":[{"href":"https:\/\/www.latourpourtous.fr\/index.php\/wp-json\/wp\/v2\/media?parent=1426"}],"wp:term":[{"taxonomy":"category","embeddable":true,"href":"https:\/\/www.latourpourtous.fr\/index.php\/wp-json\/wp\/v2\/categories?post=1426"},{"taxonomy":"post_tag","embeddable":true,"href":"https:\/\/www.latourpourtous.fr\/index.php\/wp-json\/wp\/v2\/tags?post=1426"}],"curies":[{"name":"wp","href":"https:\/\/api.w.org\/{rel}","templated":true}]}}