{"id":1348,"date":"2018-06-15T15:30:41","date_gmt":"2018-06-15T13:30:41","guid":{"rendered":"http:\/\/latour.bessone.fr\/?p=1348"},"modified":"2021-02-02T14:44:08","modified_gmt":"2021-02-02T13:44:08","slug":"assemblee-generale-1er-juin","status":"publish","type":"post","link":"https:\/\/www.latourpourtous.fr\/index.php\/2018\/06\/15\/assemblee-generale-1er-juin\/","title":{"rendered":"Assembl\u00e9e g\u00e9n\u00e9rale du 1er juin 2018"},"content":{"rendered":"<p><span style=\"font-size: large;\">Vendredi 1er Juin a eu lieu au <a href=\"http:\/\/www.domaine-la-castelette.fr\">domaine de La Castelette<\/a> la 5\u00e8me Assembl\u00e9e G\u00e9n\u00e9rale de La Tour d&rsquo;Aigues Pour Tous. Cinq ans, d\u00e9j\u00e0!<\/span><\/p>\n<p><span style=\"font-size: large;\">Une cinquantaine d&rsquo;adh\u00e9rents \u00e9taient r\u00e9unis. Cela peu para\u00eetre peu mais les partis politiques aimeraient certainement bien avoir une centaine d&rsquo;adh\u00e9rents et pouvoir en r\u00e9unir le quorum pour leur AG\u00a0!<\/span><!--more--><\/p>\n<p><span style=\"font-size: large;\">Le rapport moral pr\u00e9sent\u00e9 a permis de rappeler plusieurs points fondamentaux de notre action\u00a0:<\/span><\/p>\n<ul>\n<li><span style=\"font-size: large;\">Personne n&rsquo;avait os\u00e9 se pr\u00e9senter depuis 25 ans contre le clan au pouvoir \u00e0 La Tour d&rsquo;Aigues. Et on oublie souvent qu&rsquo;au d\u00e9but personne n&rsquo;y croyait. Or de nos 31% des voix obtenus il y a 4 ans \u00e0 la majorit\u00e9 il n&rsquo;y a que 300 voix, il ne faut donc surtout pas laisser tomber. <\/span><\/li>\n<li><span style=\"font-size: large;\">Vous avez aussi remarqu\u00e9 que si personne ou presque n&rsquo;osait critiquer le p\u00e8re, depuis quelques ann\u00e9es \u00e7a n&rsquo;est plus la m\u00eame chose pour le fils. <\/span><\/li>\n<li><span style=\"font-size: large;\">Quant \u00e0 l&rsquo;\u00e9tude des dossiers, personne ne s&rsquo;en souciait or il y a maintenant 5 \u00e9lus d&rsquo;opposition, dont 4 de La Tour Pour Tous, et je peux vous dire qu&rsquo;ils ne m\u00e9nagent pas leur peine et participent \u00e0 tout ce qui est possible et leur est ouvert (quand on les pr\u00e9vient ou n&rsquo;oublie pas de les convoquer!). Ils obligent le Maire et ses adjoints \u00e0 faire tr\u00e8s attention \u00e0 ce qu&rsquo;ils disent et font, et nous savons ainsi beaucoup de choses tenues secr\u00e8tes auparavant. <\/span><\/li>\n<li><span style=\"font-size: large;\">Nous avons aussi rappel\u00e9 que nous ne d\u00e9pendons d&rsquo;aucun parti politique. <\/span><\/li>\n<li><span style=\"font-size: large;\">Nous avons propos\u00e9 d\u00e8s le d\u00e9but \u00e0 tous ceux qui n&rsquo;\u00e9taient motiv\u00e9s que par le seul int\u00e9r\u00eat du village et de notre communaut\u00e9 de communes de nous rejoindre, qu&rsquo;ils soient de gauche mais pas d&rsquo;extr\u00eame, de droite, mais pas d&rsquo;extr\u00eame, ou du centre. Nous avons ainsi fait du \u00abMacron\u00bb 3 ans avant&#8230;<\/span><\/li>\n<li><span style=\"font-size: large;\">Nous ne vivons pas de la politique dont c&rsquo;est pour certains la seule activit\u00e9. Nous avons les uns et les autres d&rsquo;autres occupations (famille, travail, activit\u00e9s associatives). Cela n&rsquo;est pas une tare mais au contraire notre qualit\u00e9, et \u00e0 nous de compenser cette disponibilit\u00e9 non permanente par notre nombre et par l&rsquo; union.<\/span><\/li>\n<\/ul>\n<p><span style=\"font-size: large;\">Il faut donc continuer \u00e0 s&rsquo;ouvrir \u00e0 tous, et accepter de faire ce chemin avec d&rsquo;autres, avec lesquels nous ne sommes pas forc\u00e9ment d&rsquo;accord sur tout en politique, mais qui veulent comme nous que \u00e7a change ici. <\/span><\/p>\n<p><span style=\"font-size: large;\">Nous devons \u00eatre rassembleur et pas clivant.<\/span><\/p>\n<p><span style=\"font-size: large;\">Nous ne faisons pas parti pas des politiciens populistes qui n&rsquo;h\u00e9sitent pas \u00e0 dire ce que les gens veulent entendre m\u00eame si c&rsquo;est impossible.<\/span><\/p>\n<p><span style=\"font-size: large;\">Le meilleur exemple en a \u00e9t\u00e9 la gendarmerie: une nouvelle gendarmerie \u00e9tait d\u00e9j\u00e0 acquise aupr\u00e8s du ministre c&rsquo;\u00e9tait s\u00fbr et jur\u00e9 par le maire sortant pendant la derni\u00e8re campagne; et tous savent maintenant que la gendarmerie se fera \u00e0 Pertuis, comme nous l&rsquo;avions dit.<\/span><\/p>\n<p><span style=\"font-size: large;\">De m\u00eame\u00a0pour la d\u00e9chetterie: la moiti\u00e9 ou presque du budget des d\u00e9chets \u00e0 Cotelub sert \u00e0 financer les accords pass\u00e9s avec les d\u00e9chetterie de Pertuis et de Vaugines dont nous avons toujours besoin, comme nous l&rsquo;avions dit.<\/span><\/p>\n<p><span style=\"font-size: large;\">Les non-dits doivent aussi \u00eatre soulev\u00e9s: sur quoi va aboutir la voie de d\u00e9rivation de l&rsquo;Ourgouse? Est-ce une d\u00e9viation secr\u00e8te par la voie du long mur qui sera alors requalifi\u00e9e? Est-ce qu&rsquo;on ne le dit pas pour ne pas se mettre \u00e0 dos des \u00e9lecteurs? Si non alors \u00e0 quoi sert la voie de d\u00e9rivation? Et si oui quel est le plan de circulation pr\u00e9vu? Il y en a-t-il seulement un\u00a0! <\/span><\/p>\n<p><span style=\"font-size: large;\">A nous de redire encore que le maire actuel refuse obstin\u00e9ment notre demande de Commission d&rsquo;Urbanisme et d&rsquo;Appels d&rsquo;offres et March\u00e9s publics. Pourquoi? Y a-t-il quelque chose \u00e0 cacher?<\/span><\/p>\n<p><span style=\"font-size: large;\">A ce sujet la consultation publique pour le nouveau PLU est ouverte en Mairie jusqu&rsquo;au 13 Juillet. Nous vous engageons vivement \u00e0 vous rendre en Mairie pour poser ou \u00e9crire vos questions, ou demander communication du texte ce qui est l\u00e9gal.<\/span><\/p>\n<p><span style=\"font-size: large;\">A nous d&rsquo;oser critiquer ce qui est pr\u00e9sent\u00e9 comme de grandes r\u00e9ussites soit disant unanimement applaudies:<\/span><\/p>\n<ul>\n<li><span style=\"font-size: large;\">on ne peut pas dire ainsi que l&rsquo;am\u00e9nagement g\u00e9n\u00e9ral du rond point d&rsquo;entr\u00e9e du village soit un succ\u00e8s! La sortie de la rue Medvedowsky sans visibilit\u00e9; l&rsquo;acc\u00e8s au caveau de Val d&rsquo;Eze par dessus un trottoir ? ou est l&rsquo;Office du tourisme? Par quel am\u00e9nagement attractif a-t-on choisi d&rsquo;accueillir les gens dans ce village?<\/span><\/li>\n<li><span style=\"font-size: large;\">de m\u00eame pour la place de l&rsquo;\u00e9glise dont le r\u00e9-am\u00e9nagement se termine par une horreur catastrophique pour les restaurateurs et le tourisme: les 4 colonnes enterr\u00e9es pour les d\u00e9chets \u00e9tant plac\u00e9es pile au centre des 2 terrasses de restauration. Comment peut on avoir une telle id\u00e9e?<\/span><\/li>\n<li><span style=\"font-size: large;\">Il n&rsquo;y a toujours pas de projet d&rsquo;am\u00e9nagement de la Place du Ch\u00e2teau.<\/span><\/li>\n<li><span style=\"font-size: large;\">La p\u00e9pini\u00e8re d&rsquo;entreprises de Cotelub (1.000.000\u20ac investi) n&rsquo;a plus que 2 bureaux \u00e0 proposer, les autres ont \u00e9t\u00e9 pris par les employ\u00e9s territoriaux; qui le sait?<\/span><\/li>\n<li><span style=\"font-size: large;\">Et ou sont les transports publics de proximit\u00e9 pour emmener les gens au march\u00e9 le mardi, au foyer l&rsquo;apr\u00e8s-midi, \u00e0 Pertuis le vendredi, notamment les plus \u00e2g\u00e9s et les plus d\u00e9munis? etc&#8230;<\/span><\/li>\n<\/ul>\n<p><span style=\"font-size: large;\">Le nombre et l&rsquo;union de tous ceux que l&rsquo;on pourra convaincre de nous rejoindre sont indispensables. Il faut y travailler tous ensemble. Des plus jeunes et des nouveaux ont fait leur entr\u00e9e dans notre bureau (Herv\u00e9 Bessone, nouveau vice-Pr\u00e9sident de l&rsquo;association, et Philippe Grospellier). Il faut nous y mettre d\u00e8s aujourd&rsquo;hui si nous voulons que \u00e7a marche la prochaine fois. Il faut y croire car rien n&rsquo;est impossible en politique (qui aurait pari\u00e9 18 mois avant l&rsquo;\u00e9lection pr\u00e9sidentielle sur la victoire de celui qui a gagn\u00e9?).<\/span><\/p>\n<p>&nbsp;<\/p>\n","protected":false},"excerpt":{"rendered":"<p>Vendredi 1er Juin a eu lieu au domaine de La Castelette la 5\u00e8me Assembl\u00e9e G\u00e9n\u00e9rale de La Tour d&rsquo;Aigues Pour Tous. Cinq ans, d\u00e9j\u00e0! Une cinquantaine d&rsquo;adh\u00e9rents \u00e9taient r\u00e9unis. Cela peu para\u00eetre peu mais les partis politiques aimeraient certainement bien avoir une centaine d&rsquo;adh\u00e9rents et pouvoir en r\u00e9unir le quorum pour leur AG\u00a0!<\/p>\n","protected":false},"author":1,"featured_media":1351,"comment_status":"closed","ping_status":"open","sticky":false,"template":"","format":"standard","meta":{"neve_meta_sidebar":"","neve_meta_container":"","neve_meta_enable_content_width":"","neve_meta_content_width":0,"neve_meta_title_alignment":"","neve_meta_author_avatar":"","neve_post_elements_order":"","neve_meta_disable_header":"","neve_meta_disable_footer":"","neve_meta_disable_title":"","footnotes":""},"categories":[1,9],"tags":[],"class_list":["post-1348","post","type-post","status-publish","format-standard","has-post-thumbnail","hentry","category-non-classe","category-vie-de-lassociation"],"_links":{"self":[{"href":"https:\/\/www.latourpourtous.fr\/index.php\/wp-json\/wp\/v2\/posts\/1348","targetHints":{"allow":["GET"]}}],"collection":[{"href":"https:\/\/www.latourpourtous.fr\/index.php\/wp-json\/wp\/v2\/posts"}],"about":[{"href":"https:\/\/www.latourpourtous.fr\/index.php\/wp-json\/wp\/v2\/types\/post"}],"author":[{"embeddable":true,"href":"https:\/\/www.latourpourtous.fr\/index.php\/wp-json\/wp\/v2\/users\/1"}],"replies":[{"embeddable":true,"href":"https:\/\/www.latourpourtous.fr\/index.php\/wp-json\/wp\/v2\/comments?post=1348"}],"version-history":[{"count":1,"href":"https:\/\/www.latourpourtous.fr\/index.php\/wp-json\/wp\/v2\/posts\/1348\/revisions"}],"predecessor-version":[{"id":1548,"href":"https:\/\/www.latourpourtous.fr\/index.php\/wp-json\/wp\/v2\/posts\/1348\/revisions\/1548"}],"wp:featuredmedia":[{"embeddable":true,"href":"https:\/\/www.latourpourtous.fr\/index.php\/wp-json\/wp\/v2\/media\/1351"}],"wp:attachment":[{"href":"https:\/\/www.latourpourtous.fr\/index.php\/wp-json\/wp\/v2\/media?parent=1348"}],"wp:term":[{"taxonomy":"category","embeddable":true,"href":"https:\/\/www.latourpourtous.fr\/index.php\/wp-json\/wp\/v2\/categories?post=1348"},{"taxonomy":"post_tag","embeddable":true,"href":"https:\/\/www.latourpourtous.fr\/index.php\/wp-json\/wp\/v2\/tags?post=1348"}],"curies":[{"name":"wp","href":"https:\/\/api.w.org\/{rel}","templated":true}]}}