{"id":1345,"date":"2018-01-15T15:28:53","date_gmt":"2018-01-15T14:28:53","guid":{"rendered":"http:\/\/latour.bessone.fr\/?p=1345"},"modified":"2021-02-02T14:44:08","modified_gmt":"2021-02-02T13:44:08","slug":"bonne-annee-2018","status":"publish","type":"post","link":"https:\/\/www.latourpourtous.fr\/index.php\/2018\/01\/15\/bonne-annee-2018\/","title":{"rendered":"Bonne Ann\u00e9e 2018"},"content":{"rendered":"<p>Quelle ann\u00e9e 2017 mes amis ! Et qu&rsquo;en retiendrons-nous au profit de la nouvelle?<!--more--><\/p>\n<p>Une \u00e9lection pr\u00e9sidentielle inattendue qui a vu la faillite des grands partis traditionnels, \u00e9limin\u00e9s \u00e0 partir de primaires d\u00e9l\u00e9t\u00e8res, et l&rsquo;\u00e9lection du plus jeune pr\u00e9sident qu&rsquo;ait connu notre r\u00e9publique. Souhaitons-lui bonne chance pour la France et les Fran\u00e7ais !<\/p>\n<p>Des \u00e9lections l\u00e9gislatives qui ont entra\u00een\u00e9 l&rsquo;\u00e9limination d&rsquo;un grand nombre d&rsquo;\u00e9lus depuis trop longtemps accroch\u00e9s \u00e0 leurs mandats, remplac\u00e9s par de jeunes nouveaux. Souhaitons-leur bonne chance aussi!<\/p>\n<p>Les t\u00e9moignages de femmes, ou d&rsquo;hommes, qui ont eu \u00e0 subir un jour l&rsquo;inacceptable et qui ont os\u00e9 t\u00e9moigner parce qu&rsquo;enfin la protection due est aujourd&rsquo;hui un droit.<\/p>\n<p>La disparition de Simone Veil: \u00ab Notre h\u00e9ritage est l\u00e0, entre vos mains, dans votre r\u00e9flexion et dans votre c\u0153ur, dans votre intelligence et votre sensibilit\u00e9. Il vous appartient que la vigilance ne soit pas un vain mot, un appel qui r\u00e9sonne dans le vide de consciences endormies. Ce monde est le v\u00f4tre. Les cendres d&rsquo;Auschwitz lui servent de terreau\u00bb. Souhaitons-nous de ne pas l&rsquo;oublier !<\/p>\n<p>La disparition de Jean d&rsquo;Ormesson: \u00ab On passe quand m\u00eame tr\u00e8s peu de temps ici, non? Ca va tr\u00e8s vite, alors autant en profiter. Autant essayer d&rsquo;\u00eatre heureux, et de t\u00e2cher de rendre les autres heureux\u00bb. Souhaitons-nous de nous le rappeler souvent!<\/p>\n<p>La disparition de Johnny: Souhaitons-nous aussi de continuer \u00e0 chanter et danser sur \u00abtoute la musique que j&rsquo;aime\u00bb !<\/p>\n<p>N&rsquo;ont par contre pas disparu en cette fin d&rsquo;ann\u00e9e les int\u00e9gristes de tous poil, et aujourd&rsquo;hui ceux de la la\u00efcit\u00e9 qui veulent interdire les cr\u00e8ches publiques, symboles d&rsquo;une tradition culturelle vieille de 2000 ans. Ceux-la m\u00eame qui se r\u00e9volteraient si on leur enlevait leur jour f\u00e9ri\u00e9 de No\u00ebl, du dimanche et du lundi de P\u00e2ques, du jeudi de l&rsquo;Ascension et du lundi de Pentec\u00f4te. Pauvre la\u00efcit\u00e9 \u00e0 son tour d\u00e9voy\u00e9e!<\/p>\n<p>Et on pourrait ajouter d&rsquo;autres exemples grotesques de tentatives\u00a0 pour imposer une pens\u00e9e unique, comme celui de la maire de Paris voulant remplacer \u00abpatrimoine\u00bb par \u00abmatrimoine\u00bb! Ou jusqu&rsquo;o\u00f9 peut aller le ridicule&#8230;<\/p>\n<p>Souhaitons-nous que ces extr\u00e9mistes nous fichent enfin la paix pour une nouvelle ann\u00e9e heureuse et sereine pour tous, dans la libert\u00e9 de pens\u00e9e et de choix pour chacun. Souhaitons aussi qu&rsquo;\u00e0 La Tour d&rsquo;Aigues l&rsquo;esprit de clan finisse par dispara\u00eetre au profit d&rsquo;une vraie d\u00e9mocratie participative.<\/p>\n<p>Bonne ann\u00e9e \u00e0 tous!<\/p>\n<p>Antoine Medvedowsky<\/p>\n","protected":false},"excerpt":{"rendered":"<p>Quelle ann\u00e9e 2017 mes amis ! Et qu&rsquo;en retiendrons-nous au profit de la nouvelle?<\/p>\n","protected":false},"author":1,"featured_media":1357,"comment_status":"closed","ping_status":"open","sticky":false,"template":"","format":"standard","meta":{"neve_meta_sidebar":"","neve_meta_container":"","neve_meta_enable_content_width":"","neve_meta_content_width":0,"neve_meta_title_alignment":"","neve_meta_author_avatar":"","neve_post_elements_order":"","neve_meta_disable_header":"","neve_meta_disable_footer":"","neve_meta_disable_title":"","footnotes":""},"categories":[5,1],"tags":[],"class_list":["post-1345","post","type-post","status-publish","format-standard","has-post-thumbnail","hentry","category-editos","category-non-classe"],"_links":{"self":[{"href":"https:\/\/www.latourpourtous.fr\/index.php\/wp-json\/wp\/v2\/posts\/1345","targetHints":{"allow":["GET"]}}],"collection":[{"href":"https:\/\/www.latourpourtous.fr\/index.php\/wp-json\/wp\/v2\/posts"}],"about":[{"href":"https:\/\/www.latourpourtous.fr\/index.php\/wp-json\/wp\/v2\/types\/post"}],"author":[{"embeddable":true,"href":"https:\/\/www.latourpourtous.fr\/index.php\/wp-json\/wp\/v2\/users\/1"}],"replies":[{"embeddable":true,"href":"https:\/\/www.latourpourtous.fr\/index.php\/wp-json\/wp\/v2\/comments?post=1345"}],"version-history":[{"count":1,"href":"https:\/\/www.latourpourtous.fr\/index.php\/wp-json\/wp\/v2\/posts\/1345\/revisions"}],"predecessor-version":[{"id":1549,"href":"https:\/\/www.latourpourtous.fr\/index.php\/wp-json\/wp\/v2\/posts\/1345\/revisions\/1549"}],"wp:featuredmedia":[{"embeddable":true,"href":"https:\/\/www.latourpourtous.fr\/index.php\/wp-json\/wp\/v2\/media\/1357"}],"wp:attachment":[{"href":"https:\/\/www.latourpourtous.fr\/index.php\/wp-json\/wp\/v2\/media?parent=1345"}],"wp:term":[{"taxonomy":"category","embeddable":true,"href":"https:\/\/www.latourpourtous.fr\/index.php\/wp-json\/wp\/v2\/categories?post=1345"},{"taxonomy":"post_tag","embeddable":true,"href":"https:\/\/www.latourpourtous.fr\/index.php\/wp-json\/wp\/v2\/tags?post=1345"}],"curies":[{"name":"wp","href":"https:\/\/api.w.org\/{rel}","templated":true}]}}