{"id":123,"date":"2014-05-01T18:45:21","date_gmt":"2014-05-01T16:45:21","guid":{"rendered":"http:\/\/latourdaiguespourtous.fr\/WordPress3\/?p=123"},"modified":"2021-02-02T14:45:49","modified_gmt":"2021-02-02T13:45:49","slug":"pourquoi-je-ne-siege-pas-au-conseil-municipal-par-antoine-medvedowsky","status":"publish","type":"post","link":"https:\/\/www.latourpourtous.fr\/index.php\/2014\/05\/01\/pourquoi-je-ne-siege-pas-au-conseil-municipal-par-antoine-medvedowsky\/","title":{"rendered":"Pourquoi je ne si\u00e8ge pas au conseil municipal ? (par Antoine Medvedowsky)"},"content":{"rendered":"<p><em>Il semble que je doive quelques explications pour le fait de n&rsquo;\u00eatre pas all\u00e9 si\u00e9ger moi m\u00eame au conseil municipal et que certains n&rsquo;ont pas compris.<\/em><\/p>\n<p><!--more--><\/p>\n<p>D&rsquo;abord je rappelle que j&rsquo;y suis d\u00e9j\u00e0 all\u00e9 il y a 13 ans et que j&rsquo;y ai si\u00e9g\u00e9 pendant 7 ans. A l&rsquo;\u00e9poque j&rsquo;ai commenc\u00e9 dans l&rsquo;\u00e9quipe au pouvoir, la seule qui existait, et comme j&rsquo;y ai cru et pour \u00eatre coh\u00e9rent, j&rsquo;avais m\u00eame pris la carte de ce parti. Puis j&rsquo;ai progressivement d\u00e9couvert, non pas de la part des militants mais de la part des responsables, la trahison des id\u00e9es, des id\u00e9aux, et la malhonn\u00eatet\u00e9 intellectuelle.<\/p>\n<p>Je n&rsquo;ai pas alors d\u00e9missionn\u00e9 car je n&rsquo;ai jamais d\u00e9missionn\u00e9 d&rsquo;une fonction engag\u00e9e, \u00e7a n&rsquo;est pas dans mes habitudes. J&rsquo;ai tenu mon mandat jusqu&rsquo;au bout, en devenant progressivement critique, puis oppos\u00e9 aux responsables de l&rsquo;\u00e9quipe, jusqu&rsquo;\u00e0 rendre ma carte un an avant la fin et \u00e0 subir un proc\u00e8s \u00ab\u00a0stalinien\u00a0\u00bb en plein conseil municipal de la part du maire d&rsquo;alors. Donc \u00e0 ce niveau j&rsquo;ai d\u00e9j\u00e0 donn\u00e9.<\/p>\n<p>Tous ont bien compris que cette fois je ne me suis pas pr\u00e9sent\u00e9 pour \u00eatre \u00e0 nouveau conseiller municipal d&rsquo;opposition mais bien pour \u00eatre Maire pour La Tour d&rsquo;Aigues, d\u00e9sign\u00e9 par mes colistiers comme chef d&rsquo;une \u00e9quipe pour cela.<\/p>\n<p>Refaire maintenant le m\u00eame parcours qu&rsquo;il y a 13 ans n&rsquo;aurait pas eu de sens. N&rsquo;oublions pas que le syst\u00e8me actuel n&rsquo;offre que 20% des si\u00e8ges \u00e0 la minorit\u00e9 qui a pourtant eu 39% des voix et lui enl\u00e8ve donc tout pouvoir.<\/p>\n<p>Les plus jeunes que moi ont tout \u00e0 gagner \u00e0 se frotter \u00e0 ce travail quotidien d&rsquo;\u00e9tude des dossiers et de participation aux commissions que j&rsquo;avais d\u00e9j\u00e0 fait \u00e0 leur place. Ils vont s&rsquo;exercer \u00e0 la t\u00e2che et ils seront d&rsquo;aussi bons conseillers d&rsquo;opposition que je l&rsquo;aurais \u00e9t\u00e9 moi m\u00eame.<\/p>\n<p>Nos 4 \u00e9lus ont toutes les capacit\u00e9s pour ce travail, et ils ont toute ma confiance et mon appui pour cela.<\/p>\n<p>Pour ma part je serai beaucoup plus utile au dehors, sur le terrain, dans l&rsquo;animation de notre association, avec une libert\u00e9 de parole totale que m&rsquo;aurait emp\u00each\u00e9 la fonction\u00a0.<\/p>\n<p>Nous aurons ainsi, avec le bureau de notre association et le groupe des experts r\u00e9f\u00e9rents qui l&rsquo;accompagne, servant de lien entre la population et nos \u00e9lus, tout le temps d&rsquo;aider les plus jeunes \u00e0 pr\u00e9parer l&rsquo;alternance future; car celle ci se fera t\u00f4t ou tard\u00a0; n&rsquo;en doutez pas\u00a0!<\/p>\n<p>Antoine Medvedowsky<\/p>\n","protected":false},"excerpt":{"rendered":"<p>Il semble que je doive quelques explications pour le fait de n&rsquo;\u00eatre pas all\u00e9 si\u00e9ger moi m\u00eame au conseil municipal et que certains n&rsquo;ont pas compris.<\/p>\n","protected":false},"author":1,"featured_media":0,"comment_status":"closed","ping_status":"open","sticky":false,"template":"","format":"standard","meta":{"neve_meta_sidebar":"","neve_meta_container":"","neve_meta_enable_content_width":"","neve_meta_content_width":0,"neve_meta_title_alignment":"","neve_meta_author_avatar":"","neve_post_elements_order":"","neve_meta_disable_header":"","neve_meta_disable_footer":"","neve_meta_disable_title":"","footnotes":""},"categories":[3],"tags":[],"class_list":["post-123","post","type-post","status-publish","format-standard","hentry","category-vie-municipale"],"_links":{"self":[{"href":"https:\/\/www.latourpourtous.fr\/index.php\/wp-json\/wp\/v2\/posts\/123","targetHints":{"allow":["GET"]}}],"collection":[{"href":"https:\/\/www.latourpourtous.fr\/index.php\/wp-json\/wp\/v2\/posts"}],"about":[{"href":"https:\/\/www.latourpourtous.fr\/index.php\/wp-json\/wp\/v2\/types\/post"}],"author":[{"embeddable":true,"href":"https:\/\/www.latourpourtous.fr\/index.php\/wp-json\/wp\/v2\/users\/1"}],"replies":[{"embeddable":true,"href":"https:\/\/www.latourpourtous.fr\/index.php\/wp-json\/wp\/v2\/comments?post=123"}],"version-history":[{"count":1,"href":"https:\/\/www.latourpourtous.fr\/index.php\/wp-json\/wp\/v2\/posts\/123\/revisions"}],"predecessor-version":[{"id":1901,"href":"https:\/\/www.latourpourtous.fr\/index.php\/wp-json\/wp\/v2\/posts\/123\/revisions\/1901"}],"wp:attachment":[{"href":"https:\/\/www.latourpourtous.fr\/index.php\/wp-json\/wp\/v2\/media?parent=123"}],"wp:term":[{"taxonomy":"category","embeddable":true,"href":"https:\/\/www.latourpourtous.fr\/index.php\/wp-json\/wp\/v2\/categories?post=123"},{"taxonomy":"post_tag","embeddable":true,"href":"https:\/\/www.latourpourtous.fr\/index.php\/wp-json\/wp\/v2\/tags?post=123"}],"curies":[{"name":"wp","href":"https:\/\/api.w.org\/{rel}","templated":true}]}}