{"id":119,"date":"2014-08-28T16:30:25","date_gmt":"2014-08-28T14:30:25","guid":{"rendered":"http:\/\/latourdaiguespourtous.fr\/WordPress3\/?p=119"},"modified":"2021-02-02T14:44:55","modified_gmt":"2021-02-02T13:44:55","slug":"conseil-municipal-du-10-juillet-2014","status":"publish","type":"post","link":"https:\/\/www.latourpourtous.fr\/index.php\/2014\/08\/28\/conseil-municipal-du-10-juillet-2014\/","title":{"rendered":"Conseil municipal du 10 juillet 2014"},"content":{"rendered":"<p lang=\"\" align=\"left\"><em><strong>Compte rendu de <\/strong><\/em><em><strong>La Tour d\u2019Aigues pour Tous<\/strong><\/em><\/p>\n<p><em><strong>En pr\u00e9ambule<\/strong><\/em>, Notre \u00e9lu Guigui OLIVE remarque oralement\u00a0 que le compte-rendu du pr\u00e9c\u00e9dent conseil, pr\u00e9sent\u00e9 ce jour \u00e0 la signature des \u00e9lus, ne comporte pas toutes les questions pos\u00e9es par le groupe <em class=\"bleu\"><strong>La Tour d\u2019Aigues pour Tous<\/strong><\/em>. Le maire r\u00e9pond qu&rsquo;il ne peut y avoir de relev\u00e9 d\u00e9taill\u00e9 des d\u00e9bats.<\/p>\n<p>Notre groupe retient qu\u2019\u00e0 l&rsquo;avenir, il faudra poser ses questions par \u00e9crit.<!--more--><\/p>\n<p>Voici les points importants que notre groupe a retenu de ce conseil :<\/p>\n<p><em><strong>Point<\/strong><\/em><em><strong> 1 \u2013 Plan d\u2019occupation des sols<\/strong><\/em><br \/>\nLes \u00e9lus de <em class=\"bleu\"><strong>La Tour d\u2019Aigues pour Tous<\/strong><\/em> souhaitent savoir si des parcelles changent de classement de zonage dans la modification du Plan d\u2019occupation des sols li\u00e9e au projet de d\u00e9rivation du vallon de l&rsquo;Ourgouse.<\/p>\n<p>Le maire semble ne pas comprendre la question et ironise sur la soit-disant m\u00e9connaissance de nos \u00e9lus concernant ce dossier qui a \u00e9t\u00e9 rendu public il y a plus d&rsquo;un an.<\/p>\n<p>Pour ne pas appara\u00eetre comme voulant bloquer le projet, <strong>nos \u00e9lus ont vot\u00e9 POUR<\/strong> , mais d\u00e9cident de reformuler par \u00e9crit la question que le maire semble ne pas avoir comprise.<\/p>\n<p><em><strong>Point 3 \u2013 Plan Local d\u2019Urbanisme<\/strong><\/em><br \/>\nNous sommes conscients de la n\u00e9cessit\u00e9 de conserver pour l\u2019heure la comp\u00e9tence municipale concernant l\u2019urbanisme. La logique voudrait que la commune dispose donc d\u2019une commission d\u2019urbanisme. Le maire refusant cette cr\u00e9ation,<br \/>\n<strong class=\"bleu\">Nos \u00e9lus votent CONTRE la proposition du maire.<\/strong><\/p>\n<p><em><strong>Point 8 \u2013 vote du R\u00e8glement Int\u00e9rieur<\/strong><\/em><br \/>\nTrois amendements ont \u00e9t\u00e9 d\u00e9pos\u00e9s par notre groupe avant le Conseil Municipal.<\/p>\n<ul>\n<li>Concernant les questions orales et \u00e9crites lors des Conseils Municipaux, le maire confirme qu\u2019elles ne concernent pas l\u2019ordre du jour, sur lequel la discussion reste ouverte et libre \u00e0 tout moment. Elles restent au nombre de 3 par Conseil Municipal, mais le maire s&rsquo;engage \u00e0 rester \u00ab\u00a0souple\u00a0\u00bb et \u00e0 ne pas bloquer l\u2019opposition.<\/li>\n<li>Le maire ne veut pas de commission d\u2019urbanisme et de commission march\u00e9s publics. Il signale que la commission d\u2019urbanisme n\u2019est pas obligatoire et que la commission march\u00e9s publics n\u2019a jamais lieu d\u2019\u00eatre au regard des montants concern\u00e9s.<\/li>\n<li>Le maire consid\u00e8re que l\u2019espace d\u2019une page est suffisant pour l\u2019expression politique dans le <em>Fil de l\u2019Eze<\/em>. Il reste donc ferme sur l\u2019octroi d&rsquo;1\/4 de page pour notre groupe \u00ab\u00a0<em class=\"bleu\"><strong>La Tour d\u2019Aigues pour Tous<\/strong><\/em>\u00a0\u00bb et d\u2019 1\/8 de page pour le groupe \u00ab\u00a0le Vrai Changement\u00a0\u00bb<br \/>\n<strong class=\"bleu\">Nos \u00e9lus se sont ABSTENUS<\/strong><\/li>\n<\/ul>\n<p><em><strong>Point<\/strong><\/em><em><strong> 14 \u2013 convention Etablissement Public Foncier R\u00e9gional (EPFR)<\/strong><\/em><br \/>\nLa nouvelle convention pass\u00e9e avec l\u2019EPFR triple les montants que la commune s\u2019engage \u00e0 financer d\u2019ici d\u00e9cembre 2015.<br \/>\nMalgr\u00e9 les explications donn\u00e9es par le maire, le groupe<em class=\"bleu\"><strong> La Tour d\u2019Aigues pour Tous<\/strong><\/em>ne comprend toujours pas pourquoi on passe 0,5 M\u20ac \u00e0 1,5 M\u20ac.<br \/>\nNe voulant pas bloquer les \u00e9ventuels projets d\u2019am\u00e9nagement de la zone sud du village,<strong class=\"bleu\"> nos \u00e9lus ont vot\u00e9 POUR\u00a0<\/strong> <strong>mais pr\u00e9senteront une question \u00e9crite<\/strong> concernant les objectifs g\u00e9n\u00e9raux et particuliers de ce projet.<\/p>\n","protected":false},"excerpt":{"rendered":"<p>Compte rendu de La Tour d\u2019Aigues pour Tous En pr\u00e9ambule, Notre \u00e9lu Guigui OLIVE remarque oralement\u00a0 que le compte-rendu du pr\u00e9c\u00e9dent conseil, pr\u00e9sent\u00e9 ce jour \u00e0 la signature des \u00e9lus, ne comporte pas toutes les questions pos\u00e9es par le groupe La Tour d\u2019Aigues pour Tous. Le maire r\u00e9pond qu&rsquo;il ne peut y avoir de relev\u00e9&hellip;&nbsp;<a href=\"https:\/\/www.latourpourtous.fr\/index.php\/2014\/08\/28\/conseil-municipal-du-10-juillet-2014\/\" rel=\"bookmark\"><span class=\"screen-reader-text\">Conseil municipal du 10 juillet 2014<\/span><\/a><\/p>\n","protected":false},"author":1,"featured_media":0,"comment_status":"closed","ping_status":"open","sticky":false,"template":"","format":"standard","meta":{"neve_meta_sidebar":"","neve_meta_container":"","neve_meta_enable_content_width":"","neve_meta_content_width":0,"neve_meta_title_alignment":"","neve_meta_author_avatar":"","neve_post_elements_order":"","neve_meta_disable_header":"","neve_meta_disable_footer":"","neve_meta_disable_title":"","footnotes":""},"categories":[3],"tags":[],"class_list":["post-119","post","type-post","status-publish","format-standard","hentry","category-vie-municipale"],"_links":{"self":[{"href":"https:\/\/www.latourpourtous.fr\/index.php\/wp-json\/wp\/v2\/posts\/119","targetHints":{"allow":["GET"]}}],"collection":[{"href":"https:\/\/www.latourpourtous.fr\/index.php\/wp-json\/wp\/v2\/posts"}],"about":[{"href":"https:\/\/www.latourpourtous.fr\/index.php\/wp-json\/wp\/v2\/types\/post"}],"author":[{"embeddable":true,"href":"https:\/\/www.latourpourtous.fr\/index.php\/wp-json\/wp\/v2\/users\/1"}],"replies":[{"embeddable":true,"href":"https:\/\/www.latourpourtous.fr\/index.php\/wp-json\/wp\/v2\/comments?post=119"}],"version-history":[{"count":1,"href":"https:\/\/www.latourpourtous.fr\/index.php\/wp-json\/wp\/v2\/posts\/119\/revisions"}],"predecessor-version":[{"id":1883,"href":"https:\/\/www.latourpourtous.fr\/index.php\/wp-json\/wp\/v2\/posts\/119\/revisions\/1883"}],"wp:attachment":[{"href":"https:\/\/www.latourpourtous.fr\/index.php\/wp-json\/wp\/v2\/media?parent=119"}],"wp:term":[{"taxonomy":"category","embeddable":true,"href":"https:\/\/www.latourpourtous.fr\/index.php\/wp-json\/wp\/v2\/categories?post=119"},{"taxonomy":"post_tag","embeddable":true,"href":"https:\/\/www.latourpourtous.fr\/index.php\/wp-json\/wp\/v2\/tags?post=119"}],"curies":[{"name":"wp","href":"https:\/\/api.w.org\/{rel}","templated":true}]}}